{"id":10111,"date":"2026-02-12T10:28:22","date_gmt":"2026-02-12T09:28:22","guid":{"rendered":"https:\/\/projectes.xtec.cat\/usdelallengua\/?p=10111"},"modified":"2026-02-12T10:28:22","modified_gmt":"2026-02-12T09:28:22","slug":"nou-portal-dedicat-a-la-llengua-de-signes-catalana","status":"publish","type":"post","link":"https:\/\/projectes.xtec.cat\/usdelallengua\/general\/nou-portal-dedicat-a-la-llengua-de-signes-catalana\/","title":{"rendered":"Nou portal dedicat a la llengua de signes catalana"},"content":{"rendered":"<p><img loading=\"lazy\" decoding=\"async\" class=\"alignleft size-full wp-image-10112\" src=\"https:\/\/projectes.xtec.cat\/usdelallengua\/wp-content\/uploads\/usu2313\/2026\/02\/curs-CIEMEN-13.png\" alt=\"\" width=\"450\" height=\"200\" srcset=\"https:\/\/projectes.xtec.cat\/usdelallengua\/wp-content\/uploads\/usu2313\/2026\/02\/curs-CIEMEN-13.png 450w, https:\/\/projectes.xtec.cat\/usdelallengua\/wp-content\/uploads\/usu2313\/2026\/02\/curs-CIEMEN-13-300x133.png 300w\" sizes=\"auto, (max-width: 450px) 100vw, 450px\" \/>Els <a href=\"https:\/\/web.ub.edu\/web\/llengua\">Serveis Ling\u00fc\u00edstics de la Universitat de Barcelona<\/a> han publicat un <a href=\"https:\/\/www.ub.edu\/retrucs\/llengua-signes\/\">nou portal<\/a> dedicat a la llengua de signes catalana (LSC), amb l\u2019objectiu d\u2019aglutinar en un \u00fanic espai eines i recursos b\u00e0sics per entendre, sensibilitzar i facilitar la comunicaci\u00f3 amb estudiants sords. Aquesta iniciativa vol contribuir a crear un entorn universitari m\u00e9s inclusiu i respectu\u00f3s amb les persones signants i amb la seva llengua.<\/p>\n<p>El portal neix amb una voluntat divulgativa i formativa. D\u2019una banda, ofereix informaci\u00f3 general sobre les caracter\u00edstiques del sistema ling\u00fc\u00edstic de la LSC, que permet entendre\u2019n l\u2019estructura, el funcionament i la riquesa. De l\u2019altra, posa a disposici\u00f3 de la comunitat universit\u00e0ria cursos de formaci\u00f3 i d\u2019autoformaci\u00f3 adre\u00e7ats a totes aquelles persones interessades a adquirir compet\u00e8ncies b\u00e0siques en aquesta llengua.<\/p>\n<p>A m\u00e9s, el nou espai digital recull diverses eines i recursos ling\u00fc\u00edstics de car\u00e0cter gramatical, l\u00e8xic i terminol\u00f2gic, que poden ser d\u2019utilitat tant per a docents com per a alumnat i personal d\u2019administraci\u00f3 i serveis. El portal tamb\u00e9 inclou una selecci\u00f3 de mitjans i xarxes socials que contribueixen a donar visibilitat a la llengua de signes catalana i a la comunitat que la fa servir.<\/p>\n<p>Com a contingut de creaci\u00f3 pr\u00f2pia especialment destacat, cal subratllar la publicaci\u00f3 a l\u2019UBTERM d\u2019una seixantena de termes matem\u00e0tics signats en LSC. Aquesta iniciativa t\u00e9 com a objectiu dotar la llengua de signes catalana d\u2019una terminologia matem\u00e0tica de refer\u00e8ncia, validada per especialistes i accessible per a tothom. Es tracta d\u2019un pas important en l\u2019estandarditzaci\u00f3 i consolidaci\u00f3 de recursos terminol\u00f2gics en LSC dins l\u2019\u00e0mbit universitari.<\/p>\n<p>Feu-hi una ullada, segur que hi trobareu idees i recursos interessants!<\/p>\n","protected":false},"excerpt":{"rendered":"<p>Els <a href=\"https:\/\/web.ub.edu\/web\/llengua\">Serveis Ling\u00fc\u00edstics de la Universitat de Barcelona<\/a> han publicat un <a href=\"https:\/\/www.ub.edu\/retrucs\/llengua-signes\/\">nou portal<\/a> dedicat a la llengua de signes catalana (LSC), amb l\u2019objectiu d\u2019aglutinar en un \u00fanic espai eines i recursos b\u00e0sics per entendre, sensibilitzar i facilitar la comunicaci\u00f3 amb estudiants sords. Aquesta&hellip;  <a href=\"https:\/\/projectes.xtec.cat\/usdelallengua\/general\/nou-portal-dedicat-a-la-llengua-de-signes-catalana\/\" title=\"Read Nou portal dedicat a la llengua de signes catalana\">Llegeix m\u00e9s\u00bb<\/a><\/p>\n","protected":false},"author":1,"featured_media":10112,"comment_status":"closed","ping_status":"closed","sticky":false,"template":"","format":"standard","meta":{"_bbp_topic_count":0,"_bbp_reply_count":0,"_bbp_total_topic_count":0,"_bbp_total_reply_count":0,"_bbp_voice_count":0,"_bbp_anonymous_reply_count":0,"_bbp_topic_count_hidden":0,"_bbp_reply_count_hidden":0,"_bbp_forum_subforum_count":0,"footnotes":""},"categories":[1,29,309],"tags":[505],"class_list":["post-10111","post","type-post","status-publish","format-standard","has-post-thumbnail","hentry","category-general","category-portada","category-recursos-didactics","tag-llengua-de-signes-catalana"],"post_mailing_queue_ids":[],"_links":{"self":[{"href":"https:\/\/projectes.xtec.cat\/usdelallengua\/wp-json\/wp\/v2\/posts\/10111","targetHints":{"allow":["GET"]}}],"collection":[{"href":"https:\/\/projectes.xtec.cat\/usdelallengua\/wp-json\/wp\/v2\/posts"}],"about":[{"href":"https:\/\/projectes.xtec.cat\/usdelallengua\/wp-json\/wp\/v2\/types\/post"}],"author":[{"embeddable":true,"href":"https:\/\/projectes.xtec.cat\/usdelallengua\/wp-json\/wp\/v2\/users\/1"}],"replies":[{"embeddable":true,"href":"https:\/\/projectes.xtec.cat\/usdelallengua\/wp-json\/wp\/v2\/comments?post=10111"}],"version-history":[{"count":1,"href":"https:\/\/projectes.xtec.cat\/usdelallengua\/wp-json\/wp\/v2\/posts\/10111\/revisions"}],"predecessor-version":[{"id":10113,"href":"https:\/\/projectes.xtec.cat\/usdelallengua\/wp-json\/wp\/v2\/posts\/10111\/revisions\/10113"}],"wp:featuredmedia":[{"embeddable":true,"href":"https:\/\/projectes.xtec.cat\/usdelallengua\/wp-json\/wp\/v2\/media\/10112"}],"wp:attachment":[{"href":"https:\/\/projectes.xtec.cat\/usdelallengua\/wp-json\/wp\/v2\/media?parent=10111"}],"wp:term":[{"taxonomy":"category","embeddable":true,"href":"https:\/\/projectes.xtec.cat\/usdelallengua\/wp-json\/wp\/v2\/categories?post=10111"},{"taxonomy":"post_tag","embeddable":true,"href":"https:\/\/projectes.xtec.cat\/usdelallengua\/wp-json\/wp\/v2\/tags?post=10111"}],"curies":[{"name":"wp","href":"https:\/\/api.w.org\/{rel}","templated":true}]}}