{"id":10114,"date":"2026-02-27T10:49:54","date_gmt":"2026-02-27T09:49:54","guid":{"rendered":"https:\/\/projectes.xtec.cat\/usdelallengua\/?p=10114"},"modified":"2026-02-27T10:49:54","modified_gmt":"2026-02-27T09:49:54","slug":"concurs-de-nanorelats-2026","status":"publish","type":"post","link":"https:\/\/projectes.xtec.cat\/usdelallengua\/general\/concurs-de-nanorelats-2026\/","title":{"rendered":"Concurs de nanorelats 2026"},"content":{"rendered":"<p><img loading=\"lazy\" decoding=\"async\" class=\"alignleft size-full wp-image-10115\" src=\"https:\/\/projectes.xtec.cat\/usdelallengua\/wp-content\/uploads\/usu2313\/2026\/02\/concurs-de-nanorelats.png\" alt=\"\" width=\"450\" height=\"200\" srcset=\"https:\/\/projectes.xtec.cat\/usdelallengua\/wp-content\/uploads\/usu2313\/2026\/02\/concurs-de-nanorelats.png 450w, https:\/\/projectes.xtec.cat\/usdelallengua\/wp-content\/uploads\/usu2313\/2026\/02\/concurs-de-nanorelats-300x133.png 300w\" sizes=\"auto, (max-width: 450px) 100vw, 450px\" \/>En el marc del <strong>XI Festival de Nanoci\u00e8ncia i Nanotecnologia 10alamenos9<\/strong>, la Universitat de Barcelona, juntament amb altres institucions col\u00b7laboradores, impulsa una nova edici\u00f3 del <strong><a href=\"https:\/\/www.ub.edu\/idp\/web\/ca\/noticies\/concurs-nanorelats\">concurs de nanorelats<\/a><\/strong>, sota el lema <em>\u201cCaben moltes hist\u00f2ries al nanom\u00f3n: ens les expliques?\u201d<\/em>.<\/p>\n<p>La convocat\u00f2ria s\u2019adre\u00e7a a l\u2019alumnat de 3r i 4t d\u2019ESO i de cicles formatius de grau mitj\u00e0 o superior (categoria 1), i a l\u2019alumnat de 1r i 2n de Batxillerat (categoria 2), matriculats en centres p\u00fablics, concertats o privats de Catalunya.<\/p>\n<p>Cada participant podr\u00e0 presentar una \u00fanica obra, signada amb pseud\u00f2nim i in\u00e8dita en altres concursos. Els textos han de tenir una extensi\u00f3 m\u00e0xima de 200 paraules. S\u2019hi admeten relats d\u2019aventures, ci\u00e8ncia-ficci\u00f3, fantasia o tem\u00e0tica social, aix\u00ed com poemes o lletres de can\u00e7ons. L\u2019\u00fanica condici\u00f3 \u00e9s que la proposta estigui vinculada amb la nanoci\u00e8ncia i la nanotecnologia. El termini de presentaci\u00f3 finalitza el 29 de mar\u00e7 de 2026.<\/p>\n<p>En aquest\u00a0<a href=\"https:\/\/www.youtube.com\/watch?v=eHvYfabUoew&amp;feature=emb_logo\"><strong>enlla\u00e7<\/strong>\u00a0<\/a>trobareu els relats guanyadors d\u2019altres edicions.<\/p>\n<p>L\u2019<strong><a href=\"https:\/\/www.ub.edu\/idp\/web\/ca\/noticies\/concurs-nanorelats\">Institut de Desenvolupament Professional de la Universitat de Barcelona<\/a><\/strong> (IDP)\u00a0certificar\u00e0 5 hores de formaci\u00f3 al professorat que hi participi assistint a una sessi\u00f3 de formaci\u00f3 inicial (dia\u00a0<strong>26 febrer a les 17.30 h<\/strong>) en l\u00ednia, que presenti almenys 1 alumne al concurs i que assisteixi a la jornada final on s\u2019anunciaran els guanyadors.<\/p>\n<p>Per poder acreditar aquesta formaci\u00f3 caldr\u00e0 donar-se d\u2019alta a l<a href=\"http:\/\/www.ub.edu\/gidp-matice\/faces\/formatice?curs=69098\">\u2019<strong>enlla\u00e7 seg\u00fcent<\/strong><\/a>.<\/p>\n<p>Animeu-vos-hi!<\/p>\n","protected":false},"excerpt":{"rendered":"<p>En el marc del XI Festival de Nanoci\u00e8ncia i Nanotecnologia 10alamenos9, la Universitat de Barcelona, juntament amb altres institucions col\u00b7laboradores, impulsa una nova edici\u00f3 del concurs de nanorelats, sota el lema \u201cCaben moltes hist\u00f2ries al nanom\u00f3n: ens les expliques?\u201d.&hellip;  <a href=\"https:\/\/projectes.xtec.cat\/usdelallengua\/general\/concurs-de-nanorelats-2026\/\" title=\"Read Concurs de nanorelats 2026\">Llegeix m\u00e9s\u00bb<\/a><\/p>\n","protected":false},"author":1,"featured_media":10115,"comment_status":"closed","ping_status":"closed","sticky":false,"template":"","format":"standard","meta":{"_bbp_topic_count":0,"_bbp_reply_count":0,"_bbp_total_topic_count":0,"_bbp_total_reply_count":0,"_bbp_voice_count":0,"_bbp_anonymous_reply_count":0,"_bbp_topic_count_hidden":0,"_bbp_reply_count_hidden":0,"_bbp_forum_subforum_count":0,"footnotes":""},"categories":[1,29],"tags":[428],"class_list":["post-10114","post","type-post","status-publish","format-standard","has-post-thumbnail","hentry","category-general","category-portada","tag-concurs"],"post_mailing_queue_ids":[],"_links":{"self":[{"href":"https:\/\/projectes.xtec.cat\/usdelallengua\/wp-json\/wp\/v2\/posts\/10114","targetHints":{"allow":["GET"]}}],"collection":[{"href":"https:\/\/projectes.xtec.cat\/usdelallengua\/wp-json\/wp\/v2\/posts"}],"about":[{"href":"https:\/\/projectes.xtec.cat\/usdelallengua\/wp-json\/wp\/v2\/types\/post"}],"author":[{"embeddable":true,"href":"https:\/\/projectes.xtec.cat\/usdelallengua\/wp-json\/wp\/v2\/users\/1"}],"replies":[{"embeddable":true,"href":"https:\/\/projectes.xtec.cat\/usdelallengua\/wp-json\/wp\/v2\/comments?post=10114"}],"version-history":[{"count":3,"href":"https:\/\/projectes.xtec.cat\/usdelallengua\/wp-json\/wp\/v2\/posts\/10114\/revisions"}],"predecessor-version":[{"id":10118,"href":"https:\/\/projectes.xtec.cat\/usdelallengua\/wp-json\/wp\/v2\/posts\/10114\/revisions\/10118"}],"wp:featuredmedia":[{"embeddable":true,"href":"https:\/\/projectes.xtec.cat\/usdelallengua\/wp-json\/wp\/v2\/media\/10115"}],"wp:attachment":[{"href":"https:\/\/projectes.xtec.cat\/usdelallengua\/wp-json\/wp\/v2\/media?parent=10114"}],"wp:term":[{"taxonomy":"category","embeddable":true,"href":"https:\/\/projectes.xtec.cat\/usdelallengua\/wp-json\/wp\/v2\/categories?post=10114"},{"taxonomy":"post_tag","embeddable":true,"href":"https:\/\/projectes.xtec.cat\/usdelallengua\/wp-json\/wp\/v2\/tags?post=10114"}],"curies":[{"name":"wp","href":"https:\/\/api.w.org\/{rel}","templated":true}]}}