{"id":10224,"date":"2026-09-03T11:44:51","date_gmt":"2026-09-03T09:44:51","guid":{"rendered":"https:\/\/projectes.xtec.cat\/usdelallengua\/?p=10224"},"modified":"2026-09-03T11:44:51","modified_gmt":"2026-09-03T09:44:51","slug":"inscripcions-obertes-per-al-curs-preparatori-del-nivell-c2","status":"publish","type":"post","link":"https:\/\/projectes.xtec.cat\/usdelallengua\/general\/inscripcions-obertes-per-al-curs-preparatori-del-nivell-c2\/","title":{"rendered":"Inscripcions obertes per al curs preparatori del nivell C2"},"content":{"rendered":"\n<figure class=\"wp-block-image aligncenter size-full\"><a href=\"https:\/\/projectes.xtec.cat\/usdelallengua\/wp-content\/uploads\/usu2313\/2026\/09\/formacio-C2.jpg\"><img loading=\"lazy\" decoding=\"async\" width=\"600\" height=\"450\" src=\"https:\/\/projectes.xtec.cat\/usdelallengua\/wp-content\/uploads\/usu2313\/2026\/09\/formacio-C2.jpg\" alt=\"\" class=\"wp-image-10233\" srcset=\"https:\/\/projectes.xtec.cat\/usdelallengua\/wp-content\/uploads\/usu2313\/2026\/09\/formacio-C2.jpg 600w, https:\/\/projectes.xtec.cat\/usdelallengua\/wp-content\/uploads\/usu2313\/2026\/09\/formacio-C2-300x225.jpg 300w\" sizes=\"auto, (max-width: 600px) 100vw, 600px\" \/><\/a><\/figure>\n\n\n\n<p>Des del divendres <strong>4 de setembre al diumenge 20 de setembre de 2026 <\/strong>us podeu inscriure al curs preparatori de nivell superior de llengua catalana (nivell C2) organitzat pel Servei de Suports i Recursos Ling\u00fc\u00edstics (Departament d\u2019Educaci\u00f3 i Formaci\u00f3 Professional), adre\u00e7at a docents en actiu <span data-teams=\"true\">docents en actiu d\u2019Infantil, Prim\u00e0ria, Secund\u00e0ria i Formaci\u00f3 Professional.<\/span><\/p>\n<p><strong>Aquest curs consta de 60 hores,<\/strong> d\u2019autoaprenentatge en format telem\u00e0tic, amb correcci\u00f3 de les tasques d\u2019expressi\u00f3 escrita i expressi\u00f3 oral. Totes les activitats s\u00f3n autocorrectives excepte quatre (3 expressions escrites i 1 expressi\u00f3 oral), que rebran la retroacci\u00f3 d\u2019un formador. Aquest curs certifica 60\u00a0 hores de formaci\u00f3 permanent si se supera el 100% de les activitats. Aquesta formaci\u00f3 s\u2019impartir\u00e0 en l\u00ednia en format as\u00edncron, s&#8217;inicia el 13 d&#8217;octubre\u00a0 del 2026 i acaba el 30 de mar\u00e7 del 2027.\u00a0<\/p>\n<p>Per sol\u00b7licitar-hi una pla\u00e7a s&#8217;ha de disposar d\u2019usuari i contrasenya XTEC actualitzats.\u00a0La sol\u00b7licitud d\u2019una pla\u00e7a significa acceptar les condicions d\u2019inscripci\u00f3 i tot all\u00f2 que consta a la descripci\u00f3 de l\u2019activitat en refer\u00e8ncia a dates, objectius, continguts, persones destinat\u00e0ries i requisits d\u2019acreditaci\u00f3.<\/p>\n<p>Trobareu m\u00e9s informaci\u00f3 sobre la inscripci\u00f3 en aquest <a href=\"https:\/\/xtec.gencat.cat\/ca\/formacio\/formaciogeneralprofessorat\/llengues\/consolidacio_llengua_catalana\/\">enlla\u00e7.<\/a> Els criteris d&#8217;adjudicaci\u00f3 podeu consultar-los <a href=\"_wp_link_placeholder\" data-wplink-edit=\"true\">aqu\u00ed.<\/a><\/p>\n\n\n","protected":false},"excerpt":{"rendered":"<p>Des del divendres 4 de setembre al diumenge 20 de setembre de 2026 us podeu inscriure al curs preparatori de nivell superior de llengua catalana (nivell C2) organitzat pel Servei de Suports i Recursos Ling\u00fc\u00edstics (Departament d\u2019Educaci\u00f3 i Formaci\u00f3 Professional), adre\u00e7at a docents en actiu docents en actiu d\u2019Infantil, Prim\u00e0ria, Secund\u00e0ria i Formaci\u00f3 Professional. Aquest [&hellip;]<\/p>\n","protected":false},"author":1,"featured_media":10233,"comment_status":"open","ping_status":"open","sticky":false,"template":"","format":"standard","meta":{"_bbp_topic_count":0,"_bbp_reply_count":0,"_bbp_total_topic_count":0,"_bbp_total_reply_count":0,"_bbp_voice_count":0,"_bbp_anonymous_reply_count":0,"_bbp_topic_count_hidden":0,"_bbp_reply_count_hidden":0,"_bbp_forum_subforum_count":0,"site-sidebar-layout":"default","site-content-layout":"","ast-site-content-layout":"default","site-content-style":"default","site-sidebar-style":"default","ast-global-header-display":"","ast-banner-title-visibility":"","ast-main-header-display":"","ast-hfb-above-header-display":"","ast-hfb-below-header-display":"","ast-hfb-mobile-header-display":"","site-post-title":"","ast-breadcrumbs-content":"","ast-featured-img":"","footer-sml-layout":"","theme-transparent-header-meta":"","adv-header-id-meta":"","stick-header-meta":"","header-above-stick-meta":"","header-main-stick-meta":"","header-below-stick-meta":"","astra-migrate-meta-layouts":"set","ast-page-background-enabled":"default","ast-page-background-meta":{"desktop":{"background-color":"var(--ast-global-color-4)","background-image":"","background-repeat":"repeat","background-position":"center center","background-size":"auto","background-attachment":"scroll","background-type":"","background-media":"","overlay-type":"","overlay-color":"","overlay-opacity":"","overlay-gradient":""},"tablet":{"background-color":"","background-image":"","background-repeat":"repeat","background-position":"center center","background-size":"auto","background-attachment":"scroll","background-type":"","background-media":"","overlay-type":"","overlay-color":"","overlay-opacity":"","overlay-gradient":""},"mobile":{"background-color":"","background-image":"","background-repeat":"repeat","background-position":"center center","background-size":"auto","background-attachment":"scroll","background-type":"","background-media":"","overlay-type":"","overlay-color":"","overlay-opacity":"","overlay-gradient":""}},"ast-content-background-meta":{"desktop":{"background-color":"var(--ast-global-color-5)","background-image":"","background-repeat":"repeat","background-position":"center center","background-size":"auto","background-attachment":"scroll","background-type":"","background-media":"","overlay-type":"","overlay-color":"","overlay-opacity":"","overlay-gradient":""},"tablet":{"background-color":"var(--ast-global-color-5)","background-image":"","background-repeat":"repeat","background-position":"center center","background-size":"auto","background-attachment":"scroll","background-type":"","background-media":"","overlay-type":"","overlay-color":"","overlay-opacity":"","overlay-gradient":""},"mobile":{"background-color":"var(--ast-global-color-5)","background-image":"","background-repeat":"repeat","background-position":"center center","background-size":"auto","background-attachment":"scroll","background-type":"","background-media":"","overlay-type":"","overlay-color":"","overlay-opacity":"","overlay-gradient":""}},"footnotes":""},"categories":[304,1,29],"tags":[],"class_list":["post-10224","post","type-post","status-publish","format-standard","has-post-thumbnail","hentry","category-formacio","category-general","category-portada"],"post_mailing_queue_ids":[],"_links":{"self":[{"href":"https:\/\/projectes.xtec.cat\/usdelallengua\/wp-json\/wp\/v2\/posts\/10224","targetHints":{"allow":["GET"]}}],"collection":[{"href":"https:\/\/projectes.xtec.cat\/usdelallengua\/wp-json\/wp\/v2\/posts"}],"about":[{"href":"https:\/\/projectes.xtec.cat\/usdelallengua\/wp-json\/wp\/v2\/types\/post"}],"author":[{"embeddable":true,"href":"https:\/\/projectes.xtec.cat\/usdelallengua\/wp-json\/wp\/v2\/users\/1"}],"replies":[{"embeddable":true,"href":"https:\/\/projectes.xtec.cat\/usdelallengua\/wp-json\/wp\/v2\/comments?post=10224"}],"version-history":[{"count":4,"href":"https:\/\/projectes.xtec.cat\/usdelallengua\/wp-json\/wp\/v2\/posts\/10224\/revisions"}],"predecessor-version":[{"id":10234,"href":"https:\/\/projectes.xtec.cat\/usdelallengua\/wp-json\/wp\/v2\/posts\/10224\/revisions\/10234"}],"wp:featuredmedia":[{"embeddable":true,"href":"https:\/\/projectes.xtec.cat\/usdelallengua\/wp-json\/wp\/v2\/media\/10233"}],"wp:attachment":[{"href":"https:\/\/projectes.xtec.cat\/usdelallengua\/wp-json\/wp\/v2\/media?parent=10224"}],"wp:term":[{"taxonomy":"category","embeddable":true,"href":"https:\/\/projectes.xtec.cat\/usdelallengua\/wp-json\/wp\/v2\/categories?post=10224"},{"taxonomy":"post_tag","embeddable":true,"href":"https:\/\/projectes.xtec.cat\/usdelallengua\/wp-json\/wp\/v2\/tags?post=10224"}],"curies":[{"name":"wp","href":"https:\/\/api.w.org\/{rel}","templated":true}]}}