{"id":10228,"date":"2026-09-03T11:41:22","date_gmt":"2026-09-03T09:41:22","guid":{"rendered":"https:\/\/projectes.xtec.cat\/usdelallengua\/?p=10228"},"modified":"2026-09-04T08:42:16","modified_gmt":"2026-09-04T06:42:16","slug":"inscripcio-oberta-a-les-activitats-telematiques-del-1r-torn-26-27","status":"publish","type":"post","link":"https:\/\/projectes.xtec.cat\/usdelallengua\/general\/inscripcio-oberta-a-les-activitats-telematiques-del-1r-torn-26-27\/","title":{"rendered":"Inscripci\u00f3 oberta a les activitats telem\u00e0tiques del 1r torn 26-27"},"content":{"rendered":"\n<figure class=\"wp-block-image size-full is-resized\"><a href=\"https:\/\/projectes.xtec.cat\/usdelallengua\/wp-content\/uploads\/usu2313\/2026\/09\/Inscripcions-obertes-a-la-formacio-del-1r-torn-del-curs-2026-271-1.png\"><img loading=\"lazy\" decoding=\"async\" width=\"600\" height=\"450\" src=\"https:\/\/projectes.xtec.cat\/usdelallengua\/wp-content\/uploads\/usu2313\/2026\/09\/Inscripcions-obertes-a-la-formacio-del-1r-torn-del-curs-2026-271-1.png\" alt=\"\" class=\"wp-image-10238\" style=\"width:549px;height:auto\" srcset=\"https:\/\/projectes.xtec.cat\/usdelallengua\/wp-content\/uploads\/usu2313\/2026\/09\/Inscripcions-obertes-a-la-formacio-del-1r-torn-del-curs-2026-271-1.png 600w, https:\/\/projectes.xtec.cat\/usdelallengua\/wp-content\/uploads\/usu2313\/2026\/09\/Inscripcions-obertes-a-la-formacio-del-1r-torn-del-curs-2026-271-1-300x225.png 300w\" sizes=\"auto, (max-width: 600px) 100vw, 600px\" \/><\/a><\/figure>\n\n\n\n<p>Des de <strong>divendres 4 de setembre i fins diumenge 20 de setembre\u00a0s\u2019obre el per\u00edode d\u2019inscripci\u00f3 <\/strong>a les\u00a0activitats de formaci\u00f3 telem\u00e0tica de la XTEC relacionades amb l&#8217;ensenyament i l&#8217;aprenentatge de la llengua.<\/p>\n\n\n\n<p>A continuaci\u00f3 us les detallem.<\/p>\n\n\n\n<ol class=\"wp-block-list\">\n<li><strong>El tractament de la diversitat ling\u00fc\u00edstica en un centre educatiu <\/strong>(La diversitat de proced\u00e8ncies de l\u2019alumnat del sistema educatiu a Catalunya. La fragilitat i la import\u00e0ncia de la llengua familiar. Pol\u00edtiques de manteniment de les lleng\u00fces d\u2019origen. La diversitat ling\u00fc\u00edstica en el curr\u00edculum. Recursos per treballar la diversitat ling\u00fc\u00edstica i cultural a l\u2019aula.) <em><a href=\"https:\/\/xtec.gencat.cat\/ca\/formacio\/info-general\/cercador-activitats\/\">Inscripci\u00f3 amb el codi 9000570555<\/a><\/em><\/li>\n\n\n\n<li><strong>La intercomprensi\u00f3 ling\u00fc\u00edstica rom\u00e0nica: una estrat\u00e8gia pluriling\u00fce <\/strong>(Curs d&#8217;iniciaci\u00f3 als conceptes b\u00e0sics sobre la intercomprensi\u00f3 i la seva aplicaci\u00f3 a l&#8217;aula. Proporciona recursos i orientacions per al desenvolupament de la intercomprensi\u00f3 com a estrat\u00e8gia envers el pluriling\u00fcisme.) <em><a href=\"https:\/\/xtec.gencat.cat\/ca\/formacio\/info-general\/cercador-activitats\/\">Inscripci\u00f3 amb el codi 9000620555<\/a><\/em><\/li>\n\n\n\n<li><strong>Llenguajocs, aprendre catal\u00e0 a partir de jocs <\/strong>(Recursos variats per aplicar noves f\u00f3rmules amb enfocaments m\u00e9s l\u00fadics en l\u2019ensenyament de la llengua catalana i en els aspectes socials i culturals que hi estan relacionats per tal de potenciar, principalment, la participaci\u00f3, l\u2019aprenentatge i la creativitat de l\u2019alumnat. El joc com a eina clau per ensenyar llengua i aspectes socials i culturals que hi estan relacionats.) <em><a href=\"https:\/\/xtec.gencat.cat\/ca\/formacio\/info-general\/cercador-activitats\/\">Inscripci\u00f3 amb el codi 9001840555<\/a><\/em><\/li>\n<\/ol>\n\n\n\n<p><span data-teams=\"true\">A l\u2019apartat&nbsp;<a id=\"menur11l\" class=\"fui-Link ___1q1shib f2hkw1w f3rmtva f1ewtqcl fyind8e f1k6fduh f1w7gpdv fk6fouc fjoy568 figsok6 f1s184ao f1mk8lai fnbmjn9 f1o700av f13mvf36 f1cmlufx f9n3di6 f1ids18y f1tx3yz7 f1deo86v f1eh06m1 f1iescvh fhgqx19 f1olyrje f1p93eir f1nev41a f1h8hb77 f1lqvz6u f10aw75t fsle3fq f17ae5zn\" title=\"https:\/\/projectes.xtec.cat\/acollidasuport\/formacio\/\" href=\"https:\/\/projectes.xtec.cat\/acollidasuport\/formacio\/\" target=\"_blank\" rel=\"noreferrer noopener\" aria-label=\"Enlla\u00e7 Formaci\u00f3\">Formaci\u00f3<\/a>&nbsp;del Nodes d\u2019atenci\u00f3 a l\u2019alumnat d\u2019origen estranger podeu trobar tota la informaci\u00f3 sobre els seg\u00fcents cursos telem\u00e0tics relacionats amb l\u2019acollida i la did\u00e0ctica de segones lleng\u00fces, i els suports a l\u2019aula ordin\u00e0ria.<\/span><\/p>\n<ul>\n<li>L&#8217;acollida en un centre educatiu<strong>. <\/strong><em><a href=\"https:\/\/xtec.gencat.cat\/ca\/formacio\/info-general\/cercador-activitats\/\">Inscripci\u00f3 amb el codi 9001850555<\/a><\/em>&nbsp;<\/li>\n<li>L\u2019acollida en contextos escolars de diversitat ling\u00fc\u00edstica i cultural. <em><a href=\"https:\/\/xtec.gencat.cat\/ca\/formacio\/info-general\/cercador-activitats\/\">Inscripci\u00f3 amb el codi 9000510555<\/a><\/em>&nbsp;<\/li>\n<li>&nbsp;Did\u00e0ctica del catal\u00e0 com a segona llengua per a l\u2019alumnat nouvingut. <em><a href=\"https:\/\/xtec.gencat.cat\/ca\/formacio\/info-general\/cercador-activitats\/\">Inscripci\u00f3 amb el codi 9000660555<\/a><\/em>&nbsp;<\/li>\n<li>Estrat\u00e8gies de suport a l\u2019aprenentatge de l\u2019alumnat d\u2019origen estranger a l\u2019aula ordin\u00e0ria. <em><a href=\"https:\/\/xtec.gencat.cat\/ca\/formacio\/info-general\/cercador-activitats\/\">Inscripci\u00f3 amb el codi 9000550555<\/a><\/em><\/li>\n<li>Estrat\u00e8gies d\u2019acollida emocional per a una escola intercultural. Del jo al nosaltres. <em><a href=\"https:\/\/xtec.gencat.cat\/ca\/formacio\/info-general\/cercador-activitats\/\">Inscripci\u00f3 amb el codi 9000720555<\/a><\/em><\/li>\n<li>Les altres literatures universals. <em><a href=\"https:\/\/xtec.gencat.cat\/ca\/formacio\/info-general\/cercador-activitats\/\">Inscripci\u00f3 amb el codi 9000710555 i 9000580555<\/a><\/em><\/li>\n<\/ul>\n\n\n\n<p><\/p>\n\n\n","protected":false},"excerpt":{"rendered":"<p>Des de divendres 4 de setembre i fins diumenge 20 de setembre\u00a0s\u2019obre el per\u00edode d\u2019inscripci\u00f3 a les\u00a0activitats de formaci\u00f3 telem\u00e0tica de la XTEC relacionades amb l&#8217;ensenyament i l&#8217;aprenentatge de la llengua. A continuaci\u00f3 us les detallem. A l\u2019apartat&nbsp;Formaci\u00f3&nbsp;del Nodes d\u2019atenci\u00f3 a l\u2019alumnat d\u2019origen estranger podeu trobar tota la informaci\u00f3 sobre els seg\u00fcents cursos telem\u00e0tics relacionats [&hellip;]<\/p>\n","protected":false},"author":1,"featured_media":10238,"comment_status":"open","ping_status":"open","sticky":false,"template":"","format":"standard","meta":{"_bbp_topic_count":0,"_bbp_reply_count":0,"_bbp_total_topic_count":0,"_bbp_total_reply_count":0,"_bbp_voice_count":0,"_bbp_anonymous_reply_count":0,"_bbp_topic_count_hidden":0,"_bbp_reply_count_hidden":0,"_bbp_forum_subforum_count":0,"site-sidebar-layout":"default","site-content-layout":"","ast-site-content-layout":"default","site-content-style":"default","site-sidebar-style":"default","ast-global-header-display":"","ast-banner-title-visibility":"","ast-main-header-display":"","ast-hfb-above-header-display":"","ast-hfb-below-header-display":"","ast-hfb-mobile-header-display":"","site-post-title":"","ast-breadcrumbs-content":"","ast-featured-img":"","footer-sml-layout":"","theme-transparent-header-meta":"","adv-header-id-meta":"","stick-header-meta":"","header-above-stick-meta":"","header-main-stick-meta":"","header-below-stick-meta":"","astra-migrate-meta-layouts":"set","ast-page-background-enabled":"default","ast-page-background-meta":{"desktop":{"background-color":"var(--ast-global-color-4)","background-image":"","background-repeat":"repeat","background-position":"center center","background-size":"auto","background-attachment":"scroll","background-type":"","background-media":"","overlay-type":"","overlay-color":"","overlay-opacity":"","overlay-gradient":""},"tablet":{"background-color":"","background-image":"","background-repeat":"repeat","background-position":"center center","background-size":"auto","background-attachment":"scroll","background-type":"","background-media":"","overlay-type":"","overlay-color":"","overlay-opacity":"","overlay-gradient":""},"mobile":{"background-color":"","background-image":"","background-repeat":"repeat","background-position":"center center","background-size":"auto","background-attachment":"scroll","background-type":"","background-media":"","overlay-type":"","overlay-color":"","overlay-opacity":"","overlay-gradient":""}},"ast-content-background-meta":{"desktop":{"background-color":"var(--ast-global-color-5)","background-image":"","background-repeat":"repeat","background-position":"center center","background-size":"auto","background-attachment":"scroll","background-type":"","background-media":"","overlay-type":"","overlay-color":"","overlay-opacity":"","overlay-gradient":""},"tablet":{"background-color":"var(--ast-global-color-5)","background-image":"","background-repeat":"repeat","background-position":"center center","background-size":"auto","background-attachment":"scroll","background-type":"","background-media":"","overlay-type":"","overlay-color":"","overlay-opacity":"","overlay-gradient":""},"mobile":{"background-color":"var(--ast-global-color-5)","background-image":"","background-repeat":"repeat","background-position":"center center","background-size":"auto","background-attachment":"scroll","background-type":"","background-media":"","overlay-type":"","overlay-color":"","overlay-opacity":"","overlay-gradient":""}},"footnotes":""},"categories":[304,1,29],"tags":[],"class_list":["post-10228","post","type-post","status-publish","format-standard","has-post-thumbnail","hentry","category-formacio","category-general","category-portada"],"post_mailing_queue_ids":[],"_links":{"self":[{"href":"https:\/\/projectes.xtec.cat\/usdelallengua\/wp-json\/wp\/v2\/posts\/10228","targetHints":{"allow":["GET"]}}],"collection":[{"href":"https:\/\/projectes.xtec.cat\/usdelallengua\/wp-json\/wp\/v2\/posts"}],"about":[{"href":"https:\/\/projectes.xtec.cat\/usdelallengua\/wp-json\/wp\/v2\/types\/post"}],"author":[{"embeddable":true,"href":"https:\/\/projectes.xtec.cat\/usdelallengua\/wp-json\/wp\/v2\/users\/1"}],"replies":[{"embeddable":true,"href":"https:\/\/projectes.xtec.cat\/usdelallengua\/wp-json\/wp\/v2\/comments?post=10228"}],"version-history":[{"count":5,"href":"https:\/\/projectes.xtec.cat\/usdelallengua\/wp-json\/wp\/v2\/posts\/10228\/revisions"}],"predecessor-version":[{"id":10239,"href":"https:\/\/projectes.xtec.cat\/usdelallengua\/wp-json\/wp\/v2\/posts\/10228\/revisions\/10239"}],"wp:featuredmedia":[{"embeddable":true,"href":"https:\/\/projectes.xtec.cat\/usdelallengua\/wp-json\/wp\/v2\/media\/10238"}],"wp:attachment":[{"href":"https:\/\/projectes.xtec.cat\/usdelallengua\/wp-json\/wp\/v2\/media?parent=10228"}],"wp:term":[{"taxonomy":"category","embeddable":true,"href":"https:\/\/projectes.xtec.cat\/usdelallengua\/wp-json\/wp\/v2\/categories?post=10228"},{"taxonomy":"post_tag","embeddable":true,"href":"https:\/\/projectes.xtec.cat\/usdelallengua\/wp-json\/wp\/v2\/tags?post=10228"}],"curies":[{"name":"wp","href":"https:\/\/api.w.org\/{rel}","templated":true}]}}