{"id":8692,"date":"2022-09-15T12:34:25","date_gmt":"2022-09-15T10:34:25","guid":{"rendered":"https:\/\/projectes.xtec.cat\/usdelallengua\/?p=8692"},"modified":"2024-05-02T09:00:08","modified_gmt":"2024-05-02T07:00:08","slug":"tria-el-teu-rol-no-juguis-sol","status":"publish","type":"post","link":"https:\/\/projectes.xtec.cat\/usdelallengua\/portada\/tria-el-teu-rol-no-juguis-sol\/","title":{"rendered":"Tria el teu rol, no juguis sol"},"content":{"rendered":"<p style=\"text-align: left;\"><strong><a href=\"https:\/\/projectes.xtec.cat\/usdelallengua\/wp-content\/uploads\/usu2313\/2022\/09\/Tria-el-teu-rol-no-juguis-sol-1.png\"><img loading=\"lazy\" decoding=\"async\" class=\"size-full wp-image-9023 alignleft\" src=\"https:\/\/projectes.xtec.cat\/usdelallengua\/wp-content\/uploads\/usu2313\/2022\/09\/Tria-el-teu-rol-no-juguis-sol-1.png\" alt=\"\" width=\"450\" height=\"200\" srcset=\"https:\/\/projectes.xtec.cat\/usdelallengua\/wp-content\/uploads\/usu2313\/2022\/09\/Tria-el-teu-rol-no-juguis-sol-1.png 450w, https:\/\/projectes.xtec.cat\/usdelallengua\/wp-content\/uploads\/usu2313\/2022\/09\/Tria-el-teu-rol-no-juguis-sol-1-300x133.png 300w\" sizes=\"auto, (max-width: 450px) 100vw, 450px\" \/><\/a>TALLER DE SENSIBILITZACI\u00d3 LING\u00dc\u00cdSTICA. <a href=\"https:\/\/llengua.gencat.cat\/ca\/serveis\/informacio_i_difusio\/accions_sensibilitzacio\/taller_sensibilitzacio_tria_rol\/\">TRIA EL TEU ROL, NO JUGUIS SOL<\/a> (Direcci\u00f3 General de Pol\u00edtica Ling\u00fc\u00edstica. Departament de Cultura. Generalitat de Catalunya).<\/strong><a href=\"https:\/\/projectes.xtec.cat\/usdelallengua\/wp-content\/uploads\/usu2313\/2022\/09\/Tria-el-teu-rol-no-juguis-sol.png\"><br \/>\n<\/a><\/p>\n<p><i><span style=\"font-weight: 400;\">\u00abEl taller de sensibilitzaci\u00f3 ling\u00fc\u00edstica \u201cTria el teu rol. No juguis sol\u201d t\u00e9 com a objectiu facilitar un espai interactiu d\u2019an\u00e0lisi i de reflexi\u00f3 sobre l\u2019h\u00e0bit que existeix entre for\u00e7a catalanoparlants de canviar de llengua davant d\u2019interlocutors no catalanoparlants, i adquirir recursos per afrontar aquestes situacions.<\/span><\/i><\/p>\n<p><i><span style=\"font-weight: 400;\">A trav\u00e9s d\u2019un joc de rol, els participants, condu\u00efts pel dinamitzador o dinamitzadora, reprodueixen situacions ling\u00fc\u00edstiques que se solen donar en un context real i que s\u00f3n representatives de tres conceptes socioling\u00fc\u00edstics: abandonament de la llengua, cohesi\u00f3 social i gesti\u00f3 ling\u00fc\u00edstica. Es tracta d\u2019una versi\u00f3 adaptada del material elaborat per Plataforma per la Llengua &#8211; Col\u00b7lectiu Esbarzer.\u00bb<\/span><\/i><span style=\"font-weight: 400;\"> (<\/span><a href=\"https:\/\/llengua.gencat.cat\/ca\/serveis\/informacio_i_difusio\/accions_sensibilitzacio\/taller_sensibilitzacio_tria_rol\/\"><span style=\"font-weight: 400;\">Tria el teu rol. No juguis sol<\/span><\/a><span style=\"font-weight: 400;\">).<\/span><\/p>\n<p><span style=\"font-weight: 400;\">En aquesta <\/span><a href=\"https:\/\/llengua.gencat.cat\/ca\/serveis\/informacio_i_difusio\/accions_sensibilitzacio\/taller_sensibilitzacio_tria_rol\/\"><span style=\"font-weight: 400;\">p\u00e0gina web<\/span><\/a><span style=\"font-weight: 400;\"> es pot descarregar tot el material necessari per posar en pr\u00e0ctica el taller: la guia per dinamitzar-lo, la guia per als participants i les fitxes del joc.<\/span><\/p>\n<p style=\"text-align: left;\">\n","protected":false},"excerpt":{"rendered":"<p><a href=\"https:\/\/projectes.xtec.cat\/usdelallengua\/wp-content\/uploads\/usu2313\/2022\/09\/Tria-el-teu-rol-no-juguis-sol-1.png\"><\/a>TALLER DE SENSIBILITZACI\u00d3 LING\u00dc\u00cdSTICA. <a href=\"https:\/\/llengua.gencat.cat\/ca\/serveis\/informacio_i_difusio\/accions_sensibilitzacio\/taller_sensibilitzacio_tria_rol\/\">TRIA EL TEU ROL, NO JUGUIS SOL<\/a> (Direcci\u00f3 General de Pol\u00edtica Ling\u00fc\u00edstica. Departament de Cultura. Generalitat de Catalunya).<a href=\"https:\/\/projectes.xtec.cat\/usdelallengua\/wp-content\/uploads\/usu2313\/2022\/09\/Tria-el-teu-rol-no-juguis-sol.png\"><br \/>\n<\/a><br \/>\n\u00abEl taller de sensibilitzaci\u00f3 ling\u00fc\u00edstica \u201cTria el teu rol. No juguis sol\u201d t\u00e9 com a objectiu facilitar un espai interactiu d\u2019an\u00e0lisi&hellip;  <a href=\"https:\/\/projectes.xtec.cat\/usdelallengua\/portada\/tria-el-teu-rol-no-juguis-sol\/\" title=\"Read Tria el teu rol, no juguis sol\">Llegeix m\u00e9s\u00bb<\/a><\/p>\n","protected":false},"author":1,"featured_media":9023,"comment_status":"closed","ping_status":"closed","sticky":false,"template":"","format":"standard","meta":{"_bbp_topic_count":0,"_bbp_reply_count":0,"_bbp_total_topic_count":0,"_bbp_total_reply_count":0,"_bbp_voice_count":0,"_bbp_anonymous_reply_count":0,"_bbp_topic_count_hidden":0,"_bbp_reply_count_hidden":0,"_bbp_forum_subforum_count":0,"footnotes":""},"categories":[29,309],"tags":[388],"class_list":["post-8692","post","type-post","status-publish","format-standard","has-post-thumbnail","hentry","category-portada","category-recursos-didactics","tag-jocs"],"post_mailing_queue_ids":[],"_links":{"self":[{"href":"https:\/\/projectes.xtec.cat\/usdelallengua\/wp-json\/wp\/v2\/posts\/8692","targetHints":{"allow":["GET"]}}],"collection":[{"href":"https:\/\/projectes.xtec.cat\/usdelallengua\/wp-json\/wp\/v2\/posts"}],"about":[{"href":"https:\/\/projectes.xtec.cat\/usdelallengua\/wp-json\/wp\/v2\/types\/post"}],"author":[{"embeddable":true,"href":"https:\/\/projectes.xtec.cat\/usdelallengua\/wp-json\/wp\/v2\/users\/1"}],"replies":[{"embeddable":true,"href":"https:\/\/projectes.xtec.cat\/usdelallengua\/wp-json\/wp\/v2\/comments?post=8692"}],"version-history":[{"count":3,"href":"https:\/\/projectes.xtec.cat\/usdelallengua\/wp-json\/wp\/v2\/posts\/8692\/revisions"}],"predecessor-version":[{"id":9025,"href":"https:\/\/projectes.xtec.cat\/usdelallengua\/wp-json\/wp\/v2\/posts\/8692\/revisions\/9025"}],"wp:featuredmedia":[{"embeddable":true,"href":"https:\/\/projectes.xtec.cat\/usdelallengua\/wp-json\/wp\/v2\/media\/9023"}],"wp:attachment":[{"href":"https:\/\/projectes.xtec.cat\/usdelallengua\/wp-json\/wp\/v2\/media?parent=8692"}],"wp:term":[{"taxonomy":"category","embeddable":true,"href":"https:\/\/projectes.xtec.cat\/usdelallengua\/wp-json\/wp\/v2\/categories?post=8692"},{"taxonomy":"post_tag","embeddable":true,"href":"https:\/\/projectes.xtec.cat\/usdelallengua\/wp-json\/wp\/v2\/tags?post=8692"}],"curies":[{"name":"wp","href":"https:\/\/api.w.org\/{rel}","templated":true}]}}