{"id":8701,"date":"2022-09-15T14:39:48","date_gmt":"2022-09-15T12:39:48","guid":{"rendered":"https:\/\/projectes.xtec.cat\/usdelallengua\/?p=8701"},"modified":"2024-05-04T09:31:47","modified_gmt":"2024-05-04T07:31:47","slug":"no-em-canviis-la-llengua","status":"publish","type":"post","link":"https:\/\/projectes.xtec.cat\/usdelallengua\/portada\/no-em-canviis-la-llengua\/","title":{"rendered":"No em canvi\u00efs la llengua"},"content":{"rendered":"<p><a href=\"https:\/\/projectes.xtec.cat\/usdelallengua\/wp-content\/uploads\/usu2313\/2022\/09\/No-em-canviis-la-llengua-2.png\"><img loading=\"lazy\" decoding=\"async\" class=\"size-full wp-image-9026 alignleft\" src=\"https:\/\/projectes.xtec.cat\/usdelallengua\/wp-content\/uploads\/usu2313\/2022\/09\/No-em-canviis-la-llengua-2.png\" alt=\"\" width=\"450\" height=\"200\" srcset=\"https:\/\/projectes.xtec.cat\/usdelallengua\/wp-content\/uploads\/usu2313\/2022\/09\/No-em-canviis-la-llengua-2.png 450w, https:\/\/projectes.xtec.cat\/usdelallengua\/wp-content\/uploads\/usu2313\/2022\/09\/No-em-canviis-la-llengua-2-300x133.png 300w\" sizes=\"auto, (max-width: 450px) 100vw, 450px\" \/><\/a><strong>CAMPANYA DE SENSIBILITZACI\u00d3 LING\u00dc\u00cdSTICA <a href=\"https:\/\/llengua.gencat.cat\/ca\/detalls\/noticia\/Presentacio-de-la-campanya-No-em-canviis-la-llengua\">NO EM CANVI\u00cfS LA LLENGUA<\/a><\/strong><\/p>\n<p><span style=\"font-weight: 400;\">Campanya, iniciada per l\u2019activista Rosario Palomino, que t\u00e9 per objectiu conscienciar els catalanoparlants perqu\u00e8 no canvi\u00efn de llengua quan creuen, ja sigui per l\u2019accent o els trets f\u00edsics, que el seu interlocutor no \u00e9s nascut a Catalunya.<\/span><\/p>\n<p><span style=\"font-weight: 400;\">Mitjan\u00e7ant el canal de Twitter <a href=\"https:\/\/twitter.com\/CanviisEm\"><i>@CanviisEm<\/i><\/a> i el canal Youtube <a href=\"https:\/\/www.youtube.com\/channel\/UCj6bbos0h6iYT_JvVU7bymA\"><i>No em canvi\u00efs la llengua<\/i><\/a>, un conjunt de persones d\u2019arreu del m\u00f3n que viuen a Catalunya expliquen la seva experi\u00e8ncia com a nous parlants de catal\u00e0.<\/span><\/p>\n","protected":false},"excerpt":{"rendered":"<p><a href=\"https:\/\/projectes.xtec.cat\/usdelallengua\/wp-content\/uploads\/usu2313\/2022\/09\/No-em-canviis-la-llengua-2.png\"><\/a>CAMPANYA DE SENSIBILITZACI\u00d3 LING\u00dc\u00cdSTICA <a href=\"https:\/\/llengua.gencat.cat\/ca\/detalls\/noticia\/Presentacio-de-la-campanya-No-em-canviis-la-llengua\">NO EM CANVI\u00cfS LA LLENGUA<\/a><br \/>\nCampanya, iniciada per l\u2019activista Rosario Palomino, que t\u00e9 per objectiu conscienciar els catalanoparlants perqu\u00e8 no canvi\u00efn de llengua quan creuen, ja sigui per l\u2019accent o els trets f\u00edsics, que el seu interlocutor no \u00e9s nascut&hellip;  <a href=\"https:\/\/projectes.xtec.cat\/usdelallengua\/portada\/no-em-canviis-la-llengua\/\" title=\"Read No em canvi\u00efs la llengua\">Llegeix m\u00e9s\u00bb<\/a><\/p>\n","protected":false},"author":1,"featured_media":9026,"comment_status":"closed","ping_status":"closed","sticky":false,"template":"","format":"standard","meta":{"_bbp_topic_count":0,"_bbp_reply_count":0,"_bbp_total_topic_count":0,"_bbp_total_reply_count":0,"_bbp_voice_count":0,"_bbp_anonymous_reply_count":0,"_bbp_topic_count_hidden":0,"_bbp_reply_count_hidden":0,"_bbp_forum_subforum_count":0,"footnotes":""},"categories":[310,29],"tags":[474],"class_list":["post-8701","post","type-post","status-publish","format-standard","has-post-thumbnail","hentry","category-material-audiovisual","category-portada","tag-llengua-vehicular"],"post_mailing_queue_ids":[],"_links":{"self":[{"href":"https:\/\/projectes.xtec.cat\/usdelallengua\/wp-json\/wp\/v2\/posts\/8701","targetHints":{"allow":["GET"]}}],"collection":[{"href":"https:\/\/projectes.xtec.cat\/usdelallengua\/wp-json\/wp\/v2\/posts"}],"about":[{"href":"https:\/\/projectes.xtec.cat\/usdelallengua\/wp-json\/wp\/v2\/types\/post"}],"author":[{"embeddable":true,"href":"https:\/\/projectes.xtec.cat\/usdelallengua\/wp-json\/wp\/v2\/users\/1"}],"replies":[{"embeddable":true,"href":"https:\/\/projectes.xtec.cat\/usdelallengua\/wp-json\/wp\/v2\/comments?post=8701"}],"version-history":[{"count":3,"href":"https:\/\/projectes.xtec.cat\/usdelallengua\/wp-json\/wp\/v2\/posts\/8701\/revisions"}],"predecessor-version":[{"id":9027,"href":"https:\/\/projectes.xtec.cat\/usdelallengua\/wp-json\/wp\/v2\/posts\/8701\/revisions\/9027"}],"wp:featuredmedia":[{"embeddable":true,"href":"https:\/\/projectes.xtec.cat\/usdelallengua\/wp-json\/wp\/v2\/media\/9026"}],"wp:attachment":[{"href":"https:\/\/projectes.xtec.cat\/usdelallengua\/wp-json\/wp\/v2\/media?parent=8701"}],"wp:term":[{"taxonomy":"category","embeddable":true,"href":"https:\/\/projectes.xtec.cat\/usdelallengua\/wp-json\/wp\/v2\/categories?post=8701"},{"taxonomy":"post_tag","embeddable":true,"href":"https:\/\/projectes.xtec.cat\/usdelallengua\/wp-json\/wp\/v2\/tags?post=8701"}],"curies":[{"name":"wp","href":"https:\/\/api.w.org\/{rel}","templated":true}]}}