{"id":9031,"date":"2022-12-01T08:22:26","date_gmt":"2022-12-01T07:22:26","guid":{"rendered":"https:\/\/projectes.xtec.cat\/usdelallengua\/?p=9031"},"modified":"2024-05-02T08:59:17","modified_gmt":"2024-05-02T06:59:17","slug":"lopcio-de-recursos-audiovisuals-en-catala","status":"publish","type":"post","link":"https:\/\/projectes.xtec.cat\/usdelallengua\/portada\/lopcio-de-recursos-audiovisuals-en-catala\/","title":{"rendered":"L\u2019opci\u00f3 de recursos audiovisuals en catal\u00e0"},"content":{"rendered":"<p><span style=\"font-weight: 400;\"><a href=\"https:\/\/projectes.xtec.cat\/usdelallengua\/wp-content\/uploads\/usu2313\/2022\/11\/recursos-audiovisuals-en-catala.png\"><img loading=\"lazy\" decoding=\"async\" class=\"size-full wp-image-9032 alignleft\" src=\"https:\/\/projectes.xtec.cat\/usdelallengua\/wp-content\/uploads\/usu2313\/2022\/11\/recursos-audiovisuals-en-catala.png\" alt=\"\" width=\"450\" height=\"200\" srcset=\"https:\/\/projectes.xtec.cat\/usdelallengua\/wp-content\/uploads\/usu2313\/2022\/11\/recursos-audiovisuals-en-catala.png 450w, https:\/\/projectes.xtec.cat\/usdelallengua\/wp-content\/uploads\/usu2313\/2022\/11\/recursos-audiovisuals-en-catala-300x133.png 300w\" sizes=\"auto, (max-width: 450px) 100vw, 450px\" \/><\/a>Mirar un cap\u00edtol d\u2019una s\u00e8rie, un curt o una pel\u00b7l\u00edcula \u00e9s un recurs a qu\u00e8 recorrem en els centres educatius amb diferents finalitats educatives i d\u2019entreteniment. Per exemple, a l\u2019aula, per mostrar alguna situaci\u00f3 o comportament, o per transmetre sabers o valors. Tamb\u00e9 a l\u2019hora de menjador, el dia que plou i no es pot sortir al pati. La visualitzaci\u00f3 de pel\u00b7l\u00edcules tamb\u00e9 \u00e9s sovint el premi per a grups classe que han destacat en algun comportament o en alguna iniciativa del centre, o una activitat posterior a la lectura d\u2019una novel\u00b7la per encetar el debat al voltant de les adaptacions cinematogr\u00e0fiques.<\/span><\/p>\n<p><span style=\"font-weight: 400;\">Servir-nos de l\u2019oferta en catal\u00e0 de recursos audiovisuals que tenim a l\u2019abast \u00e9s una bona estrat\u00e8gia per ajudar l\u2019alumnat a assolir una bona compet\u00e8ncia comunicativa en catal\u00e0 i tamb\u00e9 per fer-los adonar que es pot gaudir de la cultura i de l\u2019entreteniment en catal\u00e0.<\/span><\/p>\n<p><span style=\"font-weight: 400;\">Hi ha diferents webs i comptes de twitter que fan difusi\u00f3 de s\u00e8ries i pel\u00b7l\u00edcules (originals, doblades o subtitulades) en catal\u00e0. <\/span><a href=\"https:\/\/www.desdelsofa.cat\/\"><span style=\"font-weight: 400;\">Desdelsof\u00e0.cat<\/span><\/a><span style=\"font-weight: 400;\">, la base de dades de streaming en catal\u00e0, <\/span><a href=\"https:\/\/goitaquefanara.cat\/\"><span style=\"font-weight: 400;\">Goita qu\u00e8 fan, ara!<\/span><\/a><span style=\"font-weight: 400;\">, i <\/span><a href=\"http:\/\/@doblatgecatala\"><span style=\"font-weight: 400;\">Doblatge en catal\u00e0<\/span><\/a><span style=\"font-weight: 400;\"> s\u00f3n alguns dels espais en qu\u00e8 es recullen els t\u00edtols en catal\u00e0 que poden trobar-se a la xarxa i s\u2019actualitzen regularment les novetats en catal\u00e0 que apareixen en diferents plataformes. N\u2019hi ha d\u2019altres de m\u00e9s espec\u00edfiques, com ara <\/span><a href=\"https:\/\/doblatgeanimecatala.blogspot.com\/\"><span style=\"font-weight: 400;\">Doblatge d\u2019anime en catal\u00e0<\/span><\/a><span style=\"font-weight: 400;\">, per exemple, dedicat a les s\u00e8ries anime doblades al catal\u00e0 aix\u00ed com les dels actors de doblatge que hi participen.<\/span><\/p>\n<p><span style=\"font-weight: 400;\">L\u2019oferta hi \u00e9s i, de mica en mica, es va va ampliant. Nom\u00e9s cal trobar el t\u00edtol adient per a cada finalitat i segons la circumst\u00e0ncia i moment.<\/span><\/p>\n","protected":false},"excerpt":{"rendered":"<p><a href=\"https:\/\/projectes.xtec.cat\/usdelallengua\/wp-content\/uploads\/usu2313\/2022\/11\/recursos-audiovisuals-en-catala.png\"><\/a>Mirar un cap\u00edtol d\u2019una s\u00e8rie, un curt o una pel\u00b7l\u00edcula \u00e9s un recurs a qu\u00e8 recorrem en els centres educatius amb diferents finalitats educatives i d\u2019entreteniment. Per exemple, a l\u2019aula, per mostrar alguna situaci\u00f3 o comportament, o per transmetre sabers o valors. Tamb\u00e9 a&hellip;  <a href=\"https:\/\/projectes.xtec.cat\/usdelallengua\/portada\/lopcio-de-recursos-audiovisuals-en-catala\/\" title=\"Read L\u2019opci\u00f3 de recursos audiovisuals en catal\u00e0\">Llegeix m\u00e9s\u00bb<\/a><\/p>\n","protected":false},"author":1,"featured_media":9032,"comment_status":"closed","ping_status":"closed","sticky":false,"template":"","format":"standard","meta":{"_bbp_topic_count":0,"_bbp_reply_count":0,"_bbp_total_topic_count":0,"_bbp_total_reply_count":0,"_bbp_voice_count":0,"_bbp_anonymous_reply_count":0,"_bbp_topic_count_hidden":0,"_bbp_reply_count_hidden":0,"_bbp_forum_subforum_count":0,"footnotes":""},"categories":[302,29],"tags":[317],"class_list":["post-9031","post","type-post","status-publish","format-standard","has-post-thumbnail","hentry","category-estrategies","category-portada","tag-videos"],"post_mailing_queue_ids":[],"_links":{"self":[{"href":"https:\/\/projectes.xtec.cat\/usdelallengua\/wp-json\/wp\/v2\/posts\/9031","targetHints":{"allow":["GET"]}}],"collection":[{"href":"https:\/\/projectes.xtec.cat\/usdelallengua\/wp-json\/wp\/v2\/posts"}],"about":[{"href":"https:\/\/projectes.xtec.cat\/usdelallengua\/wp-json\/wp\/v2\/types\/post"}],"author":[{"embeddable":true,"href":"https:\/\/projectes.xtec.cat\/usdelallengua\/wp-json\/wp\/v2\/users\/1"}],"replies":[{"embeddable":true,"href":"https:\/\/projectes.xtec.cat\/usdelallengua\/wp-json\/wp\/v2\/comments?post=9031"}],"version-history":[{"count":2,"href":"https:\/\/projectes.xtec.cat\/usdelallengua\/wp-json\/wp\/v2\/posts\/9031\/revisions"}],"predecessor-version":[{"id":9055,"href":"https:\/\/projectes.xtec.cat\/usdelallengua\/wp-json\/wp\/v2\/posts\/9031\/revisions\/9055"}],"wp:featuredmedia":[{"embeddable":true,"href":"https:\/\/projectes.xtec.cat\/usdelallengua\/wp-json\/wp\/v2\/media\/9032"}],"wp:attachment":[{"href":"https:\/\/projectes.xtec.cat\/usdelallengua\/wp-json\/wp\/v2\/media?parent=9031"}],"wp:term":[{"taxonomy":"category","embeddable":true,"href":"https:\/\/projectes.xtec.cat\/usdelallengua\/wp-json\/wp\/v2\/categories?post=9031"},{"taxonomy":"post_tag","embeddable":true,"href":"https:\/\/projectes.xtec.cat\/usdelallengua\/wp-json\/wp\/v2\/tags?post=9031"}],"curies":[{"name":"wp","href":"https:\/\/api.w.org\/{rel}","templated":true}]}}