{"id":9094,"date":"2022-12-20T14:40:36","date_gmt":"2022-12-20T13:40:36","guid":{"rendered":"https:\/\/projectes.xtec.cat\/usdelallengua\/?p=9094"},"modified":"2024-05-02T08:58:31","modified_gmt":"2024-05-02T06:58:31","slug":"oferta-formativa-de-cursos-de-nivell-c2-de-catala-de-rosa-sensat","status":"publish","type":"post","link":"https:\/\/projectes.xtec.cat\/usdelallengua\/portada\/oferta-formativa-de-cursos-de-nivell-c2-de-catala-de-rosa-sensat\/","title":{"rendered":"Oferta formativa de cursos de nivell C2 de catal\u00e0 de Rosa Sensat"},"content":{"rendered":"<p><span style=\"font-weight: 400;\"><a href=\"https:\/\/projectes.xtec.cat\/usdelallengua\/wp-content\/uploads\/usu2313\/2022\/12\/C2-Rosa-Sensat.png\"><img loading=\"lazy\" decoding=\"async\" class=\"size-full wp-image-9095 alignleft\" src=\"https:\/\/projectes.xtec.cat\/usdelallengua\/wp-content\/uploads\/usu2313\/2022\/12\/C2-Rosa-Sensat.png\" alt=\"\" width=\"450\" height=\"200\" srcset=\"https:\/\/projectes.xtec.cat\/usdelallengua\/wp-content\/uploads\/usu2313\/2022\/12\/C2-Rosa-Sensat.png 450w, https:\/\/projectes.xtec.cat\/usdelallengua\/wp-content\/uploads\/usu2313\/2022\/12\/C2-Rosa-Sensat-300x133.png 300w\" sizes=\"auto, (max-width: 450px) 100vw, 450px\" \/><\/a>L\u2019<\/span><a href=\"https:\/\/www.rosasensat.org\/\"><span style=\"font-weight: 400;\">Associaci\u00f3 de Mestres Rosa Sensat <\/span><\/a><span style=\"font-weight: 400;\">oferta dos <\/span><a href=\"https:\/\/www.rosasensat.org\/formacio\/preparacio-per-al-nivell-superior-c2-de-catala-per-a-docents\/\"><span style=\"font-weight: 400;\">curs preparatoris de nivell C2 de catal\u00e0<\/span><\/a><span style=\"font-weight: 400;\"> a partir del mes de gener de 2023. Els cursos s\u00f3n de 60 hores cadascun, un s\u2019imparteix en dimecres i l\u2019altre en dijous.<\/span><\/p>\n<p><span style=\"font-weight: 400;\">La formaci\u00f3 es realitzar\u00e0 a dist\u00e0ncia, amb 15 sessions virtuals s\u00edncrones de dues hores, amb una periodicitat setmanal, i una durada total de 30 hores. Paral\u00b7lelament, es preveu una dedicaci\u00f3 personal addicional de m\u00ednim 30 hores, les quals corresponen a treball personal per a la realitzaci\u00f3 de tasques que es consignaran i revisaran sessi\u00f3 rere sessi\u00f3. A m\u00e9s, es preveu que els aprenents disposin de tasques autocorrectives per complementar volunt\u00e0riament la formaci\u00f3 i preparar millor la prova.<\/span><\/p>\n<p><span style=\"font-weight: 400;\">El preu del curs \u00e9s de 195 euros per als socis de l\u2019Associaci\u00f3 i de 245 euros per als no socis. El preu no inclou la convocat\u00f2ria oficial de l\u2019examen, per\u00f2 els 60 primers inscrits al curs de Rosa Sensat tenen garantit el dret d\u2019examen del nivell C2 del Departament d\u2019Educaci\u00f3 per a aquest curs 2022-23.<\/span><\/p>\n<p><span style=\"font-weight: 400;\">L\u2019oferta formativa de cursos de preparaci\u00f3 del nivell C2 de catal\u00e0 de Rosa Sensat se suma a les <\/span><a href=\"https:\/\/projectes.xtec.cat\/usdelallengua\/formacio-linguistica-en-catala-i-occita-del-professorat\/\"><span style=\"font-weight: 400;\">formacions que ja s\u2019ofereixen des del Departament d\u2019Educaci\u00f3<\/span><\/a><span style=\"font-weight: 400;\"> per a docents (tant des del Servei de Suports i Recursos Ling\u00fc\u00edstics, com des dels serveis territorials i el Consorci d\u2019Educaci\u00f3 de Barcelona i les escoles oficials d\u2019idiomes), que en aquests moments ja tenen les inscripcions tancades. Tamb\u00e9 s\u2019afegeix als cursos preparatoris de nivell C2 ofertats des d\u2019altres entitats com el <\/span><a href=\"https:\/\/www.cpnl.cat\/cursos-de-catala\/cursos-generals-nivell-superior\/\"><span style=\"font-weight: 400;\">Consorci per a la Normalitzaci\u00f3 Ling\u00fc\u00edstica<\/span><\/a><span style=\"font-weight: 400;\"> o alguns sindicats.<\/span><\/p>\n","protected":false},"excerpt":{"rendered":"<p><a href=\"https:\/\/projectes.xtec.cat\/usdelallengua\/wp-content\/uploads\/usu2313\/2022\/12\/C2-Rosa-Sensat.png\"><\/a>L\u2019<a href=\"https:\/\/www.rosasensat.org\/\">Associaci\u00f3 de Mestres Rosa Sensat <\/a>oferta dos <a href=\"https:\/\/www.rosasensat.org\/formacio\/preparacio-per-al-nivell-superior-c2-de-catala-per-a-docents\/\">curs preparatoris de nivell C2 de catal\u00e0<\/a> a partir del mes de gener de 2023. Els cursos s\u00f3n de 60 hores cadascun, un s\u2019imparteix en dimecres i l\u2019altre en dijous.<br \/>\nLa formaci\u00f3 es realitzar\u00e0 a dist\u00e0ncia,&hellip;  <a href=\"https:\/\/projectes.xtec.cat\/usdelallengua\/portada\/oferta-formativa-de-cursos-de-nivell-c2-de-catala-de-rosa-sensat\/\" title=\"Read Oferta formativa de cursos de nivell C2 de catal\u00e0 de Rosa Sensat\">Llegeix m\u00e9s\u00bb<\/a><\/p>\n","protected":false},"author":1,"featured_media":9095,"comment_status":"open","ping_status":"closed","sticky":false,"template":"","format":"standard","meta":{"_bbp_topic_count":0,"_bbp_reply_count":0,"_bbp_total_topic_count":0,"_bbp_total_reply_count":0,"_bbp_voice_count":0,"_bbp_anonymous_reply_count":0,"_bbp_topic_count_hidden":0,"_bbp_reply_count_hidden":0,"_bbp_forum_subforum_count":0,"footnotes":""},"categories":[29],"tags":[490,482],"class_list":["post-9094","post","type-post","status-publish","format-standard","has-post-thumbnail","hentry","category-portada","tag-autoformacio","tag-competencia-comunicativa-i-linguistica"],"post_mailing_queue_ids":[],"_links":{"self":[{"href":"https:\/\/projectes.xtec.cat\/usdelallengua\/wp-json\/wp\/v2\/posts\/9094","targetHints":{"allow":["GET"]}}],"collection":[{"href":"https:\/\/projectes.xtec.cat\/usdelallengua\/wp-json\/wp\/v2\/posts"}],"about":[{"href":"https:\/\/projectes.xtec.cat\/usdelallengua\/wp-json\/wp\/v2\/types\/post"}],"author":[{"embeddable":true,"href":"https:\/\/projectes.xtec.cat\/usdelallengua\/wp-json\/wp\/v2\/users\/1"}],"replies":[{"embeddable":true,"href":"https:\/\/projectes.xtec.cat\/usdelallengua\/wp-json\/wp\/v2\/comments?post=9094"}],"version-history":[{"count":2,"href":"https:\/\/projectes.xtec.cat\/usdelallengua\/wp-json\/wp\/v2\/posts\/9094\/revisions"}],"predecessor-version":[{"id":9097,"href":"https:\/\/projectes.xtec.cat\/usdelallengua\/wp-json\/wp\/v2\/posts\/9094\/revisions\/9097"}],"wp:featuredmedia":[{"embeddable":true,"href":"https:\/\/projectes.xtec.cat\/usdelallengua\/wp-json\/wp\/v2\/media\/9095"}],"wp:attachment":[{"href":"https:\/\/projectes.xtec.cat\/usdelallengua\/wp-json\/wp\/v2\/media?parent=9094"}],"wp:term":[{"taxonomy":"category","embeddable":true,"href":"https:\/\/projectes.xtec.cat\/usdelallengua\/wp-json\/wp\/v2\/categories?post=9094"},{"taxonomy":"post_tag","embeddable":true,"href":"https:\/\/projectes.xtec.cat\/usdelallengua\/wp-json\/wp\/v2\/tags?post=9094"}],"curies":[{"name":"wp","href":"https:\/\/api.w.org\/{rel}","templated":true}]}}