{"id":9108,"date":"2023-01-09T10:07:15","date_gmt":"2023-01-09T09:07:15","guid":{"rendered":"https:\/\/projectes.xtec.cat\/usdelallengua\/?p=9108"},"modified":"2024-05-02T10:34:25","modified_gmt":"2024-05-02T08:34:25","slug":"youtubers-docents","status":"publish","type":"post","link":"https:\/\/projectes.xtec.cat\/usdelallengua\/portada\/youtubers-docents\/","title":{"rendered":"Youtubers docents"},"content":{"rendered":"<p><span style=\"font-weight: 400;\"><a href=\"https:\/\/projectes.xtec.cat\/usdelallengua\/wp-content\/uploads\/usu2313\/2023\/01\/Youtubers-docents-1.png\"><img loading=\"lazy\" decoding=\"async\" class=\"size-full wp-image-9109 alignleft\" src=\"https:\/\/projectes.xtec.cat\/usdelallengua\/wp-content\/uploads\/usu2313\/2023\/01\/Youtubers-docents-1.png\" alt=\"\" width=\"450\" height=\"200\" srcset=\"https:\/\/projectes.xtec.cat\/usdelallengua\/wp-content\/uploads\/usu2313\/2023\/01\/Youtubers-docents-1.png 450w, https:\/\/projectes.xtec.cat\/usdelallengua\/wp-content\/uploads\/usu2313\/2023\/01\/Youtubers-docents-1-300x133.png 300w\" sizes=\"auto, (max-width: 450px) 100vw, 450px\" \/><\/a>La visualitzaci\u00f3 de v\u00eddeos educatius i amb continguts curriculars \u00e9s un bon mecanisme per facilitar i complementar els processos d\u2019ensenyament i d\u2019aprenentatge en l\u2019\u00e0mbit escolar. La necessitat de disposar de v\u00eddeos educatius i de continguts en catal\u00e0 amb qu\u00e8 es troben molts mestres i professors els ha emp\u00e8s a convertir-se en elaboradors i divulgadors de continguts. Difondre les seves creacions, tot penjant-les a la xarxa, ha perm\u00e8s visualitzar la ingent tasca que fan molts docents compromesos amb l\u2019educaci\u00f3, compartir esfor\u00e7os i establir col\u00b7laboracions amb altres docents.<\/span><\/p>\n<p><span style=\"font-weight: 400;\">L\u2019espai web <\/span><a href=\"https:\/\/www.youtubersdocents.cat\/\"><span style=\"font-weight: 400;\">Youtubers docents<\/span><\/a><span style=\"font-weight: 400;\"> t\u00e9 com a objectiu posar a disposici\u00f3 de la comunitat educativa canals de difusi\u00f3 de continguts en catal\u00e0 elaborats per docents d\u2019arreu del domini ling\u00fc\u00edstic catal\u00e0. L\u2019art\u00edfex de la iniciativa, Pau Font Sancho, explica que els \u201cobjectius principals d\u2019aquesta iniciativa s\u00f3n animar a m\u00e9s docents que comparteixin els seus coneixements al m\u00f3n, visibilitzar una mica m\u00e9s els que ja existeixen i facilitar la cerca de continguts formatius de parla catalana a Youtube\u201d.\u00a0<\/span><\/p>\n<p><span style=\"font-weight: 400;\">El portal recull canals de youtube que parlen catal\u00e0 amb diferents accents, i en quals es transmeten coneixements i s\u2019incentiva l\u2019aprenentatge, sempre amb intenci\u00f3 educativa. A m\u00e9s, el portal disposa d\u2019un espai (<\/span><i><span style=\"font-weight: 400;\">Ser youtuber<\/span><\/i><span style=\"font-weight: 400;\">) en qu\u00e8 s\u2019explica com es crea un canal de youtube i es fan suggeriments i es donen consells per comen\u00e7ar a crear continguts en catal\u00e0. Despr\u00e9s d\u2019una passejada pels m\u00e9s de 300 canals que recull aquesta p\u00e0gina, segur que coneixerem molts m\u00e9s recursos per utilitzar a l\u2019aula o per proposar a l\u2019alumnat que visualitzi a casa.<\/span><\/p>\n<p><span style=\"font-weight: 400;\">Es tracta, en definitiva, d\u2019una iniciativa que visibilitza la feina que fan molts mestres i professors i que contribueix a la normalitzaci\u00f3 de la llengua catalana a internet.<\/span><\/p>\n","protected":false},"excerpt":{"rendered":"<p><a href=\"https:\/\/projectes.xtec.cat\/usdelallengua\/wp-content\/uploads\/usu2313\/2023\/01\/Youtubers-docents-1.png\"><\/a>La visualitzaci\u00f3 de v\u00eddeos educatius i amb continguts curriculars \u00e9s un bon mecanisme per facilitar i complementar els processos d\u2019ensenyament i d\u2019aprenentatge en l\u2019\u00e0mbit escolar. La necessitat de disposar de v\u00eddeos educatius i de continguts en catal\u00e0 amb qu\u00e8 es troben molts mestres i&hellip;  <a href=\"https:\/\/projectes.xtec.cat\/usdelallengua\/portada\/youtubers-docents\/\" title=\"Read Youtubers docents\">Llegeix m\u00e9s\u00bb<\/a><\/p>\n","protected":false},"author":1,"featured_media":9109,"comment_status":"closed","ping_status":"closed","sticky":false,"template":"","format":"standard","meta":{"_bbp_topic_count":0,"_bbp_reply_count":0,"_bbp_total_topic_count":0,"_bbp_total_reply_count":0,"_bbp_voice_count":0,"_bbp_anonymous_reply_count":0,"_bbp_topic_count_hidden":0,"_bbp_reply_count_hidden":0,"_bbp_forum_subforum_count":0,"footnotes":""},"categories":[310,29],"tags":[484,474],"class_list":["post-9108","post","type-post","status-publish","format-standard","has-post-thumbnail","hentry","category-material-audiovisual","category-portada","tag-digital","tag-llengua-vehicular"],"post_mailing_queue_ids":[],"_links":{"self":[{"href":"https:\/\/projectes.xtec.cat\/usdelallengua\/wp-json\/wp\/v2\/posts\/9108","targetHints":{"allow":["GET"]}}],"collection":[{"href":"https:\/\/projectes.xtec.cat\/usdelallengua\/wp-json\/wp\/v2\/posts"}],"about":[{"href":"https:\/\/projectes.xtec.cat\/usdelallengua\/wp-json\/wp\/v2\/types\/post"}],"author":[{"embeddable":true,"href":"https:\/\/projectes.xtec.cat\/usdelallengua\/wp-json\/wp\/v2\/users\/1"}],"replies":[{"embeddable":true,"href":"https:\/\/projectes.xtec.cat\/usdelallengua\/wp-json\/wp\/v2\/comments?post=9108"}],"version-history":[{"count":2,"href":"https:\/\/projectes.xtec.cat\/usdelallengua\/wp-json\/wp\/v2\/posts\/9108\/revisions"}],"predecessor-version":[{"id":9852,"href":"https:\/\/projectes.xtec.cat\/usdelallengua\/wp-json\/wp\/v2\/posts\/9108\/revisions\/9852"}],"wp:featuredmedia":[{"embeddable":true,"href":"https:\/\/projectes.xtec.cat\/usdelallengua\/wp-json\/wp\/v2\/media\/9109"}],"wp:attachment":[{"href":"https:\/\/projectes.xtec.cat\/usdelallengua\/wp-json\/wp\/v2\/media?parent=9108"}],"wp:term":[{"taxonomy":"category","embeddable":true,"href":"https:\/\/projectes.xtec.cat\/usdelallengua\/wp-json\/wp\/v2\/categories?post=9108"},{"taxonomy":"post_tag","embeddable":true,"href":"https:\/\/projectes.xtec.cat\/usdelallengua\/wp-json\/wp\/v2\/tags?post=9108"}],"curies":[{"name":"wp","href":"https:\/\/api.w.org\/{rel}","templated":true}]}}