{"id":9118,"date":"2023-01-30T07:00:45","date_gmt":"2023-01-30T06:00:45","guid":{"rendered":"https:\/\/projectes.xtec.cat\/usdelallengua\/?p=9118"},"modified":"2024-04-27T09:59:18","modified_gmt":"2024-04-27T07:59:18","slug":"les-autobiografies-linguistiques","status":"publish","type":"post","link":"https:\/\/projectes.xtec.cat\/usdelallengua\/portada\/les-autobiografies-linguistiques\/","title":{"rendered":"Les autobiografies ling\u00fc\u00edstiques"},"content":{"rendered":"<p><span style=\"font-weight: 400;\">\u00a0L\u2019<a href=\"https:\/\/projectes.xtec.cat\/usdelallengua\/wp-content\/uploads\/usu2313\/2023\/01\/Les-autobiografies-linguistiques.png\"><img loading=\"lazy\" decoding=\"async\" class=\"size-full wp-image-9119 alignleft\" src=\"https:\/\/projectes.xtec.cat\/usdelallengua\/wp-content\/uploads\/usu2313\/2023\/01\/Les-autobiografies-linguistiques.png\" alt=\"\" width=\"450\" height=\"200\" srcset=\"https:\/\/projectes.xtec.cat\/usdelallengua\/wp-content\/uploads\/usu2313\/2023\/01\/Les-autobiografies-linguistiques.png 450w, https:\/\/projectes.xtec.cat\/usdelallengua\/wp-content\/uploads\/usu2313\/2023\/01\/Les-autobiografies-linguistiques-300x133.png 300w\" sizes=\"auto, (max-width: 450px) 100vw, 450px\" \/><\/a>autobiografia ling\u00fc\u00edstica \u00e9s un recull de les experi\u00e8ncies que ha tingut una persona amb les lleng\u00fces al llarg de la vida: les lleng\u00fces familiars, les lleng\u00fces de l\u2019entorn, les lleng\u00fces que ha apr\u00e8s.\u00a0Elaborar la pr\u00f2pia biografia ling\u00fc\u00edstica \u00e9s un exercici que permet despertar la sensibilitat ling\u00fc\u00edstica i fomenta el respecte per totes les lleng\u00fces.<\/span><\/p>\n<p><span style=\"font-weight: 400;\">L\u2019inter\u00e8s per les autobiografies ling\u00fc\u00edstiques va cr\u00e9ixer arran d\u2019una orientaci\u00f3 did\u00e0ctica del Consell d\u2019Europa (del\u00a0<\/span><a href=\"http:\/\/www.sepie.es\/doc\/portfolio\/biografiaDossierSecundariacatalan.pdf\"><span style=\"font-weight: 400;\">Portfoli Europeu de les Lleng\u00fces<\/span><\/a><span style=\"font-weight: 400;\">\u00a0\/ European Language Portfolio) i, que, a grans trets, proposa que cada persona expliqui tantes coses com pugui sobre les lleng\u00fces i les cultures que coneix (coneixements, usos, destreses, certificats, an\u00e8cdotes, etc.). L\u2019objectiu de tot plegat \u00e9s potenciar el pluriling\u00fcisme, afavorir el respecte a la diversitat, i facilitar la mobilitat interna en el context europeu.<\/span><\/p>\n<p>&nbsp;<\/p>\n<p><b>Com es fa una autobiografia ling\u00fc\u00edstica?<\/b><\/p>\n<p><span style=\"font-weight: 400;\">Per elaborar una autobiografia ling\u00fc\u00edstica \u00e9s important tenir en compte un conjunt de q\u00fcestions que permeten reflexionar sobre la relaci\u00f3 que ha tingut una persona amb les lleng\u00fces al llarg de la seva vida:<\/span><\/p>\n<p><span style=\"font-weight: 400;\">\u2013 Lleng\u00fces familiars: les que es van aprendre de petit, les que parlaven els pares, els avis, altres familiars\u2026 les lleng\u00fces que es parlen ara a la fam\u00edlia.<\/span><\/p>\n<p><span style=\"font-weight: 400;\">\u2013 Coneixement de lleng\u00fces: quines lleng\u00fces entenem, quines sabem parlar, i quines podem llegir i\/o escriure. \u00c9s interessant recordar com s\u2019han apr\u00e8s: parlant amb amics, fent-ne classes, mirant la televisi\u00f3&#8230;<\/span><\/p>\n<p><span style=\"font-weight: 400;\">\u2013 \u00das de les lleng\u00fces: quan s\u2019usen les lleng\u00fces que tenim a l\u2019abast. Hem de preveure que les lleng\u00fces no s\u2019usen aleat\u00f2riament, perqu\u00e8 s\u00ed, sin\u00f3 que les seleccionem segons objectius ben concrets.\u00a0<\/span><\/p>\n<p><span style=\"font-weight: 400;\">\u2013 Actitud vers les lleng\u00fces: hi ha lleng\u00fces que es perceben m\u00e9s \u00fatils que altres, segurament hi ha una llengua que es percep com la pr\u00f2pia (o potser s\u00f3n dues o tres), algunes desperten sentiments positius i potser d\u2019altres s\u2019acompanyen de sentiments negatius\u2026 A m\u00e9s, hi ha lleng\u00fces amb les quals ens trobem m\u00e9s c\u00f2modes quan les parlem que no amb d\u2019altres.<\/span><\/p>\n<p>&nbsp;<\/p>\n<p><b>Amb quina finalitat s\u2019elaboren les autobiografies ling\u00fc\u00edstiques?<\/b><\/p>\n<p><span style=\"font-weight: 400;\">El\u00a0<\/span><a href=\"https:\/\/blogs.cpnl.cat\/autobiografies-linguistiques\/\"><span style=\"font-weight: 400;\">CNL de Barcelona<\/span><\/a><span style=\"font-weight: 400;\">\u00a0assenyala els seg\u00fcents punts forts de les autobiografies:<\/span><\/p>\n<p><span style=\"font-weight: 400;\">1) Es valora l\u2019aprenentatge al llarg de la vida.<\/span><\/p>\n<p><span style=\"font-weight: 400;\">2) Es valoren els aprenentatges informals (al costat dels formals).<\/span><\/p>\n<p><span style=\"font-weight: 400;\">3) Es valora la compet\u00e8ncia cultural.<\/span><\/p>\n<p><span style=\"font-weight: 400;\">4) Es valora el pluriling\u00fcisme. Totes les lleng\u00fces sumen.<\/span><\/p>\n<p><span style=\"font-weight: 400;\">5) \u00c9s una pr\u00e0ctica did\u00e0ctica per a l\u2019aprenentatge de segones lleng\u00fces que ha rebut el reconeixement dels especialistes en ensenyament de lleng\u00fces i del Consell d\u2019Europa.<\/span><\/p>\n<p><span style=\"font-weight: 400;\">6) Permeten descobrir qu\u00e8 sap fer l\u2019aprenent en cada llengua (habilitats ling\u00fc\u00edstiques). D\u2019aquesta manera es poden concretar els objectius d\u2019aprenentatge i identificar els progressos i les dificultats en aquest aprenentatge.<\/span><\/p>\n<p><span style=\"font-weight: 400;\">7) Ajuden a con\u00e8ixer millor les diferents maneres d\u2019aprendre i quines s\u00f3n m\u00e9s efectives. \u00c9s a dir, ajuden a prendre consci\u00e8ncia sobre el propi aprenentatge.<\/span><\/p>\n<p><span style=\"font-weight: 400;\">8) Contribueixen a respectar les difer\u00e8ncies ling\u00fc\u00edstiques i culturals entre diferents grups de persones i a valorar les lleng\u00fces de l\u2019entorn.<\/span><\/p>\n<p>&nbsp;<\/p>\n<p><b>Algunes experi\u00e8ncies\u2026<\/b><\/p>\n<p><span style=\"font-weight: 400;\">Hi ha moltes entitats i centres educatius que convoquen premis d\u2019autobiografies o biografies ling\u00fc\u00edstiques. Ho podeu comprovar amb una ullada r\u00e0pida a les xarxes. Aqu\u00ed us presentem dues experi\u00e8ncies que han tingut un gran \u00e8xit d\u2019acollida entre els usuaris.<\/span><\/p>\n<p><span style=\"font-weight: 400;\">A la p\u00e0gina web del\u00a0<\/span><a href=\"https:\/\/gela.cat\/doku.php?id=autobiografies\"><span style=\"font-weight: 400;\">Grup d\u2019Estudi de lleng\u00fces amena\u00e7ades (GELA)<\/span><\/a><span style=\"font-weight: 400;\">, hi trobareu orientacions per redactar relats de vida ling\u00fc\u00edstica, i totes les (auto)biografies ling\u00fc\u00edstiques que han rebut premis en les 5 edicions del concurs d'(auto)biografies que han convocat.\u00a0<\/span><\/p>\n<p><span style=\"font-weight: 400;\">Les <\/span><a href=\"https:\/\/blogs.cpnl.cat\/autobiografies-linguistiques\/\"><span style=\"font-weight: 400;\">lleng\u00fces de la meva vida, del\u00a0CNL de Barcelona<\/span><\/a><span style=\"font-weight: 400;\">, \u00e9s una altra p\u00e0gina amb molts recursos sobre l&#8217;autobiografia ling\u00fc\u00edstica. L&#8217;any 2016, el CNL de Barcelona va convocar un concurs d&#8217;autobiografies ling\u00fc\u00edstiques per a aprenents de catal\u00e0 i per a voluntariat de la llengua. Trobareu totes les autobiografies que s&#8217;hi van presentar a la seva p\u00e0gina web.<\/span><\/p>\n<p><span style=\"font-weight: 400;\">Per con\u00e8ixer m\u00e9s aspectes de les autobiografies ling\u00fc\u00edstiques, els formats en qu\u00e8 es poden realitzar i preguntes que poden ajudar a elaborar-les, podeu consultar tamb\u00e9 <\/span><a href=\"https:\/\/projectes.xtec.cat\/acollidasuport\/portada\/lautobiografia-linguistica\/\"><span style=\"font-weight: 400;\">aquest article<\/span><\/a><span style=\"font-weight: 400;\"> del <\/span><a href=\"https:\/\/projectes.xtec.cat\/acollidasuport\/\"><span style=\"font-weight: 400;\">Nodes d\u2019Alumnat d\u2019Origen Estranger<\/span><\/a><span style=\"font-weight: 400;\">.<\/span><\/p>\n","protected":false},"excerpt":{"rendered":"<p>\u00a0L\u2019<a href=\"https:\/\/projectes.xtec.cat\/usdelallengua\/wp-content\/uploads\/usu2313\/2023\/01\/Les-autobiografies-linguistiques.png\"><\/a>autobiografia ling\u00fc\u00edstica \u00e9s un recull de les experi\u00e8ncies que ha tingut una persona amb les lleng\u00fces al llarg de la vida: les lleng\u00fces familiars, les lleng\u00fces de l\u2019entorn, les lleng\u00fces que ha apr\u00e8s.\u00a0Elaborar la pr\u00f2pia biografia ling\u00fc\u00edstica \u00e9s un exercici que permet despertar la&hellip;  <a href=\"https:\/\/projectes.xtec.cat\/usdelallengua\/portada\/les-autobiografies-linguistiques\/\" title=\"Read Les autobiografies ling\u00fc\u00edstiques\">Llegeix m\u00e9s\u00bb<\/a><\/p>\n","protected":false},"author":1,"featured_media":9119,"comment_status":"closed","ping_status":"closed","sticky":false,"template":"","format":"standard","meta":{"_bbp_topic_count":0,"_bbp_reply_count":0,"_bbp_total_topic_count":0,"_bbp_total_reply_count":0,"_bbp_voice_count":0,"_bbp_anonymous_reply_count":0,"_bbp_topic_count_hidden":0,"_bbp_reply_count_hidden":0,"_bbp_forum_subforum_count":0,"footnotes":""},"categories":[302,29],"tags":[485],"class_list":["post-9118","post","type-post","status-publish","format-standard","has-post-thumbnail","hentry","category-estrategies","category-portada","tag-interculturalitat"],"post_mailing_queue_ids":[],"_links":{"self":[{"href":"https:\/\/projectes.xtec.cat\/usdelallengua\/wp-json\/wp\/v2\/posts\/9118","targetHints":{"allow":["GET"]}}],"collection":[{"href":"https:\/\/projectes.xtec.cat\/usdelallengua\/wp-json\/wp\/v2\/posts"}],"about":[{"href":"https:\/\/projectes.xtec.cat\/usdelallengua\/wp-json\/wp\/v2\/types\/post"}],"author":[{"embeddable":true,"href":"https:\/\/projectes.xtec.cat\/usdelallengua\/wp-json\/wp\/v2\/users\/1"}],"replies":[{"embeddable":true,"href":"https:\/\/projectes.xtec.cat\/usdelallengua\/wp-json\/wp\/v2\/comments?post=9118"}],"version-history":[{"count":3,"href":"https:\/\/projectes.xtec.cat\/usdelallengua\/wp-json\/wp\/v2\/posts\/9118\/revisions"}],"predecessor-version":[{"id":9851,"href":"https:\/\/projectes.xtec.cat\/usdelallengua\/wp-json\/wp\/v2\/posts\/9118\/revisions\/9851"}],"wp:featuredmedia":[{"embeddable":true,"href":"https:\/\/projectes.xtec.cat\/usdelallengua\/wp-json\/wp\/v2\/media\/9119"}],"wp:attachment":[{"href":"https:\/\/projectes.xtec.cat\/usdelallengua\/wp-json\/wp\/v2\/media?parent=9118"}],"wp:term":[{"taxonomy":"category","embeddable":true,"href":"https:\/\/projectes.xtec.cat\/usdelallengua\/wp-json\/wp\/v2\/categories?post=9118"},{"taxonomy":"post_tag","embeddable":true,"href":"https:\/\/projectes.xtec.cat\/usdelallengua\/wp-json\/wp\/v2\/tags?post=9118"}],"curies":[{"name":"wp","href":"https:\/\/api.w.org\/{rel}","templated":true}]}}