{"id":9121,"date":"2023-02-27T17:41:04","date_gmt":"2023-02-27T16:41:04","guid":{"rendered":"https:\/\/projectes.xtec.cat\/usdelallengua\/?p=9121"},"modified":"2024-05-02T10:34:11","modified_gmt":"2024-05-02T08:34:11","slug":"oberta-la-inscripcio-al-sambori-2023","status":"publish","type":"post","link":"https:\/\/projectes.xtec.cat\/usdelallengua\/portada\/oberta-la-inscripcio-al-sambori-2023\/","title":{"rendered":"Oberta la inscripci\u00f3 al Sambori 2023"},"content":{"rendered":"<p><a href=\"https:\/\/projectes.xtec.cat\/usdelallengua\/wp-content\/uploads\/usu2313\/2022\/12\/Sambori.png\"><img loading=\"lazy\" decoding=\"async\" class=\"size-full wp-image-9082 alignleft\" src=\"https:\/\/projectes.xtec.cat\/usdelallengua\/wp-content\/uploads\/usu2313\/2022\/12\/Sambori.png\" alt=\"\" width=\"450\" height=\"200\" srcset=\"https:\/\/projectes.xtec.cat\/usdelallengua\/wp-content\/uploads\/usu2313\/2022\/12\/Sambori.png 450w, https:\/\/projectes.xtec.cat\/usdelallengua\/wp-content\/uploads\/usu2313\/2022\/12\/Sambori-300x133.png 300w\" sizes=\"auto, (max-width: 450px) 100vw, 450px\" \/><\/a>El\u00a0<a href=\"https:\/\/www.omnium.cat\/ca\/projectes\/sambori\/\"><strong>Sambori<\/strong><\/a>\u00a0\u00e9s un projecte d\u2019<a href=\"https:\/\/www.omnium.cat\/ca\/\"><strong>\u00d2mnium cultural<\/strong><\/a>\u00a0que consisteix a fomentar la creaci\u00f3 de propostes art\u00edstiques i culturals de creaci\u00f3 i autoria col\u00b7lectives a centres educatius del territori, amb l\u2019objectiu de fomentar l\u2019emancipaci\u00f3 cultural, el sentiment de pertinen\u00e7a comunitari i l\u2019\u00fas de la llengua catalana, defensant la cultura com una eina de transformaci\u00f3 social generadora d\u2019oportunitats educatives.<\/p>\n<p>Durant el mes d\u2019abril de 2023, les seus territorials d\u2019\u00d2mnium organitzaran actes festius (<strong>Mostres Sambori)<\/strong>\u00a0en els quals es reconeixeran totes les creacions. Una oportunitat per celebrar i mostrar les creacions juntament amb tots els participants, les fam\u00edlies i la comunitat educativa.\u00a0Al mes de maig, es celebrar\u00e0 la\u00a0<a href=\"https:\/\/www.omnium.cat\/ca\/projectes\/sambori\/festa-sambori\/\"><strong>Festa Sambori<\/strong><\/a>, un acte de reconeixement per a tots els participants, per posar en valor el temps i l\u2019esfor\u00e7 que han dedicat a la creaci\u00f3 de les creacions col\u00b7lectives.<\/p>\n<p>Al <strong>Sambori<\/strong>, hi pot participar l\u2019alumnat que cursi educaci\u00f3 prim\u00e0ria, educaci\u00f3 secund\u00e0ria obligat\u00f2ria, batxillerat o cicles formatius de grau mitj\u00e0 en centres educatius del Principat, la Franja, Andorra, la Catalunya Nord o l\u2019Alguer durant el curs 2022-2023. En\u00a0<a href=\"https:\/\/www.omnium.cat\/ca\/projectes\/sambori\/les-mostres\/\"><strong>aquest enlla\u00e7<\/strong><\/a> trobareu les bases i el formulari per fer la inscripci\u00f3.<\/p>\n<p>Animeu-vos a participar-hi!<\/p>\n","protected":false},"excerpt":{"rendered":"<p>El\u00a0Sambori\u00a0\u00e9s un projecte d\u2019\u00d2mnium cultural\u00a0que consisteix a fomentar la creaci\u00f3 de propostes art\u00edstiques i culturals de creaci\u00f3 i autoria col\u00b7lectives a centres educatius del territori, amb l\u2019objectiu de fomentar l\u2019emancipaci\u00f3 cultural, el sentiment de pertinen\u00e7a comunitari i l\u2019\u00fas de la llengua catalana, defensant la cultura com una eina de transformaci\u00f3 social generadora d\u2019oportunitats educatives.&hellip;  <a href=\"https:\/\/projectes.xtec.cat\/usdelallengua\/portada\/oberta-la-inscripcio-al-sambori-2023\/\" title=\"Read Oberta la inscripci\u00f3 al Sambori 2023\">Llegeix m\u00e9s\u00bb<\/a><\/p>\n","protected":false},"author":1,"featured_media":9082,"comment_status":"open","ping_status":"closed","sticky":false,"template":"","format":"standard","meta":{"_bbp_topic_count":0,"_bbp_reply_count":0,"_bbp_total_topic_count":0,"_bbp_total_reply_count":0,"_bbp_voice_count":0,"_bbp_anonymous_reply_count":0,"_bbp_topic_count_hidden":0,"_bbp_reply_count_hidden":0,"_bbp_forum_subforum_count":0,"footnotes":""},"categories":[29,309],"tags":[428],"class_list":["post-9121","post","type-post","status-publish","format-standard","has-post-thumbnail","hentry","category-portada","category-recursos-didactics","tag-concurs"],"post_mailing_queue_ids":[],"_links":{"self":[{"href":"https:\/\/projectes.xtec.cat\/usdelallengua\/wp-json\/wp\/v2\/posts\/9121","targetHints":{"allow":["GET"]}}],"collection":[{"href":"https:\/\/projectes.xtec.cat\/usdelallengua\/wp-json\/wp\/v2\/posts"}],"about":[{"href":"https:\/\/projectes.xtec.cat\/usdelallengua\/wp-json\/wp\/v2\/types\/post"}],"author":[{"embeddable":true,"href":"https:\/\/projectes.xtec.cat\/usdelallengua\/wp-json\/wp\/v2\/users\/1"}],"replies":[{"embeddable":true,"href":"https:\/\/projectes.xtec.cat\/usdelallengua\/wp-json\/wp\/v2\/comments?post=9121"}],"version-history":[{"count":1,"href":"https:\/\/projectes.xtec.cat\/usdelallengua\/wp-json\/wp\/v2\/posts\/9121\/revisions"}],"predecessor-version":[{"id":9122,"href":"https:\/\/projectes.xtec.cat\/usdelallengua\/wp-json\/wp\/v2\/posts\/9121\/revisions\/9122"}],"wp:featuredmedia":[{"embeddable":true,"href":"https:\/\/projectes.xtec.cat\/usdelallengua\/wp-json\/wp\/v2\/media\/9082"}],"wp:attachment":[{"href":"https:\/\/projectes.xtec.cat\/usdelallengua\/wp-json\/wp\/v2\/media?parent=9121"}],"wp:term":[{"taxonomy":"category","embeddable":true,"href":"https:\/\/projectes.xtec.cat\/usdelallengua\/wp-json\/wp\/v2\/categories?post=9121"},{"taxonomy":"post_tag","embeddable":true,"href":"https:\/\/projectes.xtec.cat\/usdelallengua\/wp-json\/wp\/v2\/tags?post=9121"}],"curies":[{"name":"wp","href":"https:\/\/api.w.org\/{rel}","templated":true}]}}