{"id":9123,"date":"2023-03-01T10:56:54","date_gmt":"2023-03-01T09:56:54","guid":{"rendered":"https:\/\/projectes.xtec.cat\/usdelallengua\/?p=9123"},"modified":"2024-05-04T09:30:05","modified_gmt":"2024-05-04T07:30:05","slug":"premi-a-la-creacio-de-continguts-audiovisuals-en-catala-aranes-i-lsc-a-les-xarxes","status":"publish","type":"post","link":"https:\/\/projectes.xtec.cat\/usdelallengua\/portada\/premi-a-la-creacio-de-continguts-audiovisuals-en-catala-aranes-i-lsc-a-les-xarxes\/","title":{"rendered":"Premi a la creaci\u00f3 de continguts audiovisuals en catal\u00e0, aran\u00e8s i LSC a les xarxes"},"content":{"rendered":"<p><span style=\"font-weight: 400;\"><a href=\"https:\/\/projectes.xtec.cat\/usdelallengua\/wp-content\/uploads\/usu2313\/2023\/03\/Copia-de-Proves-certificats-2023-usos.png\"><img loading=\"lazy\" decoding=\"async\" class=\"size-full wp-image-9124 alignleft\" src=\"https:\/\/projectes.xtec.cat\/usdelallengua\/wp-content\/uploads\/usu2313\/2023\/03\/Copia-de-Proves-certificats-2023-usos.png\" alt=\"\" width=\"450\" height=\"200\" srcset=\"https:\/\/projectes.xtec.cat\/usdelallengua\/wp-content\/uploads\/usu2313\/2023\/03\/Copia-de-Proves-certificats-2023-usos.png 450w, https:\/\/projectes.xtec.cat\/usdelallengua\/wp-content\/uploads\/usu2313\/2023\/03\/Copia-de-Proves-certificats-2023-usos-300x133.png 300w\" sizes=\"auto, (max-width: 450px) 100vw, 450px\" \/><\/a>La Xarxa Vives d\u2019Universitats, el Grup d\u2019Estudi de Lleng\u00fces Amena\u00e7ades de la Universitat de Barcelona i \u00d2mnium Cultural convoquen el <\/span><b>Premi a la creaci\u00f3 de continguts audiovisuals en catal\u00e0, aran\u00e8s i llengua de signes catalana (LSC) a les xarxes<\/b><span style=\"font-weight: 400;\">. El certamen valora i premia l\u2019originalitat, la qualitat t\u00e8cnica, art\u00edstica i ling\u00fc\u00edstica, aix\u00ed com la contribuci\u00f3 a la promoci\u00f3 de la llengua, dels v\u00eddeos i canals difosos a les xarxes socials.<\/span><\/p>\n<p><span style=\"font-weight: 400;\">S&#8217;atorguen tres premis, cada un dotat amb 1.000 euros: un premi al millor canal en <\/span><b>catal\u00e0<\/b><span style=\"font-weight: 400;\">, un premi al millor canal en <\/span><b>aran\u00e8s <\/b><span style=\"font-weight: 400;\">i un altre premi al millor canal en <\/span><b>llengua de signes catalana<\/b><span style=\"font-weight: 400;\"> (LSC).<\/span><\/p>\n<p><span style=\"font-weight: 400;\">Per presentar una candidatura, es pot fer mitjan\u00e7ant l\u2019<\/span><b>autopresentaci\u00f3<\/b><span style=\"font-weight: 400;\"> (qualsevol persona pot presentar la candidatura sobre el seu canal) o b\u00e9 presentant <\/span><b>treballs d\u2019altri<\/b><span style=\"font-weight: 400;\"> (qualsevol persona pot presentar la candidatura sobre un canal que li sembli que pot optar al premi). Cada candidatura nom\u00e9s pot presentar 1 canal que opta al premi. No s\u2019acceptaran candidatures de canals que hagin estat premiats en l\u2019anterior edici\u00f3 del premi, ni de canals que hagin rebut finan\u00e7ament p\u00fablic o patrocini privat.<\/span><\/p>\n<p><span style=\"font-weight: 400;\">Els canals que es presenten al premi han de contenir un m\u00ednim de 5 v\u00eddeos publicats durant 2022. L\u2019acc\u00e9s als continguts ha de ser obert i p\u00fablic. Les xarxes socials admeses s\u00f3n: YouTube, Vimeo, Instagram TV, Tik ToK o Twitch.<\/span><\/p>\n<p><span style=\"font-weight: 400;\">Hi poden participar tots els menors de 35 anys. El termini per presentar candidatures \u00e9s el 31 de mar\u00e7 del 2023.<\/span><\/p>\n<p><span style=\"font-weight: 400;\">Trobareu les <\/span><a href=\"https:\/\/www.vives.org\/files\/2023\/02\/Premi-a-la-creacio-de-continguts-audiovisuals-a-les-xarxes-2023.pdf\"><span style=\"font-weight: 400;\">bases en pdf<\/span><\/a><span style=\"font-weight: 400;\"> i m\u00e9s informaci\u00f3 sobre el premi <\/span><a href=\"https:\/\/www.vives.org\/programes\/premis-ajuts\/premi-continguts-audiovisuals-catala-aranes-lsc-xarxes\/#1620220862913-6d7a1ffc-f891\"><span style=\"font-weight: 400;\">aqu\u00ed<\/span><\/a><span style=\"font-weight: 400;\">. Al final d\u2019aquesta p\u00e0gina trobareu la llista de guanyadors de la I i II edici\u00f3 i l\u2019enlla\u00e7 a les seves p\u00e0gines web i\/o xarxes socials.<\/span><\/p>\n","protected":false},"excerpt":{"rendered":"<p><a href=\"https:\/\/projectes.xtec.cat\/usdelallengua\/wp-content\/uploads\/usu2313\/2023\/03\/Copia-de-Proves-certificats-2023-usos.png\"><\/a>La Xarxa Vives d\u2019Universitats, el Grup d\u2019Estudi de Lleng\u00fces Amena\u00e7ades de la Universitat de Barcelona i \u00d2mnium Cultural convoquen el Premi a la creaci\u00f3 de continguts audiovisuals en catal\u00e0, aran\u00e8s i llengua de signes catalana (LSC) a les xarxes. El certamen valora i premia&hellip;  <a href=\"https:\/\/projectes.xtec.cat\/usdelallengua\/portada\/premi-a-la-creacio-de-continguts-audiovisuals-en-catala-aranes-i-lsc-a-les-xarxes\/\" title=\"Read Premi a la creaci\u00f3 de continguts audiovisuals en catal\u00e0, aran\u00e8s i LSC a les xarxes\">Llegeix m\u00e9s\u00bb<\/a><\/p>\n","protected":false},"author":1,"featured_media":9124,"comment_status":"closed","ping_status":"closed","sticky":false,"template":"","format":"standard","meta":{"_bbp_topic_count":0,"_bbp_reply_count":0,"_bbp_total_topic_count":0,"_bbp_total_reply_count":0,"_bbp_voice_count":0,"_bbp_anonymous_reply_count":0,"_bbp_topic_count_hidden":0,"_bbp_reply_count_hidden":0,"_bbp_forum_subforum_count":0,"footnotes":""},"categories":[29],"tags":[368,428],"class_list":["post-9123","post","type-post","status-publish","format-standard","has-post-thumbnail","hentry","category-portada","tag-aranes","tag-concurs"],"post_mailing_queue_ids":[],"_links":{"self":[{"href":"https:\/\/projectes.xtec.cat\/usdelallengua\/wp-json\/wp\/v2\/posts\/9123","targetHints":{"allow":["GET"]}}],"collection":[{"href":"https:\/\/projectes.xtec.cat\/usdelallengua\/wp-json\/wp\/v2\/posts"}],"about":[{"href":"https:\/\/projectes.xtec.cat\/usdelallengua\/wp-json\/wp\/v2\/types\/post"}],"author":[{"embeddable":true,"href":"https:\/\/projectes.xtec.cat\/usdelallengua\/wp-json\/wp\/v2\/users\/1"}],"replies":[{"embeddable":true,"href":"https:\/\/projectes.xtec.cat\/usdelallengua\/wp-json\/wp\/v2\/comments?post=9123"}],"version-history":[{"count":1,"href":"https:\/\/projectes.xtec.cat\/usdelallengua\/wp-json\/wp\/v2\/posts\/9123\/revisions"}],"predecessor-version":[{"id":9125,"href":"https:\/\/projectes.xtec.cat\/usdelallengua\/wp-json\/wp\/v2\/posts\/9123\/revisions\/9125"}],"wp:featuredmedia":[{"embeddable":true,"href":"https:\/\/projectes.xtec.cat\/usdelallengua\/wp-json\/wp\/v2\/media\/9124"}],"wp:attachment":[{"href":"https:\/\/projectes.xtec.cat\/usdelallengua\/wp-json\/wp\/v2\/media?parent=9123"}],"wp:term":[{"taxonomy":"category","embeddable":true,"href":"https:\/\/projectes.xtec.cat\/usdelallengua\/wp-json\/wp\/v2\/categories?post=9123"},{"taxonomy":"post_tag","embeddable":true,"href":"https:\/\/projectes.xtec.cat\/usdelallengua\/wp-json\/wp\/v2\/tags?post=9123"}],"curies":[{"name":"wp","href":"https:\/\/api.w.org\/{rel}","templated":true}]}}