{"id":9266,"date":"2023-04-24T12:27:31","date_gmt":"2023-04-24T10:27:31","guid":{"rendered":"https:\/\/projectes.xtec.cat\/usdelallengua\/?p=9266"},"modified":"2024-05-04T09:28:43","modified_gmt":"2024-05-04T07:28:43","slug":"teatre-dins-lescola-dels-grans-als-petits","status":"publish","type":"post","link":"https:\/\/projectes.xtec.cat\/usdelallengua\/portada\/teatre-dins-lescola-dels-grans-als-petits\/","title":{"rendered":"Teatre dins l\u2019escola. Dels grans als petits"},"content":{"rendered":"<p><span style=\"font-weight: 400;\"><a href=\"https:\/\/projectes.xtec.cat\/usdelallengua\/wp-content\/uploads\/usu2313\/2023\/04\/Francesc-Escursell.-Ripollet.png\"><img loading=\"lazy\" decoding=\"async\" class=\"size-full wp-image-9267 alignleft\" src=\"https:\/\/projectes.xtec.cat\/usdelallengua\/wp-content\/uploads\/usu2313\/2023\/04\/Francesc-Escursell.-Ripollet.png\" alt=\"\" width=\"450\" height=\"200\" srcset=\"https:\/\/projectes.xtec.cat\/usdelallengua\/wp-content\/uploads\/usu2313\/2023\/04\/Francesc-Escursell.-Ripollet.png 450w, https:\/\/projectes.xtec.cat\/usdelallengua\/wp-content\/uploads\/usu2313\/2023\/04\/Francesc-Escursell.-Ripollet-300x133.png 300w\" sizes=\"auto, (max-width: 450px) 100vw, 450px\" \/><\/a>Des de Ripollet, l\u2019Escola Francesc Escursell i Bartalot comparteix una bona pr\u00e0ctica que han dut a terme els cursos de 4t, 5\u00e8 i 6\u00e8 de prim\u00e0ria, per promoure l\u2019\u00fas del catal\u00e0 en el centre i potenciar la cohesi\u00f3 entre l\u2019alumnat.<\/span><\/p>\n<p><span style=\"font-weight: 400;\">Objectius que es plantegen:<\/span><\/p>\n<ul>\n<li style=\"font-weight: 400;\" aria-level=\"1\"><span style=\"font-weight: 400;\">Crear un espai l\u00fadic per a utilitzar la llengua catalana de forma vivencial.<\/span><\/li>\n<li style=\"font-weight: 400;\" aria-level=\"1\"><span style=\"font-weight: 400;\">Fer representacions teatrals amb la creaci\u00f3 d\u2019un gui\u00f3 i l\u2019attrezzo a partir d\u2019obres significatives de la seva cultura i llengua d\u2019origen.<\/span><\/li>\n<li style=\"font-weight: 400;\" aria-level=\"1\"><span style=\"font-weight: 400;\">Compartir les representacions amb la comunitat de petits per a fer un modelatge envers l\u2019\u00fas de la llengua catalana.<\/span><\/li>\n<\/ul>\n<p><span style=\"font-weight: 400;\">Descripci\u00f3 de l\u2019activitat:<\/span><a href=\"https:\/\/projectes.xtec.cat\/usdelallengua\/wp-content\/uploads\/usu2313\/2023\/04\/Francesc-Escursell.-Ripollet.png\"><br \/>\n<\/a><\/p>\n<p><span style=\"font-weight: 400;\">Ens hem plantejat crear un espai l\u00fadic on conviuen la llengua catalana i el vincle emocional entre els infants: expressant el que som, el que pensem i el que sentim. Hem aprofitat el teatre com a s\u00edmbol de l\u2019expressi\u00f3 oral en llengua catalana, enlla\u00e7ant-la amb el multiling\u00fcisme de la nostra escola. Davant del repte que suposa utilitzar el catal\u00e0 a les aules, vam buscar una estrat\u00e8gia per donar-li un car\u00e0cter m\u00e9s funcional i significatiu: adre\u00e7ar la proposta a l\u2019alumnat de la comunitat de petits.<\/span><a href=\"https:\/\/projectes.xtec.cat\/usdelallengua\/wp-content\/uploads\/usu2313\/2023\/04\/Francesc-Escursell.-Ripollet.png\"><br \/>\n<\/a><\/p>\n<p><span style=\"font-weight: 400;\">L\u2019activitat, que passa pels diferents processos de creaci\u00f3, s\u2019inicia a les aules amb una conversa on els infants van triar en treball col\u00b7laboratiu obres significatives des de la seva cultura i llengua d\u2019origen.<\/span><a href=\"https:\/\/projectes.xtec.cat\/usdelallengua\/wp-content\/uploads\/usu2313\/2023\/04\/Francesc-Escursell.-Ripollet.png\"><br \/>\n<\/a><\/p>\n<p><span style=\"font-weight: 400;\">Aquest fet va suposar adaptar la hist\u00f2ria al catal\u00e0 i elaborar un gui\u00f3 propi amb un llenguatge actual. D\u2019altra banda, van crear els elements visuals necessaris per ajudar a la comprensi\u00f3: titelles, m\u00e0scares, attrezzo\u2026 A m\u00e9s a m\u00e9s, en els assajos van treballar l\u2019entonaci\u00f3, la dicci\u00f3 i el llenguatge no verbal per fer arribar el missatge de forma adequada.<\/span><a href=\"https:\/\/projectes.xtec.cat\/usdelallengua\/wp-content\/uploads\/usu2313\/2023\/04\/Francesc-Escursell.-Ripollet.png\"><br \/>\n<\/a><\/p>\n<p><span style=\"font-weight: 400;\">Despr\u00e9s d\u2019aquesta preparaci\u00f3, els nens i nenes van fer les seves representacions a la comunitat de petits i tamb\u00e9 van tenir temps de compartir una estona de lectura (utilitzant la llengua com a font de plaer i de gaudi).<\/span><a href=\"https:\/\/projectes.xtec.cat\/usdelallengua\/wp-content\/uploads\/usu2313\/2023\/04\/Francesc-Escursell.-Ripollet.png\"><br \/>\n<\/a><\/p>\n<p><span style=\"font-weight: 400;\">Resultats i avaluaci\u00f3:<\/span><a href=\"https:\/\/projectes.xtec.cat\/usdelallengua\/wp-content\/uploads\/usu2313\/2023\/04\/Francesc-Escursell.-Ripollet.png\"><br \/>\n<\/a><\/p>\n<p><span style=\"font-weight: 400;\">Tots i totes han estat engrescats i motivats durant tot el proc\u00e9s de creaci\u00f3 i representaci\u00f3 i la valoraci\u00f3 de l\u2019activitat ha estat molt positiva. Per tant, des de la nostra experi\u00e8ncia, podem afirmar que el modelatge dels infants m\u00e9s grans cap als m\u00e9s petits crea expectatives positives vers l\u2019aprenentatge de la llengua.<\/span><a href=\"https:\/\/projectes.xtec.cat\/usdelallengua\/wp-content\/uploads\/usu2313\/2023\/04\/Francesc-Escursell.-Ripollet.png\"><br \/>\n<\/a><\/p>\n<p style=\"text-align: right;\"><i><span style=\"font-weight: 400;\">Escola Francesc Escursell i Bartalot. Ripollet<\/span><\/i><\/p>\n","protected":false},"excerpt":{"rendered":"<p><a href=\"https:\/\/projectes.xtec.cat\/usdelallengua\/wp-content\/uploads\/usu2313\/2023\/04\/Francesc-Escursell.-Ripollet.png\"><\/a>Des de Ripollet, l\u2019Escola Francesc Escursell i Bartalot comparteix una bona pr\u00e0ctica que han dut a terme els cursos de 4t, 5\u00e8 i 6\u00e8 de prim\u00e0ria, per promoure l\u2019\u00fas del catal\u00e0 en el centre i potenciar la cohesi\u00f3 entre l\u2019alumnat.<br \/>\nObjectius que es plantegen:<\/p>\n<ul>\n<li style=\"font-weight:&hellip;  <a href=\"https:\/\/projectes.xtec.cat\/usdelallengua\/portada\/teatre-dins-lescola-dels-grans-als-petits\/\" title=\"Read Teatre dins l\u2019escola. Dels grans als petits\">Llegeix m\u00e9s\u00bb<\/a><br \/>\n","protected":false},"author":1,"featured_media":9267,"comment_status":"open","ping_status":"closed","sticky":false,"template":"","format":"standard","meta":{"_bbp_topic_count":0,"_bbp_reply_count":0,"_bbp_total_topic_count":0,"_bbp_total_reply_count":0,"_bbp_voice_count":0,"_bbp_anonymous_reply_count":0,"_bbp_topic_count_hidden":0,"_bbp_reply_count_hidden":0,"_bbp_forum_subforum_count":0,"footnotes":""},"categories":[303,29],"tags":[388,483],"class_list":["post-9266","post","type-post","status-publish","format-standard","has-post-thumbnail","hentry","category-bones-practiques","category-portada","tag-jocs","tag-oralitat"],"post_mailing_queue_ids":[],"_links":{"self":[{"href":"https:\/\/projectes.xtec.cat\/usdelallengua\/wp-json\/wp\/v2\/posts\/9266","targetHints":{"allow":["GET"]}}],"collection":[{"href":"https:\/\/projectes.xtec.cat\/usdelallengua\/wp-json\/wp\/v2\/posts"}],"about":[{"href":"https:\/\/projectes.xtec.cat\/usdelallengua\/wp-json\/wp\/v2\/types\/post"}],"author":[{"embeddable":true,"href":"https:\/\/projectes.xtec.cat\/usdelallengua\/wp-json\/wp\/v2\/users\/1"}],"replies":[{"embeddable":true,"href":"https:\/\/projectes.xtec.cat\/usdelallengua\/wp-json\/wp\/v2\/comments?post=9266"}],"version-history":[{"count":2,"href":"https:\/\/projectes.xtec.cat\/usdelallengua\/wp-json\/wp\/v2\/posts\/9266\/revisions"}],"predecessor-version":[{"id":9269,"href":"https:\/\/projectes.xtec.cat\/usdelallengua\/wp-json\/wp\/v2\/posts\/9266\/revisions\/9269"}],"wp:featuredmedia":[{"embeddable":true,"href":"https:\/\/projectes.xtec.cat\/usdelallengua\/wp-json\/wp\/v2\/media\/9267"}],"wp:attachment":[{"href":"https:\/\/projectes.xtec.cat\/usdelallengua\/wp-json\/wp\/v2\/media?parent=9266"}],"wp:term":[{"taxonomy":"category","embeddable":true,"href":"https:\/\/projectes.xtec.cat\/usdelallengua\/wp-json\/wp\/v2\/categories?post=9266"},{"taxonomy":"post_tag","embeddable":true,"href":"https:\/\/projectes.xtec.cat\/usdelallengua\/wp-json\/wp\/v2\/tags?post=9266"}],"curies":[{"name":"wp","href":"https:\/\/api.w.org\/{rel}","templated":true}]}}