{"id":9305,"date":"2023-07-17T12:05:26","date_gmt":"2023-07-17T10:05:26","guid":{"rendered":"https:\/\/projectes.xtec.cat\/usdelallengua\/?p=9305"},"modified":"2024-05-04T09:27:30","modified_gmt":"2024-05-04T07:27:30","slug":"resultats-de-les-proves-oficials-per-a-la-certificacio-del-nivell-c2-realitzades-pel-departament-deducacio-els-dies-14-i-21-de-juny-de-2023","status":"publish","type":"post","link":"https:\/\/projectes.xtec.cat\/usdelallengua\/general\/resultats-de-les-proves-oficials-per-a-la-certificacio-del-nivell-c2-realitzades-pel-departament-deducacio-els-dies-14-i-21-de-juny-de-2023\/","title":{"rendered":"Resultats de les proves oficials per a la certificaci\u00f3 del nivell C2 realitzades pel Departament d\u2019Educaci\u00f3 els dies 14 i 21 de juny de 2023"},"content":{"rendered":"<p>En aquest <a href=\"https:\/\/xtec.gencat.cat\/ca\/formacio\/formaciogeneralprofessorat\/llengues\/consolidacio_llengua_catalana\/index.html??\"><strong>enlla\u00e7<\/strong><\/a> trobareu els resultats de les proves oficials per a la certificaci\u00f3 del nivell C2 a qu\u00e8 donaven dret les activitats formatives organitzades des del Departament d\u2019Educaci\u00f3 i que es van realitzar el passat mes de juny de 2023.<\/p>\n<p>Trobareu el llistat de organitzat a partir dels NIF protegits dels examinands.<\/p>\n<p>Els docents del sistema p\u00fablic trobareu el vostre certificat introdu\u00eft al vostre espai d\u2019ATRI. La resta d\u2019examinands rebran el certificat per correu electr\u00f2nic via E-NOTUM.<\/p>\n<p>&nbsp;<\/p>\n<p><strong>Per tal de verificar la qualificaci\u00f3:<\/strong><\/p>\n<p>Caldr\u00e0 enviar una inst\u00e0ncia al correu:\u00a0<a href=\"mailto:usosling@xtec.cat\">usosling@xtec.cat<\/a>, indicant que es vol fer una verificaci\u00f3 de la qualificaci\u00f3.<\/p>\n<p>Els ex\u00e0mens sobre els quals s\u2019hagi presentat sol\u00b7licitud de verificaci\u00f3, seran revisats per tal de comprovar que totes les q\u00fcestions han estat avaluades i que no existeixen errors d&#8217;aspectes formals i ni errades en el c\u00e0lcul de la qualificaci\u00f3 final amb l\u2019objectiu d\u2019esmenar possibles errors materials.<\/p>\n<p>La nota resultant de la verificaci\u00f3 nom\u00e9s pot ser igual o superior a la nota inicial.<\/p>\n<p>Aquesta nova qualificaci\u00f3 ser\u00e0 la definitiva.<\/p>\n<p>El termini de presentaci\u00f3 de la verificaci\u00f3 \u00e9s de\u00a0<strong>tres dies h\u00e0bils<\/strong>, a partir de la data de la publicaci\u00f3 de les qualificacions.<\/p>\n<p>Si es fa una verificaci\u00f3 no es pot sol\u00b7licitar una nova correcci\u00f3 del mateix examen.<\/p>\n<p><strong>La verificaci\u00f3 de la qualificaci\u00f3 es resoldr\u00e0 abans del dia 31 de juliol.<\/strong><\/p>\n<p>Els resultats de revisi\u00f3 esgoten la via administrativa. Contra aquesta publicaci\u00f3 es podr\u00e0 interposar recurs contenci\u00f3s-administratiu en el termini de dos mesos a partir de la publicaci\u00f3 dels resultats de revisi\u00f3 davant el Tribunal Contenci\u00f3s-Administratiu.<\/p>\n<p><strong>\u00a0<\/strong><\/p>\n<p><strong>Nova correcci\u00f3<\/strong><\/p>\n<p>Caldr\u00e0 enviar una inst\u00e0ncia al correu:\u00a0<a href=\"mailto:usosling@xtec.cat\">usosling@xtec.cat<\/a>, indicant que es vol fer una nova correcci\u00f3.<\/p>\n<p>L\u2019objectiu de la nova correcci\u00f3 \u00e9s esmenar possibles errades en l\u2019avaluaci\u00f3 de continguts.<\/p>\n<p>Els professors que facin aquesta nova correcci\u00f3 seran diferents dels que van fer la primera correcci\u00f3.<\/p>\n<p>La qualificaci\u00f3 de l\u2019examen resultar\u00e0 de la mitjana de les qualificacions dels correctors. Si hi hagu\u00e9s una difer\u00e8ncia de dos o m\u00e9s punts entre aquestes, s\u2019efectuar\u00e0 d\u2019ofici una tercera correcci\u00f3, realitzada per un corrector diferent dels anteriors i la qualificaci\u00f3 final ser\u00e0 la mitjana aritm\u00e8tica de les tres qualificacions.<\/p>\n<p>Abans d\u2019efectuar la nova correcci\u00f3 es verificar\u00e0 que totes les q\u00fcestions han estat avaluades i que no hi ha errors materials en el proc\u00e9s del c\u00e0lcul de la qualificaci\u00f3 inicial.<\/p>\n<p>La qualificaci\u00f3 final de la nova correcci\u00f3 pot ser igual, superior o inferior a la nota inicial.<\/p>\n<p>El termini de presentaci\u00f3 de la sol\u00b7licitud de la nova correcci\u00f3 \u00e9s\u00a0<strong>de 3 dies h\u00e0bils<\/strong>, a partir de la data de la publicaci\u00f3 de les qualificacions.<\/p>\n<p><strong>La nova correcci\u00f3 es resoldr\u00e0 abans del dia 15 de setembre.\u00a0<\/strong><\/p>\n<p>Els resultats de revisi\u00f3 esgoten la via administrativa. Contra aquesta publicaci\u00f3 es podr\u00e0 interposar recurs contenci\u00f3s-administratiu en el termini de dos mesos a partir de la publicaci\u00f3 dels resultats de revisi\u00f3 davant el Tribunal Contenci\u00f3s-Administratiu<\/p>\n<p><a href=\"https:\/\/xtec.gencat.cat\/ca\/formacio\/formaciogeneralprofessorat\/llengues\/consolidacio_llengua_catalana\/\"><strong>Llista NIF EXAMINAND RESULTAT DE LA PROVA<\/strong><\/a><\/p>\n","protected":false},"excerpt":{"rendered":"<p>En aquest <a href=\"https:\/\/xtec.gencat.cat\/ca\/formacio\/formaciogeneralprofessorat\/llengues\/consolidacio_llengua_catalana\/index.html??\">enlla\u00e7<\/a> trobareu els resultats de les proves oficials per a la certificaci\u00f3 del nivell C2 a qu\u00e8 donaven dret les activitats formatives organitzades des del Departament d\u2019Educaci\u00f3 i que es van realitzar el passat mes de juny de 2023.<br \/>\nTrobareu el llistat de&hellip;  <a href=\"https:\/\/projectes.xtec.cat\/usdelallengua\/general\/resultats-de-les-proves-oficials-per-a-la-certificacio-del-nivell-c2-realitzades-pel-departament-deducacio-els-dies-14-i-21-de-juny-de-2023\/\" title=\"Read Resultats de les proves oficials per a la certificaci\u00f3 del nivell C2 realitzades pel Departament d\u2019Educaci\u00f3 els dies 14 i 21 de juny de 2023\">Llegeix m\u00e9s\u00bb<\/a><\/p>\n","protected":false},"author":1,"featured_media":0,"comment_status":"open","ping_status":"closed","sticky":false,"template":"","format":"standard","meta":{"_bbp_topic_count":0,"_bbp_reply_count":0,"_bbp_total_topic_count":0,"_bbp_total_reply_count":0,"_bbp_voice_count":0,"_bbp_anonymous_reply_count":0,"_bbp_topic_count_hidden":0,"_bbp_reply_count_hidden":0,"_bbp_forum_subforum_count":0,"footnotes":""},"categories":[1,29],"tags":[482],"class_list":["post-9305","post","type-post","status-publish","format-standard","hentry","category-general","category-portada","tag-competencia-comunicativa-i-linguistica"],"post_mailing_queue_ids":[],"_links":{"self":[{"href":"https:\/\/projectes.xtec.cat\/usdelallengua\/wp-json\/wp\/v2\/posts\/9305","targetHints":{"allow":["GET"]}}],"collection":[{"href":"https:\/\/projectes.xtec.cat\/usdelallengua\/wp-json\/wp\/v2\/posts"}],"about":[{"href":"https:\/\/projectes.xtec.cat\/usdelallengua\/wp-json\/wp\/v2\/types\/post"}],"author":[{"embeddable":true,"href":"https:\/\/projectes.xtec.cat\/usdelallengua\/wp-json\/wp\/v2\/users\/1"}],"replies":[{"embeddable":true,"href":"https:\/\/projectes.xtec.cat\/usdelallengua\/wp-json\/wp\/v2\/comments?post=9305"}],"version-history":[{"count":2,"href":"https:\/\/projectes.xtec.cat\/usdelallengua\/wp-json\/wp\/v2\/posts\/9305\/revisions"}],"predecessor-version":[{"id":9307,"href":"https:\/\/projectes.xtec.cat\/usdelallengua\/wp-json\/wp\/v2\/posts\/9305\/revisions\/9307"}],"wp:attachment":[{"href":"https:\/\/projectes.xtec.cat\/usdelallengua\/wp-json\/wp\/v2\/media?parent=9305"}],"wp:term":[{"taxonomy":"category","embeddable":true,"href":"https:\/\/projectes.xtec.cat\/usdelallengua\/wp-json\/wp\/v2\/categories?post=9305"},{"taxonomy":"post_tag","embeddable":true,"href":"https:\/\/projectes.xtec.cat\/usdelallengua\/wp-json\/wp\/v2\/tags?post=9305"}],"curies":[{"name":"wp","href":"https:\/\/api.w.org\/{rel}","templated":true}]}}