{"id":9423,"date":"2024-01-17T10:00:16","date_gmt":"2024-01-17T09:00:16","guid":{"rendered":"https:\/\/projectes.xtec.cat\/usdelallengua\/?p=9423"},"modified":"2024-05-02T08:49:01","modified_gmt":"2024-05-02T06:49:01","slug":"llengua-materna-llengua-nativa-i-llengua-inicial-llorenc-comajoan","status":"publish","type":"post","link":"https:\/\/projectes.xtec.cat\/usdelallengua\/portada\/llengua-materna-llengua-nativa-i-llengua-inicial-llorenc-comajoan\/","title":{"rendered":"Llengua materna, llengua nativa i llengua inicial. Lloren\u00e7 Comajoan-Colom\u00e9"},"content":{"rendered":"<p><img loading=\"lazy\" decoding=\"async\" class=\"alignleft size-full wp-image-9451\" src=\"https:\/\/projectes.xtec.cat\/usdelallengua\/wp-content\/uploads\/usu2313\/2024\/01\/Llorenc-Comajoan-Colome-imatge-article.png\" alt=\"\" width=\"450\" height=\"200\" srcset=\"https:\/\/projectes.xtec.cat\/usdelallengua\/wp-content\/uploads\/usu2313\/2024\/01\/Llorenc-Comajoan-Colome-imatge-article.png 450w, https:\/\/projectes.xtec.cat\/usdelallengua\/wp-content\/uploads\/usu2313\/2024\/01\/Llorenc-Comajoan-Colome-imatge-article-300x133.png 300w\" sizes=\"auto, (max-width: 450px) 100vw, 450px\" \/>En aquesta c\u00e0psula de reflexi\u00f3, Lloren\u00e7 Comajoan-Colom\u00e9 planteja l&#8217;impacte en Educaci\u00f3 dels conceptes als quals tradicionalment ens hem referit com a &#8220;llengua materna o nativa&#8221; i &#8220;llengua segona o estrangera&#8221;. L&#8217;autor de la c\u00e0psula proposa la necessitat, en els entorns de diversitat socioling\u00fc\u00edstica actual, d&#8217;usar conceptes m\u00e9s precisos: llengua inicial o primera, llengua habitual, llengua d\u2019identificaci\u00f3 i llengua addicional.<\/p>\n<p>En <a href=\"https:\/\/youtu.be\/yRgmuz1YLTg\" target=\"_blank\" rel=\"noopener\"><strong>aquest v\u00eddeo<\/strong><\/a> i en <a href=\"https:\/\/projectes.xtec.cat\/usdelallengua\/wp-content\/uploads\/usu2313\/2024\/01\/Article-Llorenc-Comajoan-Colome_.pdf\" target=\"_blank\" rel=\"noopener\"><strong>aquest article<\/strong><\/a>, Lloren\u00e7 Comajoan-Colom\u00e9 explica els conceptes esmentats i ens convida a reflexionar sobre la import\u00e0ncia de tenir-los en compte per fomentar la motivaci\u00f3 per aprendre del nostre alumnat i per garantir que pugui assolir el proc\u00e9s complet d\u2019adquisici\u00f3 i aprenentatge de la llengua catalana.<\/p>\n<p><iframe loading=\"lazy\" title=\"Lloren\u00e7 Comajoan-Colom\u00e9. Llengua materna, llengua nativa i llengua inicial\" width=\"500\" height=\"281\" src=\"https:\/\/www.youtube.com\/embed\/yRgmuz1YLTg?feature=oembed\" frameborder=\"0\" allow=\"accelerometer; autoplay; clipboard-write; encrypted-media; gyroscope; picture-in-picture; web-share\" referrerpolicy=\"strict-origin-when-cross-origin\" allowfullscreen><\/iframe><\/p>\n<p><a href=\"https:\/\/projectes.xtec.cat\/usdelallengua\/wp-content\/uploads\/usu2313\/2024\/01\/Article-Llorenc-Comajoan-Colome_.pdf\" target=\"_blank\" rel=\"https:\/\/projectes.xtec.cat\/usdelallengua\/wp-content\/uploads\/usu2313\/2024\/01\/Llorenc-Comajoan.-Llengua-materna-llengua-nativa-i-llengua-inicial-1.pdf noopener\"><img loading=\"lazy\" decoding=\"async\" class=\"aligncenter wp-image-9388 size-thumbnail\" src=\"https:\/\/projectes.xtec.cat\/usdelallengua\/wp-content\/uploads\/usu2313\/2023\/12\/pdf-150x150.png\" alt=\"\" width=\"150\" height=\"150\" srcset=\"https:\/\/projectes.xtec.cat\/usdelallengua\/wp-content\/uploads\/usu2313\/2023\/12\/pdf-150x150.png 150w, https:\/\/projectes.xtec.cat\/usdelallengua\/wp-content\/uploads\/usu2313\/2023\/12\/pdf-300x300.png 300w, https:\/\/projectes.xtec.cat\/usdelallengua\/wp-content\/uploads\/usu2313\/2023\/12\/pdf.png 500w\" sizes=\"auto, (max-width: 150px) 100vw, 150px\" \/><\/a><\/p>\n","protected":false},"excerpt":{"rendered":"<p>En aquesta c\u00e0psula de reflexi\u00f3, Lloren\u00e7 Comajoan-Colom\u00e9 planteja l&#8217;impacte en Educaci\u00f3 dels conceptes als quals tradicionalment ens hem referit com a &#8220;llengua materna o nativa&#8221; i &#8220;llengua segona o estrangera&#8221;. L&#8217;autor de la c\u00e0psula proposa la necessitat, en els entorns de diversitat socioling\u00fc\u00edstica actual, d&#8217;usar&hellip;  <a href=\"https:\/\/projectes.xtec.cat\/usdelallengua\/portada\/llengua-materna-llengua-nativa-i-llengua-inicial-llorenc-comajoan\/\" title=\"Read Llengua materna, llengua nativa i llengua inicial. Lloren\u00e7 Comajoan-Colom\u00e9\">Llegeix m\u00e9s\u00bb<\/a><\/p>\n","protected":false},"author":1,"featured_media":9444,"comment_status":"closed","ping_status":"closed","sticky":false,"template":"","format":"standard","meta":{"_bbp_topic_count":0,"_bbp_reply_count":0,"_bbp_total_topic_count":0,"_bbp_total_reply_count":0,"_bbp_voice_count":0,"_bbp_anonymous_reply_count":0,"_bbp_topic_count_hidden":0,"_bbp_reply_count_hidden":0,"_bbp_forum_subforum_count":0,"footnotes":""},"categories":[29,287],"tags":[383,485],"class_list":["post-9423","post","type-post","status-publish","format-standard","has-post-thumbnail","hentry","category-portada","category-reflexions","tag-families","tag-interculturalitat"],"post_mailing_queue_ids":[],"_links":{"self":[{"href":"https:\/\/projectes.xtec.cat\/usdelallengua\/wp-json\/wp\/v2\/posts\/9423","targetHints":{"allow":["GET"]}}],"collection":[{"href":"https:\/\/projectes.xtec.cat\/usdelallengua\/wp-json\/wp\/v2\/posts"}],"about":[{"href":"https:\/\/projectes.xtec.cat\/usdelallengua\/wp-json\/wp\/v2\/types\/post"}],"author":[{"embeddable":true,"href":"https:\/\/projectes.xtec.cat\/usdelallengua\/wp-json\/wp\/v2\/users\/1"}],"replies":[{"embeddable":true,"href":"https:\/\/projectes.xtec.cat\/usdelallengua\/wp-json\/wp\/v2\/comments?post=9423"}],"version-history":[{"count":6,"href":"https:\/\/projectes.xtec.cat\/usdelallengua\/wp-json\/wp\/v2\/posts\/9423\/revisions"}],"predecessor-version":[{"id":9455,"href":"https:\/\/projectes.xtec.cat\/usdelallengua\/wp-json\/wp\/v2\/posts\/9423\/revisions\/9455"}],"wp:featuredmedia":[{"embeddable":true,"href":"https:\/\/projectes.xtec.cat\/usdelallengua\/wp-json\/wp\/v2\/media\/9444"}],"wp:attachment":[{"href":"https:\/\/projectes.xtec.cat\/usdelallengua\/wp-json\/wp\/v2\/media?parent=9423"}],"wp:term":[{"taxonomy":"category","embeddable":true,"href":"https:\/\/projectes.xtec.cat\/usdelallengua\/wp-json\/wp\/v2\/categories?post=9423"},{"taxonomy":"post_tag","embeddable":true,"href":"https:\/\/projectes.xtec.cat\/usdelallengua\/wp-json\/wp\/v2\/tags?post=9423"}],"curies":[{"name":"wp","href":"https:\/\/api.w.org\/{rel}","templated":true}]}}