{"id":9433,"date":"2024-01-16T10:23:26","date_gmt":"2024-01-16T09:23:26","guid":{"rendered":"https:\/\/projectes.xtec.cat\/usdelallengua\/?p=9433"},"modified":"2024-05-04T09:21:28","modified_gmt":"2024-05-04T07:21:28","slug":"xerrada-la-promocio-de-les-llengues-minoritzades-a-les-xarxes-socials-una-comparativa-europea","status":"publish","type":"post","link":"https:\/\/projectes.xtec.cat\/usdelallengua\/general\/xerrada-la-promocio-de-les-llengues-minoritzades-a-les-xarxes-socials-una-comparativa-europea\/","title":{"rendered":"Xerrada &#8220;La promoci\u00f3 de les lleng\u00fces minoritzades a les xarxes socials: una comparativa europea&#8221;"},"content":{"rendered":"<p><a href=\"https:\/\/projectes.xtec.cat\/usdelallengua\/wp-content\/uploads\/usu2313\/2024\/01\/curs-CIEMEN-5.png\"><img loading=\"lazy\" decoding=\"async\" class=\"alignleft size-full wp-image-9436\" src=\"https:\/\/projectes.xtec.cat\/usdelallengua\/wp-content\/uploads\/usu2313\/2024\/01\/curs-CIEMEN-5.png\" alt=\"\" width=\"450\" height=\"200\" srcset=\"https:\/\/projectes.xtec.cat\/usdelallengua\/wp-content\/uploads\/usu2313\/2024\/01\/curs-CIEMEN-5.png 450w, https:\/\/projectes.xtec.cat\/usdelallengua\/wp-content\/uploads\/usu2313\/2024\/01\/curs-CIEMEN-5-300x133.png 300w\" sizes=\"auto, (max-width: 450px) 100vw, 450px\" \/><\/a>Aquest divendres\u00a0<strong>19 de gener<\/strong>, a les <strong>12 h<\/strong>, el <a href=\"https:\/\/www.ub.edu\/cusc\/\">CUSC-UB<\/a>, amb la col\u00b7laboraci\u00f3 de la\u00a0<a href=\"https:\/\/llengua.gencat.cat\/ca\/inici\">Secretaria de Pol\u00edtica Ling\u00fc\u00edstica de la Generalitat de Catalunya<\/a>, organitza la xerrada <strong>\u00abLa promoci\u00f3 de les lleng\u00fces minoritzades a les xarxes socials: una comparativa europea\u00bb.<\/strong> Aquesta sessi\u00f3 es dur\u00e0 a terme\u00a0<strong><a href=\"https:\/\/ub-edu.zoom.us\/j\/94812174200\">en l\u00ednia<\/a>\u00a0<\/strong>i anir\u00e0 a c\u00e0rrec de\u00a0<strong>Montserrat Sendra<\/strong>, investigadora del CUSC-UB i professora de la UOC.<\/p>\n<p>Aquesta xerrada constitueix la cinquena sessi\u00f3 del curs 2023-2024 del\u00a0<a href=\"https:\/\/www.ub.edu\/cusc\/formacio\/seminari-del-cusc\/\">seminari de socioling\u00fc\u00edstica i pol\u00edtica ling\u00fc\u00edstica<\/a>. Les sessions d\u2019aquest seminari se celebren en l\u00ednia amb una periodicitat mensual i s\u00f3n gratu\u00eftes i obertes a investigadors i p\u00fablic general interessat en la intersecci\u00f3 entre llengua i societat. Podeu consultar el calendari complet del curs 2023\/2024 en\u00a0<a href=\"https:\/\/www.ub.edu\/cusc\/formacio\/seminari-del-cusc\/\">aquest enlla\u00e7<\/a>. A m\u00e9s, l\u2019assist\u00e8ncia durant tot un curs acad\u00e8mic est\u00e0 reconeguda com a activitat de formaci\u00f3 certificada per l\u2019<a href=\"https:\/\/www.ub.edu\/idp\/web\/\">Institut de Desenvolupament Professional de la Universitat de Barcelona<\/a>.<\/p>\n<p>Us animem a assistir-hi!<\/p>\n","protected":false},"excerpt":{"rendered":"<p><a href=\"https:\/\/projectes.xtec.cat\/usdelallengua\/wp-content\/uploads\/usu2313\/2024\/01\/curs-CIEMEN-5.png\"><\/a>Aquest divendres\u00a019 de gener, a les 12 h, el <a href=\"https:\/\/www.ub.edu\/cusc\/\">CUSC-UB<\/a>, amb la col\u00b7laboraci\u00f3 de la\u00a0<a href=\"https:\/\/llengua.gencat.cat\/ca\/inici\">Secretaria de Pol\u00edtica Ling\u00fc\u00edstica de la Generalitat de Catalunya<\/a>, organitza la xerrada \u00abLa promoci\u00f3 de les lleng\u00fces minoritzades a les xarxes socials: una comparativa europea\u00bb. Aquesta sessi\u00f3 es&hellip;  <a href=\"https:\/\/projectes.xtec.cat\/usdelallengua\/general\/xerrada-la-promocio-de-les-llengues-minoritzades-a-les-xarxes-socials-una-comparativa-europea\/\" title=\"Read Xerrada &#8220;La promoci\u00f3 de les lleng\u00fces minoritzades a les xarxes socials: una comparativa europea&#8221;\">Llegeix m\u00e9s\u00bb<\/a><\/p>\n","protected":false},"author":1,"featured_media":9436,"comment_status":"closed","ping_status":"closed","sticky":false,"template":"","format":"standard","meta":{"_bbp_topic_count":0,"_bbp_reply_count":0,"_bbp_total_topic_count":0,"_bbp_total_reply_count":0,"_bbp_voice_count":0,"_bbp_anonymous_reply_count":0,"_bbp_topic_count_hidden":0,"_bbp_reply_count_hidden":0,"_bbp_forum_subforum_count":0,"footnotes":""},"categories":[1,29],"tags":[490,484],"class_list":["post-9433","post","type-post","status-publish","format-standard","has-post-thumbnail","hentry","category-general","category-portada","tag-autoformacio","tag-digital"],"post_mailing_queue_ids":[],"_links":{"self":[{"href":"https:\/\/projectes.xtec.cat\/usdelallengua\/wp-json\/wp\/v2\/posts\/9433","targetHints":{"allow":["GET"]}}],"collection":[{"href":"https:\/\/projectes.xtec.cat\/usdelallengua\/wp-json\/wp\/v2\/posts"}],"about":[{"href":"https:\/\/projectes.xtec.cat\/usdelallengua\/wp-json\/wp\/v2\/types\/post"}],"author":[{"embeddable":true,"href":"https:\/\/projectes.xtec.cat\/usdelallengua\/wp-json\/wp\/v2\/users\/1"}],"replies":[{"embeddable":true,"href":"https:\/\/projectes.xtec.cat\/usdelallengua\/wp-json\/wp\/v2\/comments?post=9433"}],"version-history":[{"count":1,"href":"https:\/\/projectes.xtec.cat\/usdelallengua\/wp-json\/wp\/v2\/posts\/9433\/revisions"}],"predecessor-version":[{"id":9437,"href":"https:\/\/projectes.xtec.cat\/usdelallengua\/wp-json\/wp\/v2\/posts\/9433\/revisions\/9437"}],"wp:featuredmedia":[{"embeddable":true,"href":"https:\/\/projectes.xtec.cat\/usdelallengua\/wp-json\/wp\/v2\/media\/9436"}],"wp:attachment":[{"href":"https:\/\/projectes.xtec.cat\/usdelallengua\/wp-json\/wp\/v2\/media?parent=9433"}],"wp:term":[{"taxonomy":"category","embeddable":true,"href":"https:\/\/projectes.xtec.cat\/usdelallengua\/wp-json\/wp\/v2\/categories?post=9433"},{"taxonomy":"post_tag","embeddable":true,"href":"https:\/\/projectes.xtec.cat\/usdelallengua\/wp-json\/wp\/v2\/tags?post=9433"}],"curies":[{"name":"wp","href":"https:\/\/api.w.org\/{rel}","templated":true}]}}