{"id":9495,"date":"2024-02-06T13:14:32","date_gmt":"2024-02-06T12:14:32","guid":{"rendered":"https:\/\/projectes.xtec.cat\/usdelallengua\/?p=9495"},"modified":"2024-05-02T10:33:54","modified_gmt":"2024-05-02T08:33:54","slug":"el-paraulogic-un-recurs-engrescador-a-laula","status":"publish","type":"post","link":"https:\/\/projectes.xtec.cat\/usdelallengua\/general\/el-paraulogic-un-recurs-engrescador-a-laula\/","title":{"rendered":"El Paraul\u00f2gic, un recurs engrescador a l\u2019aula"},"content":{"rendered":"<figure class=\"figure wp-caption alignleft\"><img loading=\"lazy\" decoding=\"async\" class=\"wp-image-9496 size-medium\" src=\"https:\/\/projectes.xtec.cat\/usdelallengua\/wp-content\/uploads\/usu2313\/2024\/02\/lliga-paraulogic-300x225.png\" alt=\"\" width=\"300\" height=\"225\" srcset=\"https:\/\/projectes.xtec.cat\/usdelallengua\/wp-content\/uploads\/usu2313\/2024\/02\/lliga-paraulogic-300x225.png 300w, https:\/\/projectes.xtec.cat\/usdelallengua\/wp-content\/uploads\/usu2313\/2024\/02\/lliga-paraulogic-768x576.png 768w, https:\/\/projectes.xtec.cat\/usdelallengua\/wp-content\/uploads\/usu2313\/2024\/02\/lliga-paraulogic-200x150.png 200w, https:\/\/projectes.xtec.cat\/usdelallengua\/wp-content\/uploads\/usu2313\/2024\/02\/lliga-paraulogic.png 800w\" sizes=\"auto, (max-width: 300px) 100vw, 300px\" \/><figcaption class=\"wp-caption-text\">Font: Vilaweb<\/figcaption><\/figure>\n<p>Ahir es va dur a terme a l\u2019Auditori de la Universitat de Perpiny\u00e0 la final de la 1a Lliga Escolar del Paraul\u00f2gic. La iniciativa, impulsada per un grup de professors de Catalunya Nord, ha engrescat 270 estudiants de 10 instituts nord-catalans, que han mostrat la seva destresa a l\u2019hora de formar el m\u00e0xim de paraules tot combinant les lletres del popular rusc.<\/p>\n<p>Despr\u00e9s d\u2019una primera fase en l\u00ednia per seleccionar els finalistes de cada grup, els quatre finalistes de cada classe han participat classificats en dos nivells: un que equivaldria al nostre alumnat de 3r i 4t d\u2019ESO i un altre que equivaldria al de 1r i 2n de Batxillerat.<\/p>\n<p>A la final \u2013que s\u2019ha desenvolupat en un format molt semblant al de la Lliga del Paraul\u00f2gic que\u00a0 es va disputar a Barcelona al juny de l\u2019any passat\u2013 els finalistes han resolt desafiaments, enigmes i proves de rapidesa que han afegit emoci\u00f3 al joc i han fet m\u00e9s trepidant la final.<\/p>\n<p>Iniciatives com aquesta, que permeten treballar el l\u00e8xic a l\u2019aula des d\u2019un punt de vista l\u00fadic i mitjan\u00e7ant les noves tecnologies, per\u00f2 tenint sempre present la seva finalitat pedag\u00f2gica, connecten amb l\u2019alumnat que troba en la senzilla mec\u00e0nica del<a href=\"https:\/\/www.vilaweb.cat\/paraulogic\/\" target=\"_blank\" rel=\"noopener\"><strong> Paraul\u00f2gic<\/strong><\/a> un joc atractiu i engrescador.<\/p>\n","protected":false},"excerpt":{"rendered":"<p>Font: Vilaweb<br \/>\nAhir es va dur a terme a l\u2019Auditori de la Universitat de Perpiny\u00e0 la final de la 1a Lliga Escolar del Paraul\u00f2gic. La iniciativa, impulsada per un grup de professors de Catalunya Nord, ha engrescat 270 estudiants de 10 instituts nord-catalans, que han mostrat&hellip;  <a href=\"https:\/\/projectes.xtec.cat\/usdelallengua\/general\/el-paraulogic-un-recurs-engrescador-a-laula\/\" title=\"Read El Paraul\u00f2gic, un recurs engrescador a l\u2019aula\">Llegeix m\u00e9s\u00bb<\/a><\/p>\n","protected":false},"author":1,"featured_media":9496,"comment_status":"closed","ping_status":"closed","sticky":false,"template":"","format":"standard","meta":{"_bbp_topic_count":0,"_bbp_reply_count":0,"_bbp_total_topic_count":0,"_bbp_total_reply_count":0,"_bbp_voice_count":0,"_bbp_anonymous_reply_count":0,"_bbp_topic_count_hidden":0,"_bbp_reply_count_hidden":0,"_bbp_forum_subforum_count":0,"footnotes":""},"categories":[303,1,29,309],"tags":[388],"class_list":["post-9495","post","type-post","status-publish","format-standard","has-post-thumbnail","hentry","category-bones-practiques","category-general","category-portada","category-recursos-didactics","tag-jocs"],"post_mailing_queue_ids":[],"_links":{"self":[{"href":"https:\/\/projectes.xtec.cat\/usdelallengua\/wp-json\/wp\/v2\/posts\/9495","targetHints":{"allow":["GET"]}}],"collection":[{"href":"https:\/\/projectes.xtec.cat\/usdelallengua\/wp-json\/wp\/v2\/posts"}],"about":[{"href":"https:\/\/projectes.xtec.cat\/usdelallengua\/wp-json\/wp\/v2\/types\/post"}],"author":[{"embeddable":true,"href":"https:\/\/projectes.xtec.cat\/usdelallengua\/wp-json\/wp\/v2\/users\/1"}],"replies":[{"embeddable":true,"href":"https:\/\/projectes.xtec.cat\/usdelallengua\/wp-json\/wp\/v2\/comments?post=9495"}],"version-history":[{"count":3,"href":"https:\/\/projectes.xtec.cat\/usdelallengua\/wp-json\/wp\/v2\/posts\/9495\/revisions"}],"predecessor-version":[{"id":9505,"href":"https:\/\/projectes.xtec.cat\/usdelallengua\/wp-json\/wp\/v2\/posts\/9495\/revisions\/9505"}],"wp:featuredmedia":[{"embeddable":true,"href":"https:\/\/projectes.xtec.cat\/usdelallengua\/wp-json\/wp\/v2\/media\/9496"}],"wp:attachment":[{"href":"https:\/\/projectes.xtec.cat\/usdelallengua\/wp-json\/wp\/v2\/media?parent=9495"}],"wp:term":[{"taxonomy":"category","embeddable":true,"href":"https:\/\/projectes.xtec.cat\/usdelallengua\/wp-json\/wp\/v2\/categories?post=9495"},{"taxonomy":"post_tag","embeddable":true,"href":"https:\/\/projectes.xtec.cat\/usdelallengua\/wp-json\/wp\/v2\/tags?post=9495"}],"curies":[{"name":"wp","href":"https:\/\/api.w.org\/{rel}","templated":true}]}}