{"id":9658,"date":"2024-02-21T10:48:57","date_gmt":"2024-02-21T09:48:57","guid":{"rendered":"https:\/\/projectes.xtec.cat\/usdelallengua\/?p=9658"},"modified":"2024-05-02T08:45:09","modified_gmt":"2024-05-02T06:45:09","slug":"laprenentatge-de-la-llengua-catalana-per-part-de-lalumnat-nouvingut-maribel-gomez","status":"publish","type":"post","link":"https:\/\/projectes.xtec.cat\/usdelallengua\/portada\/laprenentatge-de-la-llengua-catalana-per-part-de-lalumnat-nouvingut-maribel-gomez\/","title":{"rendered":"L&#8217;aprenentatge de la llengua catalana per part de l&#8217;alumnat nouvingut. Maribel G\u00f3mez"},"content":{"rendered":"<p><img loading=\"lazy\" decoding=\"async\" class=\"alignleft size-full wp-image-9659\" src=\"https:\/\/projectes.xtec.cat\/usdelallengua\/wp-content\/uploads\/usu2313\/2024\/02\/Caps.-6.-Maribel-Gomez-imatge-article.png\" alt=\"\" width=\"450\" height=\"200\" srcset=\"https:\/\/projectes.xtec.cat\/usdelallengua\/wp-content\/uploads\/usu2313\/2024\/02\/Caps.-6.-Maribel-Gomez-imatge-article.png 450w, https:\/\/projectes.xtec.cat\/usdelallengua\/wp-content\/uploads\/usu2313\/2024\/02\/Caps.-6.-Maribel-Gomez-imatge-article-300x133.png 300w\" sizes=\"auto, (max-width: 450px) 100vw, 450px\" \/>En aquesta c\u00e0psula de reflexi\u00f3, Maribel G\u00f3mez analitza com \u00e9s el proc\u00e9s d\u2019aprenentatge de l\u2019alumnat nouvingut i quins elements hi intervenen, at\u00e8s que el context de diversitat ling\u00fc\u00edstica actual suposa un repte i, alhora, una oportunitat de gran valor pedag\u00f2gic que fomenta la compet\u00e8ncia pluriling\u00fce del nostre alumnat.<\/p>\n<p>En <a href=\"https:\/\/www.youtube.com\/watch?v=SUzVnFblPkQ\" target=\"_blank\" rel=\"noopener\"><strong>aquest v\u00eddeo<\/strong><\/a> i en <a href=\"https:\/\/projectes.xtec.cat\/usdelallengua\/wp-content\/uploads\/usu2313\/2024\/02\/Maribel-Gomez.-Laprenentatge-de-la-llengua-catalana-per-part-de-lalumnat-nouvingut.pdf\" target=\"_blank\" rel=\"noopener\"><strong>aquest article<\/strong><\/a>, Maribel G\u00f3mez explica l\u2019itinerari que, tot partint de l\u2019aprenentatge inicial a l\u2019aula d\u2019acollida i continuant\u00a0 amb el suport ling\u00fc\u00edstic a l\u2019aula ordin\u00e0ria, necessita la cooperaci\u00f3 i la implicaci\u00f3 de tot el professorat per garantir els drets ling\u00fc\u00edstics dels nostres infants i joves.<\/p>\n<p><iframe loading=\"lazy\" title=\"Maribel G\u00f3mez. L&#039;aprenentatge de la llengua catalana per part de l&#039;alumnat nouvingut.\" width=\"500\" height=\"281\" src=\"https:\/\/www.youtube.com\/embed\/SUzVnFblPkQ?feature=oembed\" frameborder=\"0\" allow=\"accelerometer; autoplay; clipboard-write; encrypted-media; gyroscope; picture-in-picture; web-share\" referrerpolicy=\"strict-origin-when-cross-origin\" allowfullscreen><\/iframe><\/p>\n<p>&nbsp;<\/p>\n<p><a href=\"https:\/\/projectes.xtec.cat\/usdelallengua\/wp-content\/uploads\/usu2313\/2024\/02\/Maribel-Gomez.-Laprenentatge-de-la-llengua-catalana-per-part-de-lalumnat-nouvingut.pdf\" target=\"_blank\" rel=\"noopener\"><img loading=\"lazy\" decoding=\"async\" class=\"alignleft wp-image-9388 size-thumbnail\" src=\"https:\/\/projectes.xtec.cat\/usdelallengua\/wp-content\/uploads\/usu2313\/2023\/12\/pdf-150x150.png\" alt=\"\" width=\"150\" height=\"150\" srcset=\"https:\/\/projectes.xtec.cat\/usdelallengua\/wp-content\/uploads\/usu2313\/2023\/12\/pdf-150x150.png 150w, https:\/\/projectes.xtec.cat\/usdelallengua\/wp-content\/uploads\/usu2313\/2023\/12\/pdf-300x300.png 300w, https:\/\/projectes.xtec.cat\/usdelallengua\/wp-content\/uploads\/usu2313\/2023\/12\/pdf.png 500w\" sizes=\"auto, (max-width: 150px) 100vw, 150px\" \/><\/a><\/p>\n","protected":false},"excerpt":{"rendered":"<p>En aquesta c\u00e0psula de reflexi\u00f3, Maribel G\u00f3mez analitza com \u00e9s el proc\u00e9s d\u2019aprenentatge de l\u2019alumnat nouvingut i quins elements hi intervenen, at\u00e8s que el context de diversitat ling\u00fc\u00edstica actual suposa un repte i, alhora, una oportunitat de gran valor pedag\u00f2gic que fomenta la compet\u00e8ncia pluriling\u00fce&hellip;  <a href=\"https:\/\/projectes.xtec.cat\/usdelallengua\/portada\/laprenentatge-de-la-llengua-catalana-per-part-de-lalumnat-nouvingut-maribel-gomez\/\" title=\"Read L&#8217;aprenentatge de la llengua catalana per part de l&#8217;alumnat nouvingut. Maribel G\u00f3mez\">Llegeix m\u00e9s\u00bb<\/a><\/p>\n","protected":false},"author":1,"featured_media":9659,"comment_status":"closed","ping_status":"closed","sticky":false,"template":"","format":"standard","meta":{"_bbp_topic_count":0,"_bbp_reply_count":0,"_bbp_total_topic_count":0,"_bbp_total_reply_count":0,"_bbp_voice_count":0,"_bbp_anonymous_reply_count":0,"_bbp_topic_count_hidden":0,"_bbp_reply_count_hidden":0,"_bbp_forum_subforum_count":0,"footnotes":""},"categories":[29,287],"tags":[468,476],"class_list":["post-9658","post","type-post","status-publish","format-standard","has-post-thumbnail","hentry","category-portada","category-reflexions","tag-alumnat-nouvingut","tag-immersio"],"post_mailing_queue_ids":[],"_links":{"self":[{"href":"https:\/\/projectes.xtec.cat\/usdelallengua\/wp-json\/wp\/v2\/posts\/9658","targetHints":{"allow":["GET"]}}],"collection":[{"href":"https:\/\/projectes.xtec.cat\/usdelallengua\/wp-json\/wp\/v2\/posts"}],"about":[{"href":"https:\/\/projectes.xtec.cat\/usdelallengua\/wp-json\/wp\/v2\/types\/post"}],"author":[{"embeddable":true,"href":"https:\/\/projectes.xtec.cat\/usdelallengua\/wp-json\/wp\/v2\/users\/1"}],"replies":[{"embeddable":true,"href":"https:\/\/projectes.xtec.cat\/usdelallengua\/wp-json\/wp\/v2\/comments?post=9658"}],"version-history":[{"count":1,"href":"https:\/\/projectes.xtec.cat\/usdelallengua\/wp-json\/wp\/v2\/posts\/9658\/revisions"}],"predecessor-version":[{"id":9668,"href":"https:\/\/projectes.xtec.cat\/usdelallengua\/wp-json\/wp\/v2\/posts\/9658\/revisions\/9668"}],"wp:featuredmedia":[{"embeddable":true,"href":"https:\/\/projectes.xtec.cat\/usdelallengua\/wp-json\/wp\/v2\/media\/9659"}],"wp:attachment":[{"href":"https:\/\/projectes.xtec.cat\/usdelallengua\/wp-json\/wp\/v2\/media?parent=9658"}],"wp:term":[{"taxonomy":"category","embeddable":true,"href":"https:\/\/projectes.xtec.cat\/usdelallengua\/wp-json\/wp\/v2\/categories?post=9658"},{"taxonomy":"post_tag","embeddable":true,"href":"https:\/\/projectes.xtec.cat\/usdelallengua\/wp-json\/wp\/v2\/tags?post=9658"}],"curies":[{"name":"wp","href":"https:\/\/api.w.org\/{rel}","templated":true}]}}