{"id":9665,"date":"2024-02-20T08:06:05","date_gmt":"2024-02-20T07:06:05","guid":{"rendered":"https:\/\/projectes.xtec.cat\/usdelallengua\/?p=9665"},"modified":"2024-05-02T10:22:47","modified_gmt":"2024-05-02T08:22:47","slug":"ii-certamen-de-lectura-en-veu-alta-per-a-joves","status":"publish","type":"post","link":"https:\/\/projectes.xtec.cat\/usdelallengua\/general\/ii-certamen-de-lectura-en-veu-alta-per-a-joves\/","title":{"rendered":"II Certamen de Lectura en Veu Alta per a Joves"},"content":{"rendered":"<p><img loading=\"lazy\" decoding=\"async\" class=\"alignleft size-full wp-image-9666\" src=\"https:\/\/projectes.xtec.cat\/usdelallengua\/wp-content\/uploads\/usu2313\/2024\/02\/article-lectura-en-veu-alta-joves-imatge.png\" alt=\"\" width=\"450\" height=\"200\" srcset=\"https:\/\/projectes.xtec.cat\/usdelallengua\/wp-content\/uploads\/usu2313\/2024\/02\/article-lectura-en-veu-alta-joves-imatge.png 450w, https:\/\/projectes.xtec.cat\/usdelallengua\/wp-content\/uploads\/usu2313\/2024\/02\/article-lectura-en-veu-alta-joves-imatge-300x133.png 300w\" sizes=\"auto, (max-width: 450px) 100vw, 450px\" \/>El projecte VeuAlta t\u00e9 l\u2019objectiu de promoure la literatura i la llengua mitjan\u00e7ant la lectura compartida en veu alta. La Fundaci\u00f3 Enciclop\u00e8dia \u2500amb la col\u00b7laboraci\u00f3 de la Universitat Aut\u00f2noma de Barcelona (UAB), la Universitat de Barcelona (UB), la Universitat Pompeu Fabra (UPF) i la Universitat Polit\u00e8cnica de Catalunya (UPC)\u2500 convoca el <b>II Certamen de Lectura en Veu Alta per a Joves<\/b> que anima els joves d\u2019entre 16 i 25 anys a participar-hi, aquest any sota l\u2019esl\u00f2gan \u201cAl\u00e7a la veu!\u201d.<\/p>\n<p>El per\u00edode d\u2019inscripci\u00f3 finalitza el dia 15 de mar\u00e7 i per participar-hi s\u2019ha de fer arribar un v\u00eddeo en el qual el participant llegeixi un text de prosa o poesia en catal\u00e0. Trobareu m\u00e9s informaci\u00f3 a <a href=\"https:\/\/www.lecturaenveualta.cat\/\" target=\"_blank\" rel=\"noopener\"><strong>lecturaenveualta.cat<\/strong><\/a><\/p>\n<p>Animeu el vostre alumnat a participar-hi!<\/p>\n","protected":false},"excerpt":{"rendered":"<p>El projecte VeuAlta t\u00e9 l\u2019objectiu de promoure la literatura i la llengua mitjan\u00e7ant la lectura compartida en veu alta. La Fundaci\u00f3 Enciclop\u00e8dia \u2500amb la col\u00b7laboraci\u00f3 de la Universitat Aut\u00f2noma de Barcelona (UAB), la Universitat de Barcelona (UB), la Universitat Pompeu Fabra (UPF) i la Universitat&hellip;  <a href=\"https:\/\/projectes.xtec.cat\/usdelallengua\/general\/ii-certamen-de-lectura-en-veu-alta-per-a-joves\/\" title=\"Read II Certamen de Lectura en Veu Alta per a Joves\">Llegeix m\u00e9s\u00bb<\/a><\/p>\n","protected":false},"author":1,"featured_media":9666,"comment_status":"closed","ping_status":"closed","sticky":false,"template":"","format":"standard","meta":{"_bbp_topic_count":0,"_bbp_reply_count":0,"_bbp_total_topic_count":0,"_bbp_total_reply_count":0,"_bbp_voice_count":0,"_bbp_anonymous_reply_count":0,"_bbp_topic_count_hidden":0,"_bbp_reply_count_hidden":0,"_bbp_forum_subforum_count":0,"footnotes":""},"categories":[303,380,1,29],"tags":[482,334,427],"class_list":["post-9665","post","type-post","status-publish","format-standard","has-post-thumbnail","hentry","category-bones-practiques","category-entitats","category-general","category-portada","tag-competencia-comunicativa-i-linguistica","tag-concursos","tag-lectura"],"post_mailing_queue_ids":[],"_links":{"self":[{"href":"https:\/\/projectes.xtec.cat\/usdelallengua\/wp-json\/wp\/v2\/posts\/9665","targetHints":{"allow":["GET"]}}],"collection":[{"href":"https:\/\/projectes.xtec.cat\/usdelallengua\/wp-json\/wp\/v2\/posts"}],"about":[{"href":"https:\/\/projectes.xtec.cat\/usdelallengua\/wp-json\/wp\/v2\/types\/post"}],"author":[{"embeddable":true,"href":"https:\/\/projectes.xtec.cat\/usdelallengua\/wp-json\/wp\/v2\/users\/1"}],"replies":[{"embeddable":true,"href":"https:\/\/projectes.xtec.cat\/usdelallengua\/wp-json\/wp\/v2\/comments?post=9665"}],"version-history":[{"count":1,"href":"https:\/\/projectes.xtec.cat\/usdelallengua\/wp-json\/wp\/v2\/posts\/9665\/revisions"}],"predecessor-version":[{"id":9667,"href":"https:\/\/projectes.xtec.cat\/usdelallengua\/wp-json\/wp\/v2\/posts\/9665\/revisions\/9667"}],"wp:featuredmedia":[{"embeddable":true,"href":"https:\/\/projectes.xtec.cat\/usdelallengua\/wp-json\/wp\/v2\/media\/9666"}],"wp:attachment":[{"href":"https:\/\/projectes.xtec.cat\/usdelallengua\/wp-json\/wp\/v2\/media?parent=9665"}],"wp:term":[{"taxonomy":"category","embeddable":true,"href":"https:\/\/projectes.xtec.cat\/usdelallengua\/wp-json\/wp\/v2\/categories?post=9665"},{"taxonomy":"post_tag","embeddable":true,"href":"https:\/\/projectes.xtec.cat\/usdelallengua\/wp-json\/wp\/v2\/tags?post=9665"}],"curies":[{"name":"wp","href":"https:\/\/api.w.org\/{rel}","templated":true}]}}