{"id":9674,"date":"2024-02-28T08:59:07","date_gmt":"2024-02-28T07:59:07","guid":{"rendered":"https:\/\/projectes.xtec.cat\/usdelallengua\/?p=9674"},"modified":"2024-05-02T08:44:43","modified_gmt":"2024-05-02T06:44:43","slug":"les-motivacions-per-aprendre-i-usar-una-llengua-isidor-mari","status":"publish","type":"post","link":"https:\/\/projectes.xtec.cat\/usdelallengua\/portada\/les-motivacions-per-aprendre-i-usar-una-llengua-isidor-mari\/","title":{"rendered":"Les motivacions per aprendre i usar una llengua. Isidor Mar\u00ed"},"content":{"rendered":"<p><img loading=\"lazy\" decoding=\"async\" class=\"alignleft size-full wp-image-9675\" src=\"https:\/\/projectes.xtec.cat\/usdelallengua\/wp-content\/uploads\/usu2313\/2024\/02\/Caps.-7.-Isidor-Mari-imatge-article.png\" alt=\"\" width=\"450\" height=\"200\" srcset=\"https:\/\/projectes.xtec.cat\/usdelallengua\/wp-content\/uploads\/usu2313\/2024\/02\/Caps.-7.-Isidor-Mari-imatge-article.png 450w, https:\/\/projectes.xtec.cat\/usdelallengua\/wp-content\/uploads\/usu2313\/2024\/02\/Caps.-7.-Isidor-Mari-imatge-article-300x133.png 300w\" sizes=\"auto, (max-width: 450px) 100vw, 450px\" \/>Isidor Mar\u00ed destaca en aquesta c\u00e0psula de reflexi\u00f3 els aspectes que motiven l\u2019aprenentatge d\u2019una llengua, n\u2019identifica quins factors poden influir-hi i com es poden estimular. L\u2019autor recomana diverses lectures sobre aquestes q\u00fcestions que proposen un interessant ventall de recursos.<\/p>\n<p>En <a href=\"https:\/\/projectes.xtec.cat\/usdelallengua\/wp-content\/uploads\/usu2313\/2024\/02\/Isidor-Mari.-Les-motivacions-per-aprendre-i-usar-una-llengua.pdf\" target=\"_blank\" rel=\"noopener\"><strong>aquest article<\/strong><\/a> i en <a href=\"https:\/\/youtu.be\/wQrZUaUvvqs\" target=\"_blank\" rel=\"noopener\"><strong>aquest v\u00eddeo<\/strong><\/a>, Isidor Mar\u00ed reflexiona sobre la import\u00e0ncia d\u2019entendre la llengua com una activitat, com un element d\u2019acci\u00f3 i d\u2019interacci\u00f3, m\u00e9s que no pas com un simple coneixement.<\/p>\n<p>&nbsp;<\/p>\n<p>&nbsp;<\/p>\n<p><iframe loading=\"lazy\" title=\"Isidor Mar\u00ed. Les motivacions per aprendre i usar una llengua\" width=\"500\" height=\"281\" src=\"https:\/\/www.youtube.com\/embed\/wQrZUaUvvqs?feature=oembed\" frameborder=\"0\" allow=\"accelerometer; autoplay; clipboard-write; encrypted-media; gyroscope; picture-in-picture; web-share\" referrerpolicy=\"strict-origin-when-cross-origin\" allowfullscreen><\/iframe><\/p>\n<p>&nbsp;<\/p>\n<p data-wp-editing=\"1\"><a href=\"https:\/\/projectes.xtec.cat\/usdelallengua\/wp-content\/uploads\/usu2313\/2024\/02\/Isidor-Mari.-Les-motivacions-per-aprendre-i-usar-una-llengua.pdf\" target=\"_blank\" rel=\"noopener\"><img loading=\"lazy\" decoding=\"async\" class=\"alignleft wp-image-9388 size-thumbnail\" src=\"https:\/\/projectes.xtec.cat\/usdelallengua\/wp-content\/uploads\/usu2313\/2023\/12\/pdf-150x150.png\" alt=\"\" width=\"150\" height=\"150\" srcset=\"https:\/\/projectes.xtec.cat\/usdelallengua\/wp-content\/uploads\/usu2313\/2023\/12\/pdf-150x150.png 150w, https:\/\/projectes.xtec.cat\/usdelallengua\/wp-content\/uploads\/usu2313\/2023\/12\/pdf-300x300.png 300w, https:\/\/projectes.xtec.cat\/usdelallengua\/wp-content\/uploads\/usu2313\/2023\/12\/pdf.png 500w\" sizes=\"auto, (max-width: 150px) 100vw, 150px\" \/><\/a><\/p>\n","protected":false},"excerpt":{"rendered":"<p>Isidor Mar\u00ed destaca en aquesta c\u00e0psula de reflexi\u00f3 els aspectes que motiven l\u2019aprenentatge d\u2019una llengua, n\u2019identifica quins factors poden influir-hi i com es poden estimular. L\u2019autor recomana diverses lectures sobre aquestes q\u00fcestions que proposen un interessant ventall de recursos.<br \/>\nEn <a href=\"https:\/\/projectes.xtec.cat\/usdelallengua\/wp-content\/uploads\/usu2313\/2024\/02\/Isidor-Mari.-Les-motivacions-per-aprendre-i-usar-una-llengua.pdf\" target=\"_blank\" rel=\"noopener\">aquest article<\/a> i&hellip;  <a href=\"https:\/\/projectes.xtec.cat\/usdelallengua\/portada\/les-motivacions-per-aprendre-i-usar-una-llengua-isidor-mari\/\" title=\"Read Les motivacions per aprendre i usar una llengua. Isidor Mar\u00ed\">Llegeix m\u00e9s\u00bb<\/a><\/p>\n","protected":false},"author":1,"featured_media":9675,"comment_status":"closed","ping_status":"closed","sticky":false,"template":"","format":"standard","meta":{"_bbp_topic_count":0,"_bbp_reply_count":0,"_bbp_total_topic_count":0,"_bbp_total_reply_count":0,"_bbp_voice_count":0,"_bbp_anonymous_reply_count":0,"_bbp_topic_count_hidden":0,"_bbp_reply_count_hidden":0,"_bbp_forum_subforum_count":0,"footnotes":""},"categories":[29,287],"tags":[476,474],"class_list":["post-9674","post","type-post","status-publish","format-standard","has-post-thumbnail","hentry","category-portada","category-reflexions","tag-immersio","tag-llengua-vehicular"],"post_mailing_queue_ids":[],"_links":{"self":[{"href":"https:\/\/projectes.xtec.cat\/usdelallengua\/wp-json\/wp\/v2\/posts\/9674","targetHints":{"allow":["GET"]}}],"collection":[{"href":"https:\/\/projectes.xtec.cat\/usdelallengua\/wp-json\/wp\/v2\/posts"}],"about":[{"href":"https:\/\/projectes.xtec.cat\/usdelallengua\/wp-json\/wp\/v2\/types\/post"}],"author":[{"embeddable":true,"href":"https:\/\/projectes.xtec.cat\/usdelallengua\/wp-json\/wp\/v2\/users\/1"}],"replies":[{"embeddable":true,"href":"https:\/\/projectes.xtec.cat\/usdelallengua\/wp-json\/wp\/v2\/comments?post=9674"}],"version-history":[{"count":3,"href":"https:\/\/projectes.xtec.cat\/usdelallengua\/wp-json\/wp\/v2\/posts\/9674\/revisions"}],"predecessor-version":[{"id":9679,"href":"https:\/\/projectes.xtec.cat\/usdelallengua\/wp-json\/wp\/v2\/posts\/9674\/revisions\/9679"}],"wp:featuredmedia":[{"embeddable":true,"href":"https:\/\/projectes.xtec.cat\/usdelallengua\/wp-json\/wp\/v2\/media\/9675"}],"wp:attachment":[{"href":"https:\/\/projectes.xtec.cat\/usdelallengua\/wp-json\/wp\/v2\/media?parent=9674"}],"wp:term":[{"taxonomy":"category","embeddable":true,"href":"https:\/\/projectes.xtec.cat\/usdelallengua\/wp-json\/wp\/v2\/categories?post=9674"},{"taxonomy":"post_tag","embeddable":true,"href":"https:\/\/projectes.xtec.cat\/usdelallengua\/wp-json\/wp\/v2\/tags?post=9674"}],"curies":[{"name":"wp","href":"https:\/\/api.w.org\/{rel}","templated":true}]}}