{"id":9680,"date":"2024-03-06T09:49:42","date_gmt":"2024-03-06T08:49:42","guid":{"rendered":"https:\/\/projectes.xtec.cat\/usdelallengua\/?p=9680"},"modified":"2024-04-26T13:22:14","modified_gmt":"2024-04-26T11:22:14","slug":"lescola-ha-de-reproduir-els-usos-linguistics-de-la-societat-o-els-ha-de-compensar-avelli-flors-mas","status":"publish","type":"post","link":"https:\/\/projectes.xtec.cat\/usdelallengua\/portada\/lescola-ha-de-reproduir-els-usos-linguistics-de-la-societat-o-els-ha-de-compensar-avelli-flors-mas\/","title":{"rendered":"L&#8217;escola ha de reproduir els usos ling\u00fc\u00edstics de la societat o els ha de compensar? Avel\u00b7l\u00ed Flors-Mas"},"content":{"rendered":"<p><img loading=\"lazy\" decoding=\"async\" class=\"alignleft size-full wp-image-9690\" src=\"https:\/\/projectes.xtec.cat\/usdelallengua\/wp-content\/uploads\/usu2313\/2024\/02\/Caps.-8.-Avelli-Flors-Mas-imatge-article.png\" alt=\"\" width=\"450\" height=\"200\" srcset=\"https:\/\/projectes.xtec.cat\/usdelallengua\/wp-content\/uploads\/usu2313\/2024\/02\/Caps.-8.-Avelli-Flors-Mas-imatge-article.png 450w, https:\/\/projectes.xtec.cat\/usdelallengua\/wp-content\/uploads\/usu2313\/2024\/02\/Caps.-8.-Avelli-Flors-Mas-imatge-article-300x133.png 300w\" sizes=\"auto, (max-width: 450px) 100vw, 450px\" \/>Avel\u00b7l\u00ed Flors-Mas, dona resposta en aquesta c\u00e0psula de reflexi\u00f3 a la q\u00fcesti\u00f3 sobre la conveni\u00e8ncia que l\u2019escola reprodueixi o compensi els usos ling\u00fc\u00edstics de la societat. Apunta com el model actual busca compensar des de les aules el desequilibri existent entre lleng\u00fces i garantir el coneixement del catal\u00e0 a l\u2019alumnat que no el t\u00e9 com a llengua inicial.<\/p>\n<p>En <a href=\"https:\/\/projectes.xtec.cat\/usdelallengua\/wp-content\/uploads\/usu2313\/2024\/02\/Avelli-Flors-Mas.-Lescola-ha-de-reproduir-els-usos-linguistics-de-la-societat-o-els-ha-de-compensar.pdf\" target=\"_blank\" rel=\"noopener\"><strong>aquest article<\/strong><\/a> i en <a href=\"https:\/\/youtu.be\/PlDkVLY8hHM\" target=\"_blank\" rel=\"noopener\"><strong>aquest v\u00eddeo<\/strong><\/a>, tot partint de les dades d\u2019usos ling\u00fc\u00edstics de la poblaci\u00f3 de Catalunya, Avel\u00b7l\u00ed Flors-Mas analitza la desigualtat ling\u00fc\u00edstica que se\u2019n deriva de la manca de domini del catal\u00e0 d\u2019una part de la societat catalana. El fet que el catal\u00e0 tingui una pres\u00e8ncia escassa en \u00e0mbits clau i que en manquin oportunitats d\u2019\u00fas, no fa sin\u00f3 agreujar aquesta desigualtat i, per tant, contravenir els drets ling\u00fc\u00edstics de la ciutadania.<\/p>\n<p>&nbsp;<\/p>\n<p><iframe loading=\"lazy\" title=\"A. Flors-Mas. L&#039;escola ha de reproduir els usos ling\u00fc\u00edstics de la societat o els ha de compensar?\" width=\"500\" height=\"281\" src=\"https:\/\/www.youtube.com\/embed\/PlDkVLY8hHM?feature=oembed\" frameborder=\"0\" allow=\"accelerometer; autoplay; clipboard-write; encrypted-media; gyroscope; picture-in-picture; web-share\" referrerpolicy=\"strict-origin-when-cross-origin\" allowfullscreen><\/iframe><\/p>\n<p>&nbsp;<\/p>\n<p><a href=\"https:\/\/projectes.xtec.cat\/usdelallengua\/wp-content\/uploads\/usu2313\/2024\/02\/Avelli-Flors-Mas.-Lescola-ha-de-reproduir-els-usos-linguistics-de-la-societat-o-els-ha-de-compensar.pdf\" target=\"_blank\" rel=\"noopener\"><img loading=\"lazy\" decoding=\"async\" class=\"alignleft wp-image-9388 size-thumbnail\" src=\"https:\/\/projectes.xtec.cat\/usdelallengua\/wp-content\/uploads\/usu2313\/2023\/12\/pdf-150x150.png\" alt=\"\" width=\"150\" height=\"150\" srcset=\"https:\/\/projectes.xtec.cat\/usdelallengua\/wp-content\/uploads\/usu2313\/2023\/12\/pdf-150x150.png 150w, https:\/\/projectes.xtec.cat\/usdelallengua\/wp-content\/uploads\/usu2313\/2023\/12\/pdf-300x300.png 300w, https:\/\/projectes.xtec.cat\/usdelallengua\/wp-content\/uploads\/usu2313\/2023\/12\/pdf.png 500w\" sizes=\"auto, (max-width: 150px) 100vw, 150px\" \/><\/a><\/p>\n<p>&nbsp;<\/p>\n","protected":false},"excerpt":{"rendered":"<p>Avel\u00b7l\u00ed Flors-Mas, dona resposta en aquesta c\u00e0psula de reflexi\u00f3 a la q\u00fcesti\u00f3 sobre la conveni\u00e8ncia que l\u2019escola reprodueixi o compensi els usos ling\u00fc\u00edstics de la societat. Apunta com el model actual busca compensar des de les aules el desequilibri existent entre lleng\u00fces i garantir el&hellip;  <a href=\"https:\/\/projectes.xtec.cat\/usdelallengua\/portada\/lescola-ha-de-reproduir-els-usos-linguistics-de-la-societat-o-els-ha-de-compensar-avelli-flors-mas\/\" title=\"Read L&#8217;escola ha de reproduir els usos ling\u00fc\u00edstics de la societat o els ha de compensar? Avel\u00b7l\u00ed Flors-Mas\">Llegeix m\u00e9s\u00bb<\/a><\/p>\n","protected":false},"author":1,"featured_media":9690,"comment_status":"closed","ping_status":"closed","sticky":false,"template":"","format":"standard","meta":{"_bbp_topic_count":0,"_bbp_reply_count":0,"_bbp_total_topic_count":0,"_bbp_total_reply_count":0,"_bbp_voice_count":0,"_bbp_anonymous_reply_count":0,"_bbp_topic_count_hidden":0,"_bbp_reply_count_hidden":0,"_bbp_forum_subforum_count":0,"footnotes":""},"categories":[29,287],"tags":[478,317],"class_list":["post-9680","post","type-post","status-publish","format-standard","has-post-thumbnail","hentry","category-portada","category-reflexions","tag-tilc","tag-videos"],"post_mailing_queue_ids":[],"_links":{"self":[{"href":"https:\/\/projectes.xtec.cat\/usdelallengua\/wp-json\/wp\/v2\/posts\/9680","targetHints":{"allow":["GET"]}}],"collection":[{"href":"https:\/\/projectes.xtec.cat\/usdelallengua\/wp-json\/wp\/v2\/posts"}],"about":[{"href":"https:\/\/projectes.xtec.cat\/usdelallengua\/wp-json\/wp\/v2\/types\/post"}],"author":[{"embeddable":true,"href":"https:\/\/projectes.xtec.cat\/usdelallengua\/wp-json\/wp\/v2\/users\/1"}],"replies":[{"embeddable":true,"href":"https:\/\/projectes.xtec.cat\/usdelallengua\/wp-json\/wp\/v2\/comments?post=9680"}],"version-history":[{"count":5,"href":"https:\/\/projectes.xtec.cat\/usdelallengua\/wp-json\/wp\/v2\/posts\/9680\/revisions"}],"predecessor-version":[{"id":9696,"href":"https:\/\/projectes.xtec.cat\/usdelallengua\/wp-json\/wp\/v2\/posts\/9680\/revisions\/9696"}],"wp:featuredmedia":[{"embeddable":true,"href":"https:\/\/projectes.xtec.cat\/usdelallengua\/wp-json\/wp\/v2\/media\/9690"}],"wp:attachment":[{"href":"https:\/\/projectes.xtec.cat\/usdelallengua\/wp-json\/wp\/v2\/media?parent=9680"}],"wp:term":[{"taxonomy":"category","embeddable":true,"href":"https:\/\/projectes.xtec.cat\/usdelallengua\/wp-json\/wp\/v2\/categories?post=9680"},{"taxonomy":"post_tag","embeddable":true,"href":"https:\/\/projectes.xtec.cat\/usdelallengua\/wp-json\/wp\/v2\/tags?post=9680"}],"curies":[{"name":"wp","href":"https:\/\/api.w.org\/{rel}","templated":true}]}}