{"id":9722,"date":"2024-03-08T12:21:07","date_gmt":"2024-03-08T11:21:07","guid":{"rendered":"https:\/\/projectes.xtec.cat\/usdelallengua\/?p=9722"},"modified":"2024-05-04T09:18:29","modified_gmt":"2024-05-04T07:18:29","slug":"la-queta-ha-arribat-a-les-escoles","status":"publish","type":"post","link":"https:\/\/projectes.xtec.cat\/usdelallengua\/general\/la-queta-ha-arribat-a-les-escoles\/","title":{"rendered":"La Queta ha arribat a les escoles!"},"content":{"rendered":"<h3><img loading=\"lazy\" decoding=\"async\" class=\"alignleft wp-image-9724\" src=\"https:\/\/projectes.xtec.cat\/usdelallengua\/wp-content\/uploads\/usu2313\/2024\/03\/Captura-de-pantalla-2024-03-08-a-las-10.49.07.png\" alt=\"\" width=\"185\" height=\"303\" srcset=\"https:\/\/projectes.xtec.cat\/usdelallengua\/wp-content\/uploads\/usu2313\/2024\/03\/Captura-de-pantalla-2024-03-08-a-las-10.49.07.png 568w, https:\/\/projectes.xtec.cat\/usdelallengua\/wp-content\/uploads\/usu2313\/2024\/03\/Captura-de-pantalla-2024-03-08-a-las-10.49.07-183x300.png 183w\" sizes=\"auto, (max-width: 185px) 100vw, 185px\" \/><\/h3>\n<p>Durant el mes de mar\u00e7, arribaran a totes les escoles materials de la Queta per treballar l&#8217;\u00fas de la llengua amb l&#8217;alumnat de prim\u00e0ria. L&#8217;acci\u00f3, dins del<em>\u00a0<\/em><span style=\"font-family: inherit; font-size: 1em;\">Pla per incrementar l\u2019u\u0301s del catala\u0300 als centres educatius,\u00a0<\/span><span style=\"font-family: inherit; font-size: 1em;\">ha estat impulsada pel Govern, en el marc de la campanya \u201cProvem-ho en catal\u00e0. Molt per parlar, molt per viure\u201d. \u00c9s un material fet conjuntament pel Departament de Cultura i el Departament d\u2019Educacio\u0301 amb la finalitat d\u2019impulsar l\u2019u\u0301s del catala\u0300 entre l&#8217;alumnat d\u2019educacio\u0301 prima\u0300ria.<\/span><\/p>\n<p>I ara? Qu\u00e8 n&#8217;he de fer, d&#8217;aquests materials? Com els aplico a l&#8217;aula? Amb quina finalitat els he de posar en pr\u00e0ctica com a docent?<\/p>\n<p>Farem una breu explicaci\u00f3 per als docents sobre el nou material, la seva finalitat i el seu \u00fas.<\/p>\n<p>&nbsp;<\/p>\n<p>&nbsp;<\/p>\n<h4>MATERIAL<\/h4>\n<ul>\n<li><strong>\u00c0lbum i adhesius corresponents: de 1r a 3r de prim\u00e0ria<\/strong> \u2192 Es prioritza l\u2019expressio\u0301 oral. E\u0301s un material que permet el joc lliure, amb la intencio\u0301 que s\u2019utilitzi la llengua catalana, pero\u0300 que tambe\u0301 compta amb unes propostes de jocs. Les\u00a0<span style=\"font-family: inherit; font-size: 1em;\">instruccions dels jocs requereixen una lectura compartida amb el docent per assegurar-ne la comprensi\u00f3.<\/span><\/li>\n<\/ul>\n<p>&nbsp;<\/p>\n<ul>\n<li><strong>Joc de cartes: de 4t a 6\u00e8 de prim\u00e0ria<\/strong> \u2192 L&#8217;alumnat\u00a0<span style=\"font-family: inherit; font-size: 1em;\">necessita d\u2019un bon nivell de comprensio\u0301 lectora per interpretar el contingut de les cartes i executar les ordres que s\u2019hi exposen. Tambe\u0301 es recomana que les instruccions es llegeixin col\u00b7lectivament per fer-ne una comprensio\u0301 adequada que permeti l\u2019autonomia dels alumnes a l\u2019hora de jugar.<\/span><\/li>\n<\/ul>\n<div class=\"layoutArea\">\n<div class=\"column\">\n<p>&nbsp;<\/p>\n<p>A me\u0301s, per a totes les edats l&#8217;alumnat podr\u00e0 disposar d\u2019un imant de la Queta i d\u2019adhesius de la Queta fent diverses accions. Ambd\u00f3s materials tenen com a funci\u00f3 <span style=\"font-family: inherit; font-size: 1em;\">fer cone\u0300ixer aquest personatge, protagonista de la campanya, a l&#8217;alumnat de prima\u0300ria.<\/span><\/p>\n<p>En el <a href=\"https:\/\/projectes.xtec.cat\/usdelallengua\/wp-content\/uploads\/usu2313\/2024\/03\/Orientacions-didactiques-joc-Queta.pdf\" target=\"_blank\" rel=\"noopener\"><strong>document orientacions did\u00e0ctiques<\/strong><\/a>, hi ha propostes de jocs redactades i explicades per tal d&#8217;assegurar-ne una bona execuci\u00f3. A m\u00e9s a m\u00e9s, c<span style=\"font-family: inherit; font-size: 1em;\">omplementa\u0300riament, tambe\u0301 recomanem al professorat el recurs &#8220;<strong><a href=\"https:\/\/moltperparlar.cat\/la-campanya\/preguntes-mes-frequents\/\" target=\"_blank\" rel=\"noopener\">Preguntes m\u00e9s freq\u00fcents sobre l&#8217;\u00fas del catal\u00e0 entre els infants i els joves<\/a><\/strong>&#8220;, que s&#8217;ha elaborat en el marc d&#8217;aquesta campanya.\u00a0<\/span><\/p>\n<\/div>\n<p><a href=\"https:\/\/projectes.xtec.cat\/usdelallengua\/wp-content\/uploads\/usu2313\/2024\/03\/Orientacions-didactiques-joc-Queta.pdf\" target=\"_blank\" rel=\"noopener\"><img loading=\"lazy\" decoding=\"async\" class=\"alignleft wp-image-9388 size-thumbnail\" src=\"https:\/\/projectes.xtec.cat\/usdelallengua\/wp-content\/uploads\/usu2313\/2023\/12\/pdf-150x150.png\" alt=\"\" width=\"150\" height=\"150\" srcset=\"https:\/\/projectes.xtec.cat\/usdelallengua\/wp-content\/uploads\/usu2313\/2023\/12\/pdf-150x150.png 150w, https:\/\/projectes.xtec.cat\/usdelallengua\/wp-content\/uploads\/usu2313\/2023\/12\/pdf-300x300.png 300w, https:\/\/projectes.xtec.cat\/usdelallengua\/wp-content\/uploads\/usu2313\/2023\/12\/pdf.png 500w\" sizes=\"auto, (max-width: 150px) 100vw, 150px\" \/><\/a><\/p>\n<\/div>\n<p>&nbsp;<\/p>\n","protected":false},"excerpt":{"rendered":"<p>Durant el mes de mar\u00e7, arribaran a totes les escoles materials de la Queta per treballar l&#8217;\u00fas de la llengua amb l&#8217;alumnat de prim\u00e0ria. L&#8217;acci\u00f3, dins del\u00a0Pla per incrementar l\u2019u\u0301s del catala\u0300 als centres educatius,\u00a0ha estat impulsada pel Govern, en el marc de la campanya&hellip;  <a href=\"https:\/\/projectes.xtec.cat\/usdelallengua\/general\/la-queta-ha-arribat-a-les-escoles\/\" title=\"Read La Queta ha arribat a les escoles!\">Llegeix m\u00e9s\u00bb<\/a><\/p>\n","protected":false},"author":1,"featured_media":9724,"comment_status":"closed","ping_status":"closed","sticky":false,"template":"","format":"standard","meta":{"_bbp_topic_count":0,"_bbp_reply_count":0,"_bbp_total_topic_count":0,"_bbp_total_reply_count":0,"_bbp_voice_count":0,"_bbp_anonymous_reply_count":0,"_bbp_topic_count_hidden":0,"_bbp_reply_count_hidden":0,"_bbp_forum_subforum_count":0,"footnotes":""},"categories":[1,29],"tags":[432,388],"class_list":["post-9722","post","type-post","status-publish","format-standard","has-post-thumbnail","hentry","category-general","category-portada","tag-alumnat-dorigen-estranger","tag-jocs"],"post_mailing_queue_ids":[],"_links":{"self":[{"href":"https:\/\/projectes.xtec.cat\/usdelallengua\/wp-json\/wp\/v2\/posts\/9722","targetHints":{"allow":["GET"]}}],"collection":[{"href":"https:\/\/projectes.xtec.cat\/usdelallengua\/wp-json\/wp\/v2\/posts"}],"about":[{"href":"https:\/\/projectes.xtec.cat\/usdelallengua\/wp-json\/wp\/v2\/types\/post"}],"author":[{"embeddable":true,"href":"https:\/\/projectes.xtec.cat\/usdelallengua\/wp-json\/wp\/v2\/users\/1"}],"replies":[{"embeddable":true,"href":"https:\/\/projectes.xtec.cat\/usdelallengua\/wp-json\/wp\/v2\/comments?post=9722"}],"version-history":[{"count":6,"href":"https:\/\/projectes.xtec.cat\/usdelallengua\/wp-json\/wp\/v2\/posts\/9722\/revisions"}],"predecessor-version":[{"id":9752,"href":"https:\/\/projectes.xtec.cat\/usdelallengua\/wp-json\/wp\/v2\/posts\/9722\/revisions\/9752"}],"wp:featuredmedia":[{"embeddable":true,"href":"https:\/\/projectes.xtec.cat\/usdelallengua\/wp-json\/wp\/v2\/media\/9724"}],"wp:attachment":[{"href":"https:\/\/projectes.xtec.cat\/usdelallengua\/wp-json\/wp\/v2\/media?parent=9722"}],"wp:term":[{"taxonomy":"category","embeddable":true,"href":"https:\/\/projectes.xtec.cat\/usdelallengua\/wp-json\/wp\/v2\/categories?post=9722"},{"taxonomy":"post_tag","embeddable":true,"href":"https:\/\/projectes.xtec.cat\/usdelallengua\/wp-json\/wp\/v2\/tags?post=9722"}],"curies":[{"name":"wp","href":"https:\/\/api.w.org\/{rel}","templated":true}]}}