{"id":9814,"date":"2024-04-24T18:11:49","date_gmt":"2024-04-24T16:11:49","guid":{"rendered":"https:\/\/projectes.xtec.cat\/usdelallengua\/?p=9814"},"modified":"2025-09-26T12:02:38","modified_gmt":"2025-09-26T10:02:38","slug":"el-treball-collaboratiu-i-la-conversa-academica-entre-iguals-gloria-garcia","status":"publish","type":"post","link":"https:\/\/projectes.xtec.cat\/usdelallengua\/portada\/el-treball-collaboratiu-i-la-conversa-academica-entre-iguals-gloria-garcia\/","title":{"rendered":"El treball col\u00b7laboratiu i la conversa acad\u00e8mica entre iguals. Gl\u00f2ria Garcia"},"content":{"rendered":"<p><img loading=\"lazy\" decoding=\"async\" class=\"alignleft size-full wp-image-9817\" src=\"https:\/\/projectes.xtec.cat\/usdelallengua\/wp-content\/uploads\/usu2313\/2024\/04\/Caps.-12.-Gloria-Garcia-El-treball-collaboratiu-imatge-article.png\" alt=\"\" width=\"450\" height=\"200\" srcset=\"https:\/\/projectes.xtec.cat\/usdelallengua\/wp-content\/uploads\/usu2313\/2024\/04\/Caps.-12.-Gloria-Garcia-El-treball-collaboratiu-imatge-article.png 450w, https:\/\/projectes.xtec.cat\/usdelallengua\/wp-content\/uploads\/usu2313\/2024\/04\/Caps.-12.-Gloria-Garcia-El-treball-collaboratiu-imatge-article-300x133.png 300w\" sizes=\"auto, (max-width: 450px) 100vw, 450px\" \/>En aquesta c\u00e0psula, Gl\u00f2ria Garcia reflexiona sobre l\u2019\u00fas de la llengua que fan els alumnes quan duen a terme tasques de treball col\u00b7laboratiu i proposa eines per a integrar el registre acad\u00e8mic en catal\u00e0 en aquests espais d\u2019interacci\u00f3 entre iguals.<\/p>\n<p>En <a href=\"https:\/\/projectes.xtec.cat\/usdelallengua\/wp-content\/uploads\/usu2313\/2024\/04\/Gloria-Garcia.-El-treball-collaboratiu-i-la-conversa-academica-entre-iguals.pdf\" target=\"_blank\" rel=\"noopener\"><strong>aquest article<\/strong><\/a> i en <a href=\"https:\/\/youtu.be\/fmkuFuXevAQ\" target=\"_blank\" rel=\"noopener\"><strong>aquest v\u00eddeo<\/strong><\/a> Gl\u00f2ria Garcia analitza quin tipus de conversa entre iguals potencia la construcci\u00f3 del coneixement i quines estrat\u00e8gies es poden utilitzar a l\u2019aula per tal de fomentar el desenvolupament d\u2019aquest tipus d\u2019interaccions.<\/p>\n<p>Disposeu de la versi\u00f3 subtitulada del v\u00eddeo en <a href=\"https:\/\/youtu.be\/ACHR5EhkI5o\" target=\"_blank\" rel=\"noopener\"><strong>aquest enlla\u00e7<\/strong><\/a>.<\/p>\n<p><iframe loading=\"lazy\" title=\"Gl\u00f2ria Garcia. El treball col\u00b7laboratiu i la conversa acad\u00e8mica entre iguals\" width=\"500\" height=\"281\" src=\"https:\/\/www.youtube.com\/embed\/fmkuFuXevAQ?feature=oembed\" frameborder=\"0\" allow=\"accelerometer; autoplay; clipboard-write; encrypted-media; gyroscope; picture-in-picture; web-share\" referrerpolicy=\"strict-origin-when-cross-origin\" allowfullscreen><\/iframe><\/p>\n<p>&nbsp;<\/p>\n<p><a href=\"https:\/\/projectes.xtec.cat\/usdelallengua\/wp-content\/uploads\/usu2313\/2024\/04\/Gloria-Garcia.-El-treball-collaboratiu-i-la-conversa-academica-entre-iguals.pdf\"><img loading=\"lazy\" decoding=\"async\" class=\"alignleft wp-image-9388 size-thumbnail\" src=\"https:\/\/projectes.xtec.cat\/usdelallengua\/wp-content\/uploads\/usu2313\/2023\/12\/pdf-150x150.png\" alt=\"\" width=\"150\" height=\"150\" srcset=\"https:\/\/projectes.xtec.cat\/usdelallengua\/wp-content\/uploads\/usu2313\/2023\/12\/pdf-150x150.png 150w, https:\/\/projectes.xtec.cat\/usdelallengua\/wp-content\/uploads\/usu2313\/2023\/12\/pdf-300x300.png 300w, https:\/\/projectes.xtec.cat\/usdelallengua\/wp-content\/uploads\/usu2313\/2023\/12\/pdf.png 500w\" sizes=\"auto, (max-width: 150px) 100vw, 150px\" \/><\/a><\/p>\n","protected":false},"excerpt":{"rendered":"<p>En aquesta c\u00e0psula, Gl\u00f2ria Garcia reflexiona sobre l\u2019\u00fas de la llengua que fan els alumnes quan duen a terme tasques de treball col\u00b7laboratiu i proposa eines per a integrar el registre acad\u00e8mic en catal\u00e0 en aquests espais d\u2019interacci\u00f3 entre iguals.<br \/>\nEn <a href=\"https:\/\/projectes.xtec.cat\/usdelallengua\/wp-content\/uploads\/usu2313\/2024\/04\/Gloria-Garcia.-El-treball-collaboratiu-i-la-conversa-academica-entre-iguals.pdf\" target=\"_blank\" rel=\"noopener\">aquest article<\/a>&hellip;  <a href=\"https:\/\/projectes.xtec.cat\/usdelallengua\/portada\/el-treball-collaboratiu-i-la-conversa-academica-entre-iguals-gloria-garcia\/\" title=\"Read El treball col\u00b7laboratiu i la conversa acad\u00e8mica entre iguals. Gl\u00f2ria Garcia\">Llegeix m\u00e9s\u00bb<\/a><\/p>\n","protected":false},"author":1,"featured_media":9817,"comment_status":"closed","ping_status":"closed","sticky":false,"template":"","format":"standard","meta":{"_bbp_topic_count":0,"_bbp_reply_count":0,"_bbp_total_topic_count":0,"_bbp_total_reply_count":0,"_bbp_voice_count":0,"_bbp_anonymous_reply_count":0,"_bbp_topic_count_hidden":0,"_bbp_reply_count_hidden":0,"_bbp_forum_subforum_count":0,"footnotes":""},"categories":[29,287],"tags":[474,317],"class_list":["post-9814","post","type-post","status-publish","format-standard","has-post-thumbnail","hentry","category-portada","category-reflexions","tag-llengua-vehicular","tag-videos"],"post_mailing_queue_ids":[],"_links":{"self":[{"href":"https:\/\/projectes.xtec.cat\/usdelallengua\/wp-json\/wp\/v2\/posts\/9814","targetHints":{"allow":["GET"]}}],"collection":[{"href":"https:\/\/projectes.xtec.cat\/usdelallengua\/wp-json\/wp\/v2\/posts"}],"about":[{"href":"https:\/\/projectes.xtec.cat\/usdelallengua\/wp-json\/wp\/v2\/types\/post"}],"author":[{"embeddable":true,"href":"https:\/\/projectes.xtec.cat\/usdelallengua\/wp-json\/wp\/v2\/users\/1"}],"replies":[{"embeddable":true,"href":"https:\/\/projectes.xtec.cat\/usdelallengua\/wp-json\/wp\/v2\/comments?post=9814"}],"version-history":[{"count":5,"href":"https:\/\/projectes.xtec.cat\/usdelallengua\/wp-json\/wp\/v2\/posts\/9814\/revisions"}],"predecessor-version":[{"id":10019,"href":"https:\/\/projectes.xtec.cat\/usdelallengua\/wp-json\/wp\/v2\/posts\/9814\/revisions\/10019"}],"wp:featuredmedia":[{"embeddable":true,"href":"https:\/\/projectes.xtec.cat\/usdelallengua\/wp-json\/wp\/v2\/media\/9817"}],"wp:attachment":[{"href":"https:\/\/projectes.xtec.cat\/usdelallengua\/wp-json\/wp\/v2\/media?parent=9814"}],"wp:term":[{"taxonomy":"category","embeddable":true,"href":"https:\/\/projectes.xtec.cat\/usdelallengua\/wp-json\/wp\/v2\/categories?post=9814"},{"taxonomy":"post_tag","embeddable":true,"href":"https:\/\/projectes.xtec.cat\/usdelallengua\/wp-json\/wp\/v2\/tags?post=9814"}],"curies":[{"name":"wp","href":"https:\/\/api.w.org\/{rel}","templated":true}]}}