{"id":9877,"date":"2024-09-09T13:13:37","date_gmt":"2024-09-09T11:13:37","guid":{"rendered":"https:\/\/projectes.xtec.cat\/usdelallengua\/?p=9877"},"modified":"2024-09-09T13:13:37","modified_gmt":"2024-09-09T11:13:37","slug":"oberta-la-inscripcio-al-sambori-2025","status":"publish","type":"post","link":"https:\/\/projectes.xtec.cat\/usdelallengua\/portada\/oberta-la-inscripcio-al-sambori-2025\/","title":{"rendered":"Oberta la inscripci\u00f3 al Sambori 2025"},"content":{"rendered":"<p><img loading=\"lazy\" decoding=\"async\" class=\"alignleft size-full wp-image-9878\" src=\"https:\/\/projectes.xtec.cat\/usdelallengua\/wp-content\/uploads\/usu2313\/2024\/09\/Autobiografies-linguistiques.-La-llengua-transitada-8.png\" alt=\"\" width=\"450\" height=\"200\" srcset=\"https:\/\/projectes.xtec.cat\/usdelallengua\/wp-content\/uploads\/usu2313\/2024\/09\/Autobiografies-linguistiques.-La-llengua-transitada-8.png 450w, https:\/\/projectes.xtec.cat\/usdelallengua\/wp-content\/uploads\/usu2313\/2024\/09\/Autobiografies-linguistiques.-La-llengua-transitada-8-300x133.png 300w\" sizes=\"auto, (max-width: 450px) 100vw, 450px\" \/>El Sambori \u00e9s un projecte d\u2019\u00d2mnium que fomenta la creaci\u00f3 de propostes art\u00edstiques i culturals d\u2019autoria col\u00b7lectiva, amb l\u2019objectiu de fomentar l\u2019empoderament cultural, el sentiment de pertinen\u00e7a comunitari i l\u2019\u00fas de la llengua catalana com a eines de transformaci\u00f3 social generadores d\u2019oportunitats. Es tracta que l\u2019alumnat trobi un canal per expressar la seva veu, incidint especialment en col\u00b7lectius tradicionalment infrarepresentats i creant sinergies entre els diferents membres de la comunitat educativa, per\u00f2 tamb\u00e9 amb altres entitats del seu entorn immediat.<\/p>\n<p><strong>Qui hi pot participar?<\/strong><\/p>\n<p>Alumnat que cursi educaci\u00f3 prim\u00e0ria<span style=\"font-family: inherit; font-size: 1em;\">, educaci\u00f3 secund\u00e0ria obligat\u00f2ria, batxillerat o cicles formatius de grau mitj\u00e0 en centres educatius del Principat, la Franja, Andorra, la Catalunya Nord o l\u2019Alguer durant el curs 2024-2025.<\/span><\/p>\n<p><strong>On us podeu inscriure?<\/strong><\/p>\n<p>Per participar al Sambori nom\u00e9s us heu d\u2019inscriure en aquest <a href=\"https:\/\/form.jotform.com\/241502787294361\">formulari<\/a> i ja podreu comen\u00e7ar el proc\u00e9s de creaci\u00f3. Abans del dia 11 d\u2019abril cada centre educatiu o conjunt de centres hauran de presentar les seves creacions a trav\u00e9s del formulari habilitat al web sambori.omnium.cat.<\/p>\n<p><strong>Qu\u00e8 us ofereixen per participar-hi?<\/strong><\/p>\n<p>1. Formaci\u00f3 i acompanyament durant el proc\u00e9s de creaci\u00f3.<\/p>\n<p>&gt; Materials pedag\u00f2gics descarregables.<\/p>\n<p>&gt; Situaci\u00f3 d\u2019aprenentatge<\/p>\n<p><span style=\"font-family: inherit; font-size: 1em;\">Sambori per adaptar a l\u2019aula<\/span><\/p>\n<p>&gt; Acompanyament durant el proc\u00e9s de creaci\u00f3 per part d\u2019especialistes de diverses entitats.<\/p>\n<p>2. Ser altaveu i donar visibilitat a les creacions de l\u2019alumnat.<\/p>\n<p>3. Festes Sambori territorials.<\/p>\n<p>Durant el mes de maig de 2025, \u00d2mnium organitzar\u00e0 actes festius amb diverses activitats, tallers i actuacions per posar en valor el temps i l\u2019esfor\u00e7 que han dedicat a la creaci\u00f3 de les propostes col\u00b7lectives. Una oportunitat per celebrar i mostrar les creacions juntament amb participants d\u2019altres centres i la resta de la comunitat educativa.<\/p>\n<p>Per a m\u00e9s informaci\u00f3 podeu consultar les <a href=\"https:\/\/sambori-wp.s3.eu-west-1.amazonaws.com\/app\/uploads\/2024\/06\/18105457\/BASES_Sambori_25-2-1.pdf\">bases del Sambori<\/a>.<\/p>\n<p>Us animem a participar-hi!<\/p>\n","protected":false},"excerpt":{"rendered":"<p>El Sambori \u00e9s un projecte d\u2019\u00d2mnium que fomenta la creaci\u00f3 de propostes art\u00edstiques i culturals d\u2019autoria col\u00b7lectiva, amb l\u2019objectiu de fomentar l\u2019empoderament cultural, el sentiment de pertinen\u00e7a comunitari i l\u2019\u00fas de la llengua catalana com a eines de transformaci\u00f3 social generadores d\u2019oportunitats. Es tracta que&hellip;  <a href=\"https:\/\/projectes.xtec.cat\/usdelallengua\/portada\/oberta-la-inscripcio-al-sambori-2025\/\" title=\"Read Oberta la inscripci\u00f3 al Sambori 2025\">Llegeix m\u00e9s\u00bb<\/a><\/p>\n","protected":false},"author":1,"featured_media":9878,"comment_status":"open","ping_status":"closed","sticky":false,"template":"","format":"standard","meta":{"_bbp_topic_count":0,"_bbp_reply_count":0,"_bbp_total_topic_count":0,"_bbp_total_reply_count":0,"_bbp_voice_count":0,"_bbp_anonymous_reply_count":0,"_bbp_topic_count_hidden":0,"_bbp_reply_count_hidden":0,"_bbp_forum_subforum_count":0,"footnotes":""},"categories":[29],"tags":[367],"class_list":["post-9877","post","type-post","status-publish","format-standard","has-post-thumbnail","hentry","category-portada","tag-premi"],"post_mailing_queue_ids":[],"_links":{"self":[{"href":"https:\/\/projectes.xtec.cat\/usdelallengua\/wp-json\/wp\/v2\/posts\/9877","targetHints":{"allow":["GET"]}}],"collection":[{"href":"https:\/\/projectes.xtec.cat\/usdelallengua\/wp-json\/wp\/v2\/posts"}],"about":[{"href":"https:\/\/projectes.xtec.cat\/usdelallengua\/wp-json\/wp\/v2\/types\/post"}],"author":[{"embeddable":true,"href":"https:\/\/projectes.xtec.cat\/usdelallengua\/wp-json\/wp\/v2\/users\/1"}],"replies":[{"embeddable":true,"href":"https:\/\/projectes.xtec.cat\/usdelallengua\/wp-json\/wp\/v2\/comments?post=9877"}],"version-history":[{"count":1,"href":"https:\/\/projectes.xtec.cat\/usdelallengua\/wp-json\/wp\/v2\/posts\/9877\/revisions"}],"predecessor-version":[{"id":9879,"href":"https:\/\/projectes.xtec.cat\/usdelallengua\/wp-json\/wp\/v2\/posts\/9877\/revisions\/9879"}],"wp:featuredmedia":[{"embeddable":true,"href":"https:\/\/projectes.xtec.cat\/usdelallengua\/wp-json\/wp\/v2\/media\/9878"}],"wp:attachment":[{"href":"https:\/\/projectes.xtec.cat\/usdelallengua\/wp-json\/wp\/v2\/media?parent=9877"}],"wp:term":[{"taxonomy":"category","embeddable":true,"href":"https:\/\/projectes.xtec.cat\/usdelallengua\/wp-json\/wp\/v2\/categories?post=9877"},{"taxonomy":"post_tag","embeddable":true,"href":"https:\/\/projectes.xtec.cat\/usdelallengua\/wp-json\/wp\/v2\/tags?post=9877"}],"curies":[{"name":"wp","href":"https:\/\/api.w.org\/{rel}","templated":true}]}}