{"id":9891,"date":"2024-10-04T12:44:22","date_gmt":"2024-10-04T10:44:22","guid":{"rendered":"https:\/\/projectes.xtec.cat\/usdelallengua\/?p=9891"},"modified":"2024-10-04T12:44:22","modified_gmt":"2024-10-04T10:44:22","slug":"jornada-actituds-usos-linguistics-i-pronuncia-claus-per-a-laprenentatge-del-catala-en-adolescents-procat24","status":"publish","type":"post","link":"https:\/\/projectes.xtec.cat\/usdelallengua\/general\/jornada-actituds-usos-linguistics-i-pronuncia-claus-per-a-laprenentatge-del-catala-en-adolescents-procat24\/","title":{"rendered":"Jornada Actituds, usos ling\u00fc\u00edstics i pron\u00fancia: claus per a l\u2019aprenentatge del catal\u00e0 en adolescents (PROCAT24)"},"content":{"rendered":"<p><img loading=\"lazy\" decoding=\"async\" class=\"alignleft size-full wp-image-9892\" src=\"https:\/\/projectes.xtec.cat\/usdelallengua\/wp-content\/uploads\/usu2313\/2024\/10\/Autobiografies-linguistiques.-La-llengua-transitada-14.png\" alt=\"\" width=\"450\" height=\"200\" srcset=\"https:\/\/projectes.xtec.cat\/usdelallengua\/wp-content\/uploads\/usu2313\/2024\/10\/Autobiografies-linguistiques.-La-llengua-transitada-14.png 450w, https:\/\/projectes.xtec.cat\/usdelallengua\/wp-content\/uploads\/usu2313\/2024\/10\/Autobiografies-linguistiques.-La-llengua-transitada-14-300x133.png 300w\" sizes=\"auto, (max-width: 450px) 100vw, 450px\" \/>El <a href=\"https:\/\/filcat.ub.edu\/recerca\/grups\/grup-d-innovacio-docent-en-fonetica-catalana-foncat\">Grup d\u2019innovaci\u00f3 docent FONCAT<\/a> i el <a href=\"https:\/\/departament-filcat-linguistica.ub.edu\/\">Departament de Filologia\u00a0Catalana i Ling\u00fc\u00edstica General<\/a> de la Universitat de Barcelona organitza la <a href=\"https:\/\/procat24.weebly.com\/\">V Jornada PROCAT (PROCAT24)<\/a>, que enguany porta per t\u00edtol \u201c<strong>Actituds, usos ling\u00fc\u00edstics i pron\u00fancia: claus per a l\u2019aprenentatge del catal\u00e0 en\u00a0adolescents<\/strong>\u201d. Tindr\u00e0 lloc dimecres, 16 d&#8217;octubre de 2024, de 16 h a 20 h, a Aula Joan Maragall (111) de la Facultat de Filologia i Comunicaci\u00f3 de la Universitat de Barcelona.<\/p>\n<p>La\u00a0V Jornada PROCAT es proposa analitzar algunes actituds sobre el catal\u00e0 en\u00a0adolescents i presentar oportunitats i reptes per millorar la llengua oral i\u00a0la pron\u00fancia del catal\u00e0.\u00a0S\u2019organitza en tres blocs. En primer lloc, es\u00a0presenten les actituds ling\u00fc\u00edstiques i el seu abast, aix\u00ed com treballs\u00a0representatius d\u2019aquestes actituds a les aules catalanes de secund\u00e0ria. En\u00a0segon lloc, es descriuen intervencions docents que tenen el treball de les\u00a0actituds com a eix vertebrador i que s\u2019han dut a terme a l\u2019educaci\u00f3\u00a0secund\u00e0ria, algunes amb implicacions connectades a la pron\u00fancia del\u00a0catal\u00e0. Finalment, es presenten recursos per millorar les actituds\u00a0ling\u00fc\u00edstiques del catal\u00e0 en adolescents i que estan focalitzades en la\u00a0llengua oral i la pron\u00fancia del catal\u00e0.<\/p>\n<p>Trobareu m\u00e9s informaci\u00f3 i el procediment per fer les inscripcions <a href=\"https:\/\/procat24.weebly.com\/\">en aquest enlla\u00e7<\/a>.<\/p>\n","protected":false},"excerpt":{"rendered":"<p>El <a href=\"https:\/\/filcat.ub.edu\/recerca\/grups\/grup-d-innovacio-docent-en-fonetica-catalana-foncat\">Grup d\u2019innovaci\u00f3 docent FONCAT<\/a> i el <a href=\"https:\/\/departament-filcat-linguistica.ub.edu\/\">Departament de Filologia\u00a0Catalana i Ling\u00fc\u00edstica General<\/a> de la Universitat de Barcelona organitza la <a href=\"https:\/\/procat24.weebly.com\/\">V Jornada PROCAT (PROCAT24)<\/a>, que enguany porta per t\u00edtol \u201cActituds, usos ling\u00fc\u00edstics i pron\u00fancia: claus per a l\u2019aprenentatge del catal\u00e0 en\u00a0adolescents\u201d. Tindr\u00e0&hellip;  <a href=\"https:\/\/projectes.xtec.cat\/usdelallengua\/general\/jornada-actituds-usos-linguistics-i-pronuncia-claus-per-a-laprenentatge-del-catala-en-adolescents-procat24\/\" title=\"Read Jornada Actituds, usos ling\u00fc\u00edstics i pron\u00fancia: claus per a l\u2019aprenentatge del catal\u00e0 en adolescents (PROCAT24)\">Llegeix m\u00e9s\u00bb<\/a><\/p>\n","protected":false},"author":1,"featured_media":9892,"comment_status":"closed","ping_status":"closed","sticky":false,"template":"","format":"standard","meta":{"_bbp_topic_count":0,"_bbp_reply_count":0,"_bbp_total_topic_count":0,"_bbp_total_reply_count":0,"_bbp_voice_count":0,"_bbp_anonymous_reply_count":0,"_bbp_topic_count_hidden":0,"_bbp_reply_count_hidden":0,"_bbp_forum_subforum_count":0,"footnotes":""},"categories":[304,1,29],"tags":[494,294],"class_list":["post-9891","post","type-post","status-publish","format-standard","has-post-thumbnail","hentry","category-formacio","category-general","category-portada","tag-jornada","tag-llengua-oral"],"post_mailing_queue_ids":[],"_links":{"self":[{"href":"https:\/\/projectes.xtec.cat\/usdelallengua\/wp-json\/wp\/v2\/posts\/9891","targetHints":{"allow":["GET"]}}],"collection":[{"href":"https:\/\/projectes.xtec.cat\/usdelallengua\/wp-json\/wp\/v2\/posts"}],"about":[{"href":"https:\/\/projectes.xtec.cat\/usdelallengua\/wp-json\/wp\/v2\/types\/post"}],"author":[{"embeddable":true,"href":"https:\/\/projectes.xtec.cat\/usdelallengua\/wp-json\/wp\/v2\/users\/1"}],"replies":[{"embeddable":true,"href":"https:\/\/projectes.xtec.cat\/usdelallengua\/wp-json\/wp\/v2\/comments?post=9891"}],"version-history":[{"count":1,"href":"https:\/\/projectes.xtec.cat\/usdelallengua\/wp-json\/wp\/v2\/posts\/9891\/revisions"}],"predecessor-version":[{"id":9893,"href":"https:\/\/projectes.xtec.cat\/usdelallengua\/wp-json\/wp\/v2\/posts\/9891\/revisions\/9893"}],"wp:featuredmedia":[{"embeddable":true,"href":"https:\/\/projectes.xtec.cat\/usdelallengua\/wp-json\/wp\/v2\/media\/9892"}],"wp:attachment":[{"href":"https:\/\/projectes.xtec.cat\/usdelallengua\/wp-json\/wp\/v2\/media?parent=9891"}],"wp:term":[{"taxonomy":"category","embeddable":true,"href":"https:\/\/projectes.xtec.cat\/usdelallengua\/wp-json\/wp\/v2\/categories?post=9891"},{"taxonomy":"post_tag","embeddable":true,"href":"https:\/\/projectes.xtec.cat\/usdelallengua\/wp-json\/wp\/v2\/tags?post=9891"}],"curies":[{"name":"wp","href":"https:\/\/api.w.org\/{rel}","templated":true}]}}