{"id":9901,"date":"2024-10-23T14:25:58","date_gmt":"2024-10-23T12:25:58","guid":{"rendered":"https:\/\/projectes.xtec.cat\/usdelallengua\/?p=9901"},"modified":"2024-10-23T14:26:45","modified_gmt":"2024-10-23T12:26:45","slug":"recursos-i-estrategies-de-sensibilitzacio-linguistica","status":"publish","type":"post","link":"https:\/\/projectes.xtec.cat\/usdelallengua\/portada\/recursos-i-estrategies-de-sensibilitzacio-linguistica\/","title":{"rendered":"Recursos i estrat\u00e8gies de sensibilitzaci\u00f3 ling\u00fc\u00edstica"},"content":{"rendered":"<p aria-level=\"1\"><img loading=\"lazy\" decoding=\"async\" class=\"alignleft size-full wp-image-9902\" src=\"https:\/\/projectes.xtec.cat\/usdelallengua\/wp-content\/uploads\/usu2313\/2024\/10\/article-sensiblitzacio-linguistica.png\" alt=\"\" width=\"450\" height=\"200\" srcset=\"https:\/\/projectes.xtec.cat\/usdelallengua\/wp-content\/uploads\/usu2313\/2024\/10\/article-sensiblitzacio-linguistica.png 450w, https:\/\/projectes.xtec.cat\/usdelallengua\/wp-content\/uploads\/usu2313\/2024\/10\/article-sensiblitzacio-linguistica-300x133.png 300w\" sizes=\"auto, (max-width: 450px) 100vw, 450px\" \/><\/p>\n<p aria-level=\"1\"><span data-contrast=\"auto\">Promoure el respecte a la diversitat ling\u00fc\u00edstica i potenciar la implicaci\u00f3 emocional amb les lleng\u00fces d\u2019origen de l\u2019alumnat \u00e9s cabdal perqu\u00e8 l\u2019alumnat d\u2019origen estranger se senti acollit en els centres educatius. Alhora, \u00e9s indispensable posar en pr\u00e0ctica estrat\u00e8gies i mecanismes perqu\u00e8 el catal\u00e0 sigui la llengua d\u2019\u00fas, vehicular i de cohesi\u00f3 social del centre, per contribuir a l\u2019aprenent de la llengua catalana per part de tot l\u2019alumnat.<\/span><span data-ccp-props=\"{&quot;134233117&quot;:true,&quot;134233118&quot;:true,&quot;201341983&quot;:0,&quot;335559740&quot;:240}\">\u00a0<\/span><\/p>\n<p aria-level=\"1\"><span data-contrast=\"auto\">El CPNL ha aplegat en el recull <\/span><a href=\"https:\/\/www.cpnl.cat\/media\/upload\/arxius\/activitats\/Guia%20de%20recursos%20per%20a%20centres%20educatius_%C3%BAltim.pdf\"><i><span data-contrast=\"none\">Guia de recursos per a centres educatiu. Cat\u00e0leg de propostes pr\u00e0ctiques per a les sessions de sensibilitzaci\u00f3<\/span><\/i><\/a><span data-contrast=\"auto\"> un conjunt d\u2019activitats per dur a terme tant dins com fora de les aules. Les activitats estan organitzades en diferents blocs en funci\u00f3 de quins s\u00f3n els destinataris principals i de quin \u00e9s l\u2019\u00e0mbit en qu\u00e8 incideixen.\u00a0\u00a0<\/span><span data-ccp-props=\"{&quot;134233117&quot;:true,&quot;134233118&quot;:true,&quot;201341983&quot;:0,&quot;335559740&quot;:240}\">\u00a0<\/span><\/p>\n<p aria-level=\"1\"><span data-contrast=\"auto\">En el primer apartat s\u2019hi recullen activitats per treballar amb l\u2019alumnat tant dins com fora de l\u2019aula. De les activitats d\u2019aquest bloc, distribu\u00efdes en quatre seccions (<\/span><i><span data-contrast=\"auto\">Acollir<\/span><\/i><span data-contrast=\"auto\">, <\/span><i><span data-contrast=\"auto\">Crear vincles<\/span><\/i><span data-contrast=\"auto\">, <\/span><i><span data-contrast=\"auto\">Contrastar<\/span><\/i><span data-contrast=\"auto\"> i <\/span><i><span data-contrast=\"auto\">Col\u00b7loquialitzar el catal\u00e0<\/span><\/i><span data-contrast=\"auto\">), en destaquem les seg\u00fcents, que segurament molts de vosaltres ja coneixeu i fins i tot potser heu dut a la pr\u00e0ctica. Cada una de les activitats s\u2019acompanya amb recursos addicionals o l\u2019enlla\u00e7 a bones pr\u00e0ctiques de centres que ja ho han dut a terme.\u00a0<\/span><span data-ccp-props=\"{&quot;134233117&quot;:true,&quot;134233118&quot;:true,&quot;201341983&quot;:0,&quot;335559740&quot;:240}\">\u00a0<\/span><\/p>\n<ul>\n<li data-leveltext=\"\uf0b7\" data-font=\"Symbol\" data-listid=\"1\" data-list-defn-props=\"{&quot;335552541&quot;:1,&quot;335559685&quot;:720,&quot;335559991&quot;:360,&quot;469769226&quot;:&quot;Symbol&quot;,&quot;469769242&quot;:[8226],&quot;469777803&quot;:&quot;left&quot;,&quot;469777804&quot;:&quot;\uf0b7&quot;,&quot;469777815&quot;:&quot;hybridMultilevel&quot;}\" aria-setsize=\"-1\" data-aria-posinset=\"1\" data-aria-level=\"1\"><b><span data-contrast=\"auto\">Timbre en can\u00e7ons en les lleng\u00fces de l\u2019alumnat<\/span><\/b><span data-contrast=\"auto\">. S\u2019acompanya amb una llista d\u2019<\/span><a href=\"https:\/\/open.spotify.com\/user\/ocbvzx3tvpgdkg3f2l7kkeift?si=3d7e35bfffe14073&amp;nd=1&amp;dlsi=bc01eb53695c4390\"><span data-contrast=\"none\">Spotify<\/span><\/a><span data-contrast=\"auto\">.<\/span><span data-ccp-props=\"{&quot;134233117&quot;:true,&quot;134233118&quot;:true,&quot;201341983&quot;:0,&quot;335559740&quot;:240}\">\u00a0<\/span><\/li>\n<\/ul>\n<ul>\n<li data-leveltext=\"\uf0b7\" data-font=\"Symbol\" data-listid=\"1\" data-list-defn-props=\"{&quot;335552541&quot;:1,&quot;335559685&quot;:720,&quot;335559991&quot;:360,&quot;469769226&quot;:&quot;Symbol&quot;,&quot;469769242&quot;:[8226],&quot;469777803&quot;:&quot;left&quot;,&quot;469777804&quot;:&quot;\uf0b7&quot;,&quot;469777815&quot;:&quot;hybridMultilevel&quot;}\" aria-setsize=\"-1\" data-aria-posinset=\"2\" data-aria-level=\"1\"><b><span data-contrast=\"auto\">Autobiografies ling\u00fc\u00edstiques<\/span><\/b><span data-contrast=\"auto\">. Amb l\u2019enlla\u00e7 als <\/span><a href=\"http:\/\/sepie.es\/doc\/portfolio\/biografiaprimariacatalan.pdf\"><span data-contrast=\"none\">portafolis europeu de les lleng\u00fces<\/span><\/a><span data-contrast=\"auto\">, i a les <\/span><a href=\"https:\/\/blogs.cpnl.cat\/autobiografies-linguistiques\/2016\/07\/05\/que-es-lautobiografia-linguistica\/\"><span data-contrast=\"none\">orientacions i exemples<\/span><\/a><span data-contrast=\"auto\"> del CPNL.<\/span><span data-ccp-props=\"{&quot;134233117&quot;:true,&quot;134233118&quot;:true,&quot;201341983&quot;:0,&quot;335559740&quot;:240}\">\u00a0<\/span><\/li>\n<\/ul>\n<ul>\n<li data-leveltext=\"\uf0b7\" data-font=\"Symbol\" data-listid=\"1\" data-list-defn-props=\"{&quot;335552541&quot;:1,&quot;335559685&quot;:720,&quot;335559991&quot;:360,&quot;469769226&quot;:&quot;Symbol&quot;,&quot;469769242&quot;:[8226],&quot;469777803&quot;:&quot;left&quot;,&quot;469777804&quot;:&quot;\uf0b7&quot;,&quot;469777815&quot;:&quot;hybridMultilevel&quot;}\" aria-setsize=\"-1\" data-aria-posinset=\"3\" data-aria-level=\"1\"><b><span data-contrast=\"auto\">Dia internacional de la llengua materna<\/span><\/b><span data-contrast=\"auto\">. Entre altres recursos, enlla\u00e7a amb l\u2019interactiu <\/span><a href=\"https:\/\/view.genially.com\/6005949461bf7d0d23e6baa5\"><i><span data-contrast=\"none\">Volta al m\u00f3n amb les lleng\u00fces<\/span><\/i><\/a><span data-contrast=\"auto\">, amb informacions i preguntes breus per treballar a l\u2019aula.<\/span><span data-ccp-props=\"{&quot;134233117&quot;:true,&quot;134233118&quot;:true,&quot;201341983&quot;:0,&quot;335559740&quot;:240}\">\u00a0<\/span><\/li>\n<\/ul>\n<ul>\n<li data-leveltext=\"\uf0b7\" data-font=\"Symbol\" data-listid=\"1\" data-list-defn-props=\"{&quot;335552541&quot;:1,&quot;335559685&quot;:720,&quot;335559991&quot;:360,&quot;469769226&quot;:&quot;Symbol&quot;,&quot;469769242&quot;:[8226],&quot;469777803&quot;:&quot;left&quot;,&quot;469777804&quot;:&quot;\uf0b7&quot;,&quot;469777815&quot;:&quot;hybridMultilevel&quot;}\" aria-setsize=\"-1\" data-aria-posinset=\"4\" data-aria-level=\"1\"><b><span data-contrast=\"auto\">Dec\u00e0leg &#8220;sigues ling\u00fc\u00edsticament sostenible&#8221;<\/span><\/b><span data-contrast=\"auto\">, amb l\u2019enlla\u00e7 al recurs del <\/span><a href=\"http:\/\/www.ub.edu\/xdl\/dinlin\/quefem\/decaleg.htm\"><span data-contrast=\"none\">dec\u00e0leg en 13 lleng\u00fces<\/span><\/a><span data-contrast=\"auto\">.<\/span><span data-ccp-props=\"{&quot;134233117&quot;:true,&quot;134233118&quot;:true,&quot;201341983&quot;:0,&quot;335559740&quot;:240}\">\u00a0<\/span><\/li>\n<\/ul>\n<ul>\n<li data-leveltext=\"\uf0b7\" data-font=\"Symbol\" data-listid=\"1\" data-list-defn-props=\"{&quot;335552541&quot;:1,&quot;335559685&quot;:720,&quot;335559991&quot;:360,&quot;469769226&quot;:&quot;Symbol&quot;,&quot;469769242&quot;:[8226],&quot;469777803&quot;:&quot;left&quot;,&quot;469777804&quot;:&quot;\uf0b7&quot;,&quot;469777815&quot;:&quot;hybridMultilevel&quot;}\" aria-setsize=\"-1\" data-aria-posinset=\"5\" data-aria-level=\"1\"><b><span data-contrast=\"auto\">Llenguaferits<\/span><\/b><span data-contrast=\"auto\">, i els materials que Llenguaferits publiquen al seu <\/span><a href=\"https:\/\/www.youtube.com\/channel\/UCD8T0OOhxyHF62KowDV-ScA\/videos\"><span data-contrast=\"none\">canal de youtube<\/span><\/a><span data-contrast=\"auto\">.<\/span><span data-ccp-props=\"{&quot;134233117&quot;:true,&quot;134233118&quot;:true,&quot;201341983&quot;:0,&quot;335559740&quot;:240}\">\u00a0<\/span><\/li>\n<\/ul>\n<ul>\n<li data-leveltext=\"\uf0b7\" data-font=\"Symbol\" data-listid=\"1\" data-list-defn-props=\"{&quot;335552541&quot;:1,&quot;335559685&quot;:720,&quot;335559991&quot;:360,&quot;469769226&quot;:&quot;Symbol&quot;,&quot;469769242&quot;:[8226],&quot;469777803&quot;:&quot;left&quot;,&quot;469777804&quot;:&quot;\uf0b7&quot;,&quot;469777815&quot;:&quot;hybridMultilevel&quot;}\" aria-setsize=\"-1\" data-aria-posinset=\"6\" data-aria-level=\"1\"><b><span data-contrast=\"auto\">La trena de lleng\u00fces<\/span><\/b><span data-contrast=\"auto\">. Presentaci\u00f3 personal escrita i oral en les lleng\u00fces que coneixen els alumnes. Se\u2019n pot veure un exemple a <\/span><a href=\"https:\/\/issuu.com\/gprasad\/docs\/tresse_des_langues_ed_2017\"><span data-contrast=\"none\">La tresse des langues<\/span><\/a><span data-contrast=\"auto\">.<\/span><span data-ccp-props=\"{&quot;134233117&quot;:true,&quot;134233118&quot;:true,&quot;201341983&quot;:0,&quot;335559740&quot;:240}\">\u00a0<\/span><\/li>\n<\/ul>\n<ul>\n<li data-leveltext=\"\uf0b7\" data-font=\"Symbol\" data-listid=\"1\" data-list-defn-props=\"{&quot;335552541&quot;:1,&quot;335559685&quot;:720,&quot;335559991&quot;:360,&quot;469769226&quot;:&quot;Symbol&quot;,&quot;469769242&quot;:[8226],&quot;469777803&quot;:&quot;left&quot;,&quot;469777804&quot;:&quot;\uf0b7&quot;,&quot;469777815&quot;:&quot;hybridMultilevel&quot;}\" aria-setsize=\"-1\" data-aria-posinset=\"7\" data-aria-level=\"1\"><b><span data-contrast=\"auto\">Curtmetratges muts<\/span><\/b><span data-contrast=\"auto\">. Aquesta activitat ens permet treballar la narraci\u00f3, la creativitat i l&#8217;expressi\u00f3 oral, i promou l\u2019\u00fas col\u00b7loquial entre iguals. Inclou un enlla\u00e7 a <\/span><a href=\"https:\/\/totesunamentida.wordpress.com\/2012\/10\/26\/10-curtmetratges-danimacio-sense-paraules\/\"><span data-contrast=\"none\">10 curtmetratges sense paraules<\/span><\/a><span data-contrast=\"auto\">, que poden ser un molt bon punt de partida per desenvolupar l\u2019activitat.<\/span><span data-ccp-props=\"{&quot;134233117&quot;:true,&quot;134233118&quot;:true,&quot;201341983&quot;:0,&quot;335559740&quot;:240}\">\u00a0<\/span><\/li>\n<\/ul>\n<p aria-level=\"1\"><span data-contrast=\"auto\">En els altres dos apartats de la guia s\u2019hi apleguen propostes per fomentar el contacte dels alumnes amb el catal\u00e0 fora del centre, i altres d\u2019adre\u00e7ades als membres de tota la comunitat educativa.<\/span><span data-ccp-props=\"{&quot;134233117&quot;:true,&quot;134233118&quot;:true,&quot;201341983&quot;:0,&quot;335559740&quot;:240}\">\u00a0<\/span><\/p>\n<p aria-level=\"1\"><span data-contrast=\"auto\">Us convidem a fer una ullada a la <\/span><i><span data-contrast=\"auto\">Guia<\/span><\/i><span data-contrast=\"auto\"> per descobrir les propostes per dur a terme aquestes activitats i els recursos i suggeriments amb qu\u00e8 s\u2019acompanyen. Aqu\u00ed hem fet una selecci\u00f3 de les propostes que s\u2019hi recullen, per\u00f2 n\u2019hi ha moltes m\u00e9s que de ben segur us seran \u00fatils!<\/span><span data-ccp-props=\"{&quot;134233117&quot;:true,&quot;134233118&quot;:true,&quot;201341983&quot;:0,&quot;335559740&quot;:240}\">\u00a0<\/span><\/p>\n","protected":false},"excerpt":{"rendered":"<p>Promoure el respecte a la diversitat ling\u00fc\u00edstica i potenciar la implicaci\u00f3 emocional amb les lleng\u00fces d\u2019origen de l\u2019alumnat \u00e9s cabdal perqu\u00e8 l\u2019alumnat d\u2019origen estranger se senti acollit en els centres educatius. Alhora, \u00e9s indispensable posar en pr\u00e0ctica estrat\u00e8gies i mecanismes perqu\u00e8 el catal\u00e0 sigui la&hellip;  <a href=\"https:\/\/projectes.xtec.cat\/usdelallengua\/portada\/recursos-i-estrategies-de-sensibilitzacio-linguistica\/\" title=\"Read Recursos i estrat\u00e8gies de sensibilitzaci\u00f3 ling\u00fc\u00edstica\">Llegeix m\u00e9s\u00bb<\/a><\/p>\n","protected":false},"author":1,"featured_media":9902,"comment_status":"closed","ping_status":"closed","sticky":false,"template":"","format":"standard","meta":{"_bbp_topic_count":0,"_bbp_reply_count":0,"_bbp_total_topic_count":0,"_bbp_total_reply_count":0,"_bbp_voice_count":0,"_bbp_anonymous_reply_count":0,"_bbp_topic_count_hidden":0,"_bbp_reply_count_hidden":0,"_bbp_forum_subforum_count":0,"footnotes":""},"categories":[29,309],"tags":[],"class_list":["post-9901","post","type-post","status-publish","format-standard","has-post-thumbnail","hentry","category-portada","category-recursos-didactics"],"post_mailing_queue_ids":[],"_links":{"self":[{"href":"https:\/\/projectes.xtec.cat\/usdelallengua\/wp-json\/wp\/v2\/posts\/9901","targetHints":{"allow":["GET"]}}],"collection":[{"href":"https:\/\/projectes.xtec.cat\/usdelallengua\/wp-json\/wp\/v2\/posts"}],"about":[{"href":"https:\/\/projectes.xtec.cat\/usdelallengua\/wp-json\/wp\/v2\/types\/post"}],"author":[{"embeddable":true,"href":"https:\/\/projectes.xtec.cat\/usdelallengua\/wp-json\/wp\/v2\/users\/1"}],"replies":[{"embeddable":true,"href":"https:\/\/projectes.xtec.cat\/usdelallengua\/wp-json\/wp\/v2\/comments?post=9901"}],"version-history":[{"count":1,"href":"https:\/\/projectes.xtec.cat\/usdelallengua\/wp-json\/wp\/v2\/posts\/9901\/revisions"}],"predecessor-version":[{"id":9903,"href":"https:\/\/projectes.xtec.cat\/usdelallengua\/wp-json\/wp\/v2\/posts\/9901\/revisions\/9903"}],"wp:featuredmedia":[{"embeddable":true,"href":"https:\/\/projectes.xtec.cat\/usdelallengua\/wp-json\/wp\/v2\/media\/9902"}],"wp:attachment":[{"href":"https:\/\/projectes.xtec.cat\/usdelallengua\/wp-json\/wp\/v2\/media?parent=9901"}],"wp:term":[{"taxonomy":"category","embeddable":true,"href":"https:\/\/projectes.xtec.cat\/usdelallengua\/wp-json\/wp\/v2\/categories?post=9901"},{"taxonomy":"post_tag","embeddable":true,"href":"https:\/\/projectes.xtec.cat\/usdelallengua\/wp-json\/wp\/v2\/tags?post=9901"}],"curies":[{"name":"wp","href":"https:\/\/api.w.org\/{rel}","templated":true}]}}