{"id":9926,"date":"2025-01-07T09:30:52","date_gmt":"2025-01-07T08:30:52","guid":{"rendered":"https:\/\/projectes.xtec.cat\/usdelallengua\/?p=9926"},"modified":"2025-01-07T09:30:52","modified_gmt":"2025-01-07T08:30:52","slug":"inscripcio-oberta-a-les-activitats-telematiques-de-formacio-del-segon-torn-per-al-curs-2024-2025","status":"publish","type":"post","link":"https:\/\/projectes.xtec.cat\/usdelallengua\/portada\/inscripcio-oberta-a-les-activitats-telematiques-de-formacio-del-segon-torn-per-al-curs-2024-2025\/","title":{"rendered":"Inscripci\u00f3 oberta a les activitats telem\u00e0tiques de formaci\u00f3 del segon torn per al curs 2024-2025"},"content":{"rendered":"<p><img loading=\"lazy\" decoding=\"async\" class=\"alignleft  wp-image-9927\" src=\"https:\/\/projectes.xtec.cat\/usdelallengua\/wp-content\/uploads\/usu2313\/2025\/01\/30.png\" alt=\"\" width=\"563\" height=\"250\" srcset=\"https:\/\/projectes.xtec.cat\/usdelallengua\/wp-content\/uploads\/usu2313\/2025\/01\/30.png 450w, https:\/\/projectes.xtec.cat\/usdelallengua\/wp-content\/uploads\/usu2313\/2025\/01\/30-300x133.png 300w\" sizes=\"auto, (max-width: 563px) 100vw, 563px\" \/><\/p>\n<p>&nbsp;<\/p>\n<p>&nbsp;<\/p>\n<p>Del\u00a0<strong>7 de gener i fins al dimecres 15 de gener<\/strong>, us podeu inscriure a les activitats formatives telem\u00e0tiques de la XTEC que s\u2019ofereixen per aquest segon torn.<\/p>\n<p>continuaci\u00f3 us detallem els cursos amb inscripci\u00f3 oberta i que poden ser del vostre inter\u00e8s.<\/p>\n<p>&nbsp;<\/p>\n<ul>\n<li style=\"list-style-type: none;\">\n<ul>\n<li style=\"list-style-type: none;\">\n<ul>\n<li><strong><a href=\"https:\/\/aplicacions.gestioeducativa.gencat.cat\/ords\/pls\/soloas\/pk_for_mod_ins.p_for_cons_activitats?p_any=&amp;p_tipus_act=ACO,ADCL,DJAN,ANSU,LITU,TDLC,TSI,JOC,FTN&amp;p_totes=S&amp;p_paginar=N\">L\u2019acollida en contextos de diversitat ling\u00fc\u00edstica i cultural<\/a><\/strong>\u2013 Aquest curs pret\u00e9n oferir elements d\u2019an\u00e0lisi i reflexi\u00f3 per entendre la diversitat i proporcionar estrat\u00e8gies organitzatives, metodol\u00f2giques i recursos per atendre-la, aix\u00ed com tamb\u00e9 donar pautes per a la planificaci\u00f3 i aplicaci\u00f3 d\u2019intervencions educatives.<\/li>\n<li><strong><a href=\"https:\/\/aplicacions.gestioeducativa.gencat.cat\/ords\/pls\/soloas\/pk_for_mod_ins.p_for_cons_activitats?p_any=&amp;p_tipus_act=ACO,ADCL,DJAN,ANSU,LITU,TDLC,TSI,JOC,FTN&amp;p_totes=S&amp;p_paginar=N\">Did\u00e0ctica del catal\u00e0 com a segona llengua per a l\u2019alumnat nouvingut<\/a><\/strong>\u2013 Aquest curs pret\u00e9n proporcionar recursos per respondre a aquesta situaci\u00f3 des de l\u2019\u00e0mbit de l\u2019adquisici\u00f3 i l\u2019aprenentatge de segones lleng\u00fces, i de l\u2019assoliment de compet\u00e8ncia pluriling\u00fce i intercultural.<\/li>\n<li><strong><a href=\"https:\/\/aplicacions.gestioeducativa.gencat.cat\/ords\/pls\/soloas\/pk_for_mod_ins.p_for_cons_activitats?p_any=&amp;p_tipus_act=ACO,ADCL,DJAN,ANSU,LITU,TDLC,TSI,JOC,FTN&amp;p_totes=S&amp;p_paginar=N\">Estrat\u00e8gies de suport a l\u2019aprenentatge de l\u2019alumnat d\u2019origen estranger a l\u2019aula ordin\u00e0ria<\/a><\/strong>\u2013 Aquest curs pret\u00e9n proporcionar recursos i estrat\u00e8gies d\u2019acompanyament que facilitin la incorporaci\u00f3 a l\u2019aula ordin\u00e0ria i l\u2019\u00e8xit acad\u00e8mic a l\u2019alumnat d\u2019origen estranger.<\/li>\n<li><strong><a href=\"https:\/\/aplicacions.gestioeducativa.gencat.cat\/ords\/pls\/soloas\/pk_for_mod_ins.p_for_cons_activitats?p_any=&amp;p_tipus_act=INT,INT2,LLOC&amp;p_totes=S,&amp;p_paginar=N\">Despertar el pluriling\u00fcisme propi i el de l\u2019alumnat: la intercomprensi\u00f3 a l\u2019aula<\/a> <\/strong>\u2013 A partir d\u2019activitats pr\u00e0ctiques i transferibles a l\u2019aula es busca conscienciar el professorat de la diversitat ling\u00fc\u00edstica i cultural present a la seva aula, al centre, a l\u2019entorn immediat, a la societat en el seu conjunt i als mitjans d\u2019informaci\u00f3 i comunicaci\u00f3. Aquest professorat podr\u00e0 entendre millor el potencial pluriling\u00fce dels seus alumnes si comen\u00e7a per adonar-se del propi.<\/li>\n<li><strong><a href=\"https:\/\/aplicacions.gestioeducativa.gencat.cat\/ords\/pls\/soloas\/pk_for_mod_ins.p_for_cons_activitats?p_any=&amp;p_tipus_act=ACO,ADCL,DJAN,ANSU,LITU,TDLC,TSI,JOC,FTN&amp;p_totes=S&amp;p_paginar=N\">Aprenentatge competencial: el treball per tasques a secund\u00e0ria<\/a><\/strong> &#8211; Aquest curs presenta el treball per tasques comunicatives com una metodologia per aprendre llengua i pret\u00e9n treballar les fases de les tasques a l\u2019aula, enfocades cap a un producte comunicatiu, planificant i aplicant situacions d\u2019aprenentatge basades en el treball per tasques comunicatives.<\/li>\n<li><strong><a href=\"https:\/\/aplicacions.gestioeducativa.gencat.cat\/ords\/pls\/soloas\/pk_for_mod_ins.p_for_cons_activitats?p_any=&amp;p_tipus_act=ACO,ADCL,DJAN,ANSU,LITU,TDLC,TSI,JOC,FTN&amp;p_totes=S&amp;p_paginar=N\"> Aprendre catal\u00e0 a partir de jocs<\/a><\/strong> \u2013 Aquest curs es basa en l\u2019oferiment d\u2019un seguit de recursos variats per aplicar noves f\u00f3rmules amb enfocaments m\u00e9s l\u00fadics en l\u2019ensenyament de la llengua catalana i en els aspectes socials i culturals que hi estan relacionats per tal de potenciar, principalment, la participaci\u00f3, l\u2019aprenentatge i la creativitat de l\u2019alumnat. Es tracta d&#8217;un curs per descobrir el joc com a eina clau per ensenyar llengua i aspectes socials i culturals que hi estan relacionats, o b\u00e9 aprofundir-hi.<\/li>\n<\/ul>\n<\/li>\n<\/ul>\n<\/li>\n<\/ul>\n<p>Us hi podeu inscriure clicant directament els enlla\u00e7os corresponents.<\/p>\n","protected":false},"excerpt":{"rendered":"<p>Del 7 de gener i fins al dimecres 15 de gener, us podeu inscriure a les activitats formatives telem\u00e0tiques de la XTEC que s\u2019ofereixen per aquest segon torn.<br \/>\nA continuaci\u00f3 us detallem els cursos amb inscripci\u00f3 oberta i que poden ser del vostre inter\u00e8s.&hellip;  <a href=\"https:\/\/projectes.xtec.cat\/usdelallengua\/portada\/inscripcio-oberta-a-les-activitats-telematiques-de-formacio-del-segon-torn-per-al-curs-2024-2025\/\" title=\"Read Inscripci\u00f3 oberta a les activitats telem\u00e0tiques de formaci\u00f3 del segon torn per al curs 2024-2025\">Llegeix m\u00e9s\u00bb<\/a><\/p>\n","protected":false},"author":1,"featured_media":9927,"comment_status":"open","ping_status":"closed","sticky":false,"template":"","format":"standard","meta":{"_bbp_topic_count":0,"_bbp_reply_count":0,"_bbp_total_topic_count":0,"_bbp_total_reply_count":0,"_bbp_voice_count":0,"_bbp_anonymous_reply_count":0,"_bbp_topic_count_hidden":0,"_bbp_reply_count_hidden":0,"_bbp_forum_subforum_count":0,"footnotes":""},"categories":[304,29],"tags":[343],"class_list":["post-9926","post","type-post","status-publish","format-standard","has-post-thumbnail","hentry","category-formacio","category-portada","tag-formacio"],"post_mailing_queue_ids":[],"_links":{"self":[{"href":"https:\/\/projectes.xtec.cat\/usdelallengua\/wp-json\/wp\/v2\/posts\/9926","targetHints":{"allow":["GET"]}}],"collection":[{"href":"https:\/\/projectes.xtec.cat\/usdelallengua\/wp-json\/wp\/v2\/posts"}],"about":[{"href":"https:\/\/projectes.xtec.cat\/usdelallengua\/wp-json\/wp\/v2\/types\/post"}],"author":[{"embeddable":true,"href":"https:\/\/projectes.xtec.cat\/usdelallengua\/wp-json\/wp\/v2\/users\/1"}],"replies":[{"embeddable":true,"href":"https:\/\/projectes.xtec.cat\/usdelallengua\/wp-json\/wp\/v2\/comments?post=9926"}],"version-history":[{"count":1,"href":"https:\/\/projectes.xtec.cat\/usdelallengua\/wp-json\/wp\/v2\/posts\/9926\/revisions"}],"predecessor-version":[{"id":9928,"href":"https:\/\/projectes.xtec.cat\/usdelallengua\/wp-json\/wp\/v2\/posts\/9926\/revisions\/9928"}],"wp:featuredmedia":[{"embeddable":true,"href":"https:\/\/projectes.xtec.cat\/usdelallengua\/wp-json\/wp\/v2\/media\/9927"}],"wp:attachment":[{"href":"https:\/\/projectes.xtec.cat\/usdelallengua\/wp-json\/wp\/v2\/media?parent=9926"}],"wp:term":[{"taxonomy":"category","embeddable":true,"href":"https:\/\/projectes.xtec.cat\/usdelallengua\/wp-json\/wp\/v2\/categories?post=9926"},{"taxonomy":"post_tag","embeddable":true,"href":"https:\/\/projectes.xtec.cat\/usdelallengua\/wp-json\/wp\/v2\/tags?post=9926"}],"curies":[{"name":"wp","href":"https:\/\/api.w.org\/{rel}","templated":true}]}}