{"id":9969,"date":"2025-03-17T08:56:16","date_gmt":"2025-03-17T07:56:16","guid":{"rendered":"https:\/\/projectes.xtec.cat\/usdelallengua\/?p=9969"},"modified":"2025-03-17T08:56:48","modified_gmt":"2025-03-17T07:56:48","slug":"mestres-amb-llengua-videos-per-reflexionar","status":"publish","type":"post","link":"https:\/\/projectes.xtec.cat\/usdelallengua\/general\/mestres-amb-llengua-videos-per-reflexionar\/","title":{"rendered":"Mestres amb llengua. V\u00eddeos per reflexionar"},"content":{"rendered":"<p style=\"text-align: center;\"><em><img loading=\"lazy\" decoding=\"async\" class=\"alignleft size-full wp-image-9970\" src=\"https:\/\/projectes.xtec.cat\/usdelallengua\/wp-content\/uploads\/usu2313\/2025\/03\/Responsables-de-la-llengua.-Usos.png\" alt=\"\" width=\"450\" height=\"200\" srcset=\"https:\/\/projectes.xtec.cat\/usdelallengua\/wp-content\/uploads\/usu2313\/2025\/03\/Responsables-de-la-llengua.-Usos.png 450w, https:\/\/projectes.xtec.cat\/usdelallengua\/wp-content\/uploads\/usu2313\/2025\/03\/Responsables-de-la-llengua.-Usos-300x133.png 300w\" sizes=\"auto, (max-width: 450px) 100vw, 450px\" \/>\u00abSom el referent que tenen els alumnes durant el seu dia a dia, perqu\u00e8 els infants al final passen m\u00e9s de la meitat del seu dia a l\u2019escola. Si com a mestres no utilitzem la llengua, no fomentem la llengua i no fomentem que aquests infants continu\u00efn aprenent la llengua i continu\u00efn creixen en aquesta llengua, \u00f2bviament, en un futur, no utilitzaran la llengua.\u00bb<\/em><\/p>\n<p>Aquestes paraules formen part de la reflexi\u00f3 que Marta Reig, estudiant de grau d&#8217;Educaci\u00f3, fa a partir de la pregunta <em>Creus que un mestre hauria de ser un referent de qualitat ling\u00fc\u00edstica?<\/em>, dins d\u2019un dels tres enregistraments elaborats en el marc de la iniciativa <a href=\"https:\/\/www.mestresambllengua.cat\/consciencia-linguistica\">Responsables de la llengua<\/a>.<\/p>\n<p><a href=\"https:\/\/www.mestresambllengua.cat\/consciencia-linguistica\">Responsables de la llengua<\/a>\u00a0\u00e9s un recurs elaborat pels serveis ling\u00fc\u00edstics de Universitat de Barcelona, la Universitat Aut\u00f2noma de Barcelona, la Universitat de Girona, la Universitat Rovira i Virgili, la Universitat de Lleida, la Universitat de Vic &#8211; Universitat Central de Catalunya, la Universitat Internacional de Catalunya i la Universitat Abat Oliba, que ha rebut un ajut INTERLINGUA de la Generalitat de Catalunya (2023). Aquest recurs est\u00e0 incl\u00f2s a <a href=\"https:\/\/www.mestresambllengua.cat\/\">Mestres amb llengua<\/a>,\u00a0 web de refer\u00e8ncia dels serveis ling\u00fc\u00edstics universitaris catalans per a l&#8217;aprenentatge de la llengua catalana en l&#8217;\u00e0mbit dels estudis d&#8217;educaci\u00f3.<\/p>\n<p>Est\u00e0 format per tres v\u00eddeos breus, que tenen l\u2019objectiu de posar de manifest la responsabilitat que tenen tots els professionals de l\u2019educaci\u00f3 en els processos d\u2019aprenentatge de la llengua catalana per part de l\u2019alumnat. Aquests v\u00eddeos, en principi adre\u00e7ats als futurs i les futures mestres, poden ser una bona eina de reflexi\u00f3 per a tots els professionals de l\u2019educaci\u00f3.<\/p>\n<p><a href=\"https:\/\/www.youtube.com\/watch?v=UmY-jlotmT8\" target=\"_blank\" rel=\"noopener\"><img loading=\"lazy\" decoding=\"async\" class=\"size-medium wp-image-9971 alignright\" src=\"https:\/\/projectes.xtec.cat\/usdelallengua\/wp-content\/uploads\/usu2313\/2025\/03\/video-1-300x165.png\" alt=\"\" width=\"300\" height=\"165\" srcset=\"https:\/\/projectes.xtec.cat\/usdelallengua\/wp-content\/uploads\/usu2313\/2025\/03\/video-1-300x165.png 300w, https:\/\/projectes.xtec.cat\/usdelallengua\/wp-content\/uploads\/usu2313\/2025\/03\/video-1.png 706w\" sizes=\"auto, (max-width: 300px) 100vw, 300px\" \/><\/a><\/p>\n<p>En el <strong>primer v\u00eddeo<\/strong> de la s\u00e8rie es plantegen tres interrogants per reflexionar sobre la necessitat d\u2019aprendre la llengua catalana.<\/p>\n<ol>\n<li>En un m\u00f3n tan globalitzat t\u00e9 sentit aprendre i usar la llengua catalana?<\/li>\n<li>El catal\u00e0 t\u00e9 menys parlants que el castell\u00e0 i l\u2019angl\u00e8s. Per aix\u00f2 \u00e9s normal que tingui menys pres\u00e8ncia en la nostra societat. Hi est\u00e0s d\u2019acord?<\/li>\n<li>A Catalunya tothom ent\u00e9n el castell\u00e0. Per aix\u00f2 no val la pena aprendre el catal\u00e0. Qu\u00e8 en penses?<\/li>\n<\/ol>\n<p><a href=\"https:\/\/www.youtube.com\/watch?v=v6K9EqmqFdY\" target=\"_blank\" rel=\"noopener\"><img loading=\"lazy\" decoding=\"async\" class=\"size-medium wp-image-9972 alignleft\" src=\"https:\/\/projectes.xtec.cat\/usdelallengua\/wp-content\/uploads\/usu2313\/2025\/03\/video-2-300x169.png\" alt=\"\" width=\"300\" height=\"169\" srcset=\"https:\/\/projectes.xtec.cat\/usdelallengua\/wp-content\/uploads\/usu2313\/2025\/03\/video-2-300x169.png 300w, https:\/\/projectes.xtec.cat\/usdelallengua\/wp-content\/uploads\/usu2313\/2025\/03\/video-2.png 696w\" sizes=\"auto, (max-width: 300px) 100vw, 300px\" \/><\/a><\/p>\n<p>En el <strong>segon v\u00eddeo<\/strong> es plantegen preguntes per pensar sobre quina ha de ser la llengua utilitzada pels mestres i com ha de ser aquesta llengua.<\/p>\n<ol>\n<li>Creus que un mestre hauria de ser un referent de qualitat ling\u00fc\u00edstica?<\/li>\n<li>Quins beneficis creus que t\u00e9 ensenyar catal\u00e0 als alumnes d\u2019infantil i prim\u00e0ria?<\/li>\n<li>Quina imatge et ve al cap quan parlem d\u2019un mestre que \u00e9s competent des del punt de vista ling\u00fc\u00edstic?<\/li>\n<\/ol>\n<p>&nbsp;<\/p>\n<p><a href=\"https:\/\/www.youtube.com\/watch?v=oua0-Jjb5AI\" target=\"_blank\" rel=\"noopener\"><img loading=\"lazy\" decoding=\"async\" class=\"size-medium wp-image-9973 alignright\" src=\"https:\/\/projectes.xtec.cat\/usdelallengua\/wp-content\/uploads\/usu2313\/2025\/03\/video-3-300x169.png\" alt=\"\" width=\"300\" height=\"169\" srcset=\"https:\/\/projectes.xtec.cat\/usdelallengua\/wp-content\/uploads\/usu2313\/2025\/03\/video-3-300x169.png 300w, https:\/\/projectes.xtec.cat\/usdelallengua\/wp-content\/uploads\/usu2313\/2025\/03\/video-3.png 700w\" sizes=\"auto, (max-width: 300px) 100vw, 300px\" \/><\/a>Finalment, el <strong>tercer enregistrament<\/strong> gira entorn de l\u2019\u00fas de la llengua dins i fora de les aules, i de la diversitat ling\u00fc\u00edstica.<\/p>\n<ol>\n<li>Per qu\u00e8 els mestres han de fer servir el catal\u00e0?<\/li>\n<li>Com creus que hauria d\u2019actuar un docent quan les interaccions entre alumnes a l\u2019aula no s\u00f3n en catal\u00e0?<\/li>\n<li>Creus que els mestres tenen la responsabilitat de fomentar la diversitat ling\u00fc\u00edstica?<\/li>\n<\/ol>\n<p>&nbsp;<\/p>\n<p>Feu-hi una ullada, hi trobareu reflexions interessants!<\/p>\n","protected":false},"excerpt":{"rendered":"<p>\u00abSom el referent que tenen els alumnes durant el seu dia a dia, perqu\u00e8 els infants al final passen m\u00e9s de la meitat del seu dia a l\u2019escola. Si com a mestres no utilitzem la llengua, no fomentem la llengua i no fomentem que aquests&hellip;  <a href=\"https:\/\/projectes.xtec.cat\/usdelallengua\/general\/mestres-amb-llengua-videos-per-reflexionar\/\" title=\"Read Mestres amb llengua. V\u00eddeos per reflexionar\">Llegeix m\u00e9s\u00bb<\/a><\/p>\n","protected":false},"author":1,"featured_media":9970,"comment_status":"closed","ping_status":"closed","sticky":false,"template":"","format":"standard","meta":{"_bbp_topic_count":0,"_bbp_reply_count":0,"_bbp_total_topic_count":0,"_bbp_total_reply_count":0,"_bbp_voice_count":0,"_bbp_anonymous_reply_count":0,"_bbp_topic_count_hidden":0,"_bbp_reply_count_hidden":0,"_bbp_forum_subforum_count":0,"footnotes":""},"categories":[1,29,287],"tags":[498,499,317],"class_list":["post-9969","post","type-post","status-publish","format-standard","has-post-thumbnail","hentry","category-general","category-portada","category-reflexions","tag-mestres-amb-llengua","tag-responsables-de-la-llengua","tag-videos"],"post_mailing_queue_ids":[],"_links":{"self":[{"href":"https:\/\/projectes.xtec.cat\/usdelallengua\/wp-json\/wp\/v2\/posts\/9969","targetHints":{"allow":["GET"]}}],"collection":[{"href":"https:\/\/projectes.xtec.cat\/usdelallengua\/wp-json\/wp\/v2\/posts"}],"about":[{"href":"https:\/\/projectes.xtec.cat\/usdelallengua\/wp-json\/wp\/v2\/types\/post"}],"author":[{"embeddable":true,"href":"https:\/\/projectes.xtec.cat\/usdelallengua\/wp-json\/wp\/v2\/users\/1"}],"replies":[{"embeddable":true,"href":"https:\/\/projectes.xtec.cat\/usdelallengua\/wp-json\/wp\/v2\/comments?post=9969"}],"version-history":[{"count":3,"href":"https:\/\/projectes.xtec.cat\/usdelallengua\/wp-json\/wp\/v2\/posts\/9969\/revisions"}],"predecessor-version":[{"id":9976,"href":"https:\/\/projectes.xtec.cat\/usdelallengua\/wp-json\/wp\/v2\/posts\/9969\/revisions\/9976"}],"wp:featuredmedia":[{"embeddable":true,"href":"https:\/\/projectes.xtec.cat\/usdelallengua\/wp-json\/wp\/v2\/media\/9970"}],"wp:attachment":[{"href":"https:\/\/projectes.xtec.cat\/usdelallengua\/wp-json\/wp\/v2\/media?parent=9969"}],"wp:term":[{"taxonomy":"category","embeddable":true,"href":"https:\/\/projectes.xtec.cat\/usdelallengua\/wp-json\/wp\/v2\/categories?post=9969"},{"taxonomy":"post_tag","embeddable":true,"href":"https:\/\/projectes.xtec.cat\/usdelallengua\/wp-json\/wp\/v2\/tags?post=9969"}],"curies":[{"name":"wp","href":"https:\/\/api.w.org\/{rel}","templated":true}]}}