{"id":9991,"date":"2025-06-06T14:06:47","date_gmt":"2025-06-06T12:06:47","guid":{"rendered":"https:\/\/projectes.xtec.cat\/usdelallengua\/?p=9991"},"modified":"2025-06-06T14:06:47","modified_gmt":"2025-06-06T12:06:47","slug":"matinals-de-llengua-recursos-del-termcat-utils-per-a-la-formacio-i-el-foment-de-lus-del-catala","status":"publish","type":"post","link":"https:\/\/projectes.xtec.cat\/usdelallengua\/general\/matinals-de-llengua-recursos-del-termcat-utils-per-a-la-formacio-i-el-foment-de-lus-del-catala\/","title":{"rendered":"Matinals de llengua. Recursos del TERMCAT \u00fatils per a la formaci\u00f3 i el foment de l&#8217;\u00fas del catal\u00e0"},"content":{"rendered":"<p><img loading=\"lazy\" decoding=\"async\" class=\"alignleft size-full wp-image-9993\" src=\"https:\/\/projectes.xtec.cat\/usdelallengua\/wp-content\/uploads\/usu2313\/2025\/06\/Matinals-de-llengua-dv-13-juny-2025.png\" alt=\"\" width=\"450\" height=\"200\" srcset=\"https:\/\/projectes.xtec.cat\/usdelallengua\/wp-content\/uploads\/usu2313\/2025\/06\/Matinals-de-llengua-dv-13-juny-2025.png 450w, https:\/\/projectes.xtec.cat\/usdelallengua\/wp-content\/uploads\/usu2313\/2025\/06\/Matinals-de-llengua-dv-13-juny-2025-300x133.png 300w\" sizes=\"auto, (max-width: 450px) 100vw, 450px\" \/>Divendres 13 de juny de 2025, de 9 a 10.30 h, es dur\u00e0 a terme la tercera sessi\u00f3 del cicle <a href=\"https:\/\/llengua.gencat.cat\/ca\/serveis\/informacio_i_difusio\/matinals-de-llengua\/\">Matinals de Llengua<\/a>, organitzada pel TERMCAT, i que porta per t\u00edtol <em><a href=\"https:\/\/llengua.gencat.cat\/ca\/serveis\/informacio_i_difusio\/matinals-de-llengua\/recursos-termcat\/\">Recursos del TERMCAT \u00fatils per a la formaci\u00f3 i el foment de l&#8217;\u00fas del catal\u00e0<\/a><\/em>, i anir\u00e0 a c\u00e0rrec de Xavier Fargas, cap de l\u2019\u00c0rea de Producci\u00f3 Terminol\u00f2gica del TERMCAT.<\/p>\n<p>En aquesta sessi\u00f3 s\u2019explicaran alguns dels recursos que ofereix el TERMCAT i que poden ser \u00fatils per a la formaci\u00f3 i el foment de l&#8217;\u00fas del catal\u00e0, com ara diccionaris en l\u00ednia, infografies interactives, sessions de presentaci\u00f3, la biblioteca terminol\u00f2gica o p\u00f2dcasts.<\/p>\n<p>La sessi\u00f3 es podr\u00e0 seguir presencialment i en l\u00ednia. Per assistir-hi presencialment, cal inscripci\u00f3 pr\u00e8via, i es far\u00e0 a la sala d\u2019actes del Palau Marc (la Rambla, 8, Barcelona).\u00a0El seguiment de la sessi\u00f3 en l\u00ednia es pot fer mitjan\u00e7ant\u00a0<a href=\"https:\/\/teams.microsoft.com\/l\/meetup-join\/19%3ameeting_NmYzYzdkYWMtZWIyZC00MTAzLTk3NDctYWI5ZTUzYjEyZDcy%40thread.v2\/0?context=%7b%22Tid%22%3a%223b9427dc-d30e-43bc-8c06-ff7253676fec%22%2c%22Oid%22%3a%2282d375a9-7d3c-4d1a-948c-0f5da2d14195%22%7d\">aquest\u00a0enlla\u00e7 de Teams<\/a>.<\/p>\n<p>Les Matinals de Llengua s\u00f3n una iniciativa que busca oferir formaci\u00f3 i actualitzaci\u00f3 als professionals que treballen amb la llengua catalana, promovent l&#8217;\u00fas de recursos oficials i de qualitat.<\/p>\n","protected":false},"excerpt":{"rendered":"<p>Divendres 13 de juny de 2025, de 9 a 10.30 h, es dur\u00e0 a terme la tercera sessi\u00f3 del cicle <a href=\"https:\/\/llengua.gencat.cat\/ca\/serveis\/informacio_i_difusio\/matinals-de-llengua\/\">Matinals de Llengua<\/a>, organitzada pel TERMCAT, i que porta per t\u00edtol <a href=\"https:\/\/llengua.gencat.cat\/ca\/serveis\/informacio_i_difusio\/matinals-de-llengua\/recursos-termcat\/\">Recursos del TERMCAT \u00fatils per a la formaci\u00f3 i el foment de&hellip;  <a href=\"https:\/\/projectes.xtec.cat\/usdelallengua\/general\/matinals-de-llengua-recursos-del-termcat-utils-per-a-la-formacio-i-el-foment-de-lus-del-catala\/\" title=\"Read Matinals de llengua. Recursos del TERMCAT \u00fatils per a la formaci\u00f3 i el foment de l&#8217;\u00fas del catal\u00e0\">Llegeix m\u00e9s\u00bb<\/a><\/p>\n","protected":false},"author":1,"featured_media":9993,"comment_status":"closed","ping_status":"closed","sticky":false,"template":"","format":"standard","meta":{"_bbp_topic_count":0,"_bbp_reply_count":0,"_bbp_total_topic_count":0,"_bbp_total_reply_count":0,"_bbp_voice_count":0,"_bbp_anonymous_reply_count":0,"_bbp_topic_count_hidden":0,"_bbp_reply_count_hidden":0,"_bbp_forum_subforum_count":0,"footnotes":""},"categories":[304,1,29],"tags":[343,454],"class_list":["post-9991","post","type-post","status-publish","format-standard","has-post-thumbnail","hentry","category-formacio","category-general","category-portada","tag-formacio","tag-recursos"],"post_mailing_queue_ids":[],"_links":{"self":[{"href":"https:\/\/projectes.xtec.cat\/usdelallengua\/wp-json\/wp\/v2\/posts\/9991","targetHints":{"allow":["GET"]}}],"collection":[{"href":"https:\/\/projectes.xtec.cat\/usdelallengua\/wp-json\/wp\/v2\/posts"}],"about":[{"href":"https:\/\/projectes.xtec.cat\/usdelallengua\/wp-json\/wp\/v2\/types\/post"}],"author":[{"embeddable":true,"href":"https:\/\/projectes.xtec.cat\/usdelallengua\/wp-json\/wp\/v2\/users\/1"}],"replies":[{"embeddable":true,"href":"https:\/\/projectes.xtec.cat\/usdelallengua\/wp-json\/wp\/v2\/comments?post=9991"}],"version-history":[{"count":2,"href":"https:\/\/projectes.xtec.cat\/usdelallengua\/wp-json\/wp\/v2\/posts\/9991\/revisions"}],"predecessor-version":[{"id":9994,"href":"https:\/\/projectes.xtec.cat\/usdelallengua\/wp-json\/wp\/v2\/posts\/9991\/revisions\/9994"}],"wp:featuredmedia":[{"embeddable":true,"href":"https:\/\/projectes.xtec.cat\/usdelallengua\/wp-json\/wp\/v2\/media\/9993"}],"wp:attachment":[{"href":"https:\/\/projectes.xtec.cat\/usdelallengua\/wp-json\/wp\/v2\/media?parent=9991"}],"wp:term":[{"taxonomy":"category","embeddable":true,"href":"https:\/\/projectes.xtec.cat\/usdelallengua\/wp-json\/wp\/v2\/categories?post=9991"},{"taxonomy":"post_tag","embeddable":true,"href":"https:\/\/projectes.xtec.cat\/usdelallengua\/wp-json\/wp\/v2\/tags?post=9991"}],"curies":[{"name":"wp","href":"https:\/\/api.w.org\/{rel}","templated":true}]}}