{"id":9995,"date":"2025-06-06T17:18:34","date_gmt":"2025-06-06T15:18:34","guid":{"rendered":"https:\/\/projectes.xtec.cat\/usdelallengua\/?p=9995"},"modified":"2025-06-06T14:19:16","modified_gmt":"2025-06-06T12:19:16","slug":"cursos-de-catala-de-nivell-superior-c2-collegi-oficial-de-doctors-i-llicenciats-en-filosofia-i-lletres-i-en-ciencies-de-catalunya","status":"publish","type":"post","link":"https:\/\/projectes.xtec.cat\/usdelallengua\/general\/cursos-de-catala-de-nivell-superior-c2-collegi-oficial-de-doctors-i-llicenciats-en-filosofia-i-lletres-i-en-ciencies-de-catalunya\/","title":{"rendered":"Cursos de catal\u00e0 de nivell superior (C2). Col\u00b7legi Oficial de Doctors i Llicenciats en Filosofia i Lletres i en Ci\u00e8ncies de Catalunya"},"content":{"rendered":"<p><img loading=\"lazy\" decoding=\"async\" class=\"alignleft size-full wp-image-9996\" src=\"https:\/\/projectes.xtec.cat\/usdelallengua\/wp-content\/uploads\/usu2313\/2025\/06\/C2-Collegi-de-Llicenciats.png\" alt=\"\" width=\"450\" height=\"200\" srcset=\"https:\/\/projectes.xtec.cat\/usdelallengua\/wp-content\/uploads\/usu2313\/2025\/06\/C2-Collegi-de-Llicenciats.png 450w, https:\/\/projectes.xtec.cat\/usdelallengua\/wp-content\/uploads\/usu2313\/2025\/06\/C2-Collegi-de-Llicenciats-300x133.png 300w\" sizes=\"auto, (max-width: 450px) 100vw, 450px\" \/>El <a href=\"https:\/\/www.cdl.cat\/\">Col\u00b7legi Oficial de Doctors i Llicenciats en Filosofia i Lletres i en Ci\u00e8ncies de Catalunya<\/a>, en \u00a0el marc del conveni de col\u00b7laboraci\u00f3 establert amb el Consorci per a la Normalitzaci\u00f3 Ling\u00fc\u00edstica, ofereix <a href=\"https:\/\/www.cdl.cat\/cursos-de-preparacio-a-les-proves-c2-de-catala\">cursos de catal\u00e0 de nivell superior (C2)<\/a> al llarg de l\u2019any 2025.<\/p>\n<p>En aquests cursos es treballaran les diferents parts que componen les proves de nivell C2 de catal\u00e0 d&#8217;escriptura, gram\u00e0tica i oralitat, mitjan\u00e7ant activitats participatives programades des de Moodle, que es faran de manera aut\u00f2noma i sota la tutoria\u00a0del formador del curs. Tamb\u00e9 hi haur\u00e0 sessions de connexi\u00f3 en directe amb el professorat,\u00a0mitjan\u00e7ant\u00a0la plataforma Teams, per resoldre dubtes i repassar aspectes d&#8217;inter\u00e8s, i per treballar l&#8217;oralitat.<\/p>\n<p>Els cursos inclouen una prova final presencial. Les persones que la superin obtindran una certificaci\u00f3 equivalent al certificat de coneixements del mateix nivell del Departament de Pol\u00edtica Ling\u00fc\u00edstica. El preu dels cursos \u00e9s de 245,50\u20ac.<\/p>\n<p><strong>Oferta de cursos 2025:<\/strong><\/p>\n<ul>\n<li><strong><a href=\"https:\/\/www.cdl.cat\/curso\/C222025\">C222025 \u2013 Curs de llengua catalana nivell C2<\/a><\/strong><\/li>\n<\/ul>\n<p>Del 30 de juny al 30 d\u2019octubre de 2025<br \/>\n<strong>Prova final:<\/strong>\u00a0novembre de 2025<\/p>\n<ul>\n<li><strong><a href=\"https:\/\/www.cdl.cat\/curso\/C232025\">C232025 \u2013 Curs de llengua catalana nivell C2<\/a><\/strong><\/li>\n<\/ul>\n<p>Del 6 d\u2019octubre de 2025 al 9 de gener de 2026<br \/>\n<strong>Prova final:<\/strong>\u00a0gener de 2026<\/p>\n<p>En <a href=\"https:\/\/www.cdl.cat\/cursos-de-preparacio-a-les-proves-c2-de-catala\">aquesta p\u00e0gina<\/a> del Col\u00b7legi Oficial de Doctors i Llicenciats en Filosofia i Lletres i en Ci\u00e8ncies de Catalunya trobareu tota la informaci\u00f3.<\/p>\n","protected":false},"excerpt":{"rendered":"<p>El <a href=\"https:\/\/www.cdl.cat\/\">Col\u00b7legi Oficial de Doctors i Llicenciats en Filosofia i Lletres i en Ci\u00e8ncies de Catalunya<\/a>, en \u00a0el marc del conveni de col\u00b7laboraci\u00f3 establert amb el Consorci per a la Normalitzaci\u00f3 Ling\u00fc\u00edstica, ofereix <a href=\"https:\/\/www.cdl.cat\/cursos-de-preparacio-a-les-proves-c2-de-catala\">cursos de catal\u00e0 de nivell superior (C2)<\/a> al llarg de&hellip;  <a href=\"https:\/\/projectes.xtec.cat\/usdelallengua\/general\/cursos-de-catala-de-nivell-superior-c2-collegi-oficial-de-doctors-i-llicenciats-en-filosofia-i-lletres-i-en-ciencies-de-catalunya\/\" title=\"Read Cursos de catal\u00e0 de nivell superior (C2). Col\u00b7legi Oficial de Doctors i Llicenciats en Filosofia i Lletres i en Ci\u00e8ncies de Catalunya\">Llegeix m\u00e9s\u00bb<\/a><\/p>\n","protected":false},"author":1,"featured_media":9996,"comment_status":"closed","ping_status":"closed","sticky":false,"template":"","format":"standard","meta":{"_bbp_topic_count":0,"_bbp_reply_count":0,"_bbp_total_topic_count":0,"_bbp_total_reply_count":0,"_bbp_voice_count":0,"_bbp_anonymous_reply_count":0,"_bbp_topic_count_hidden":0,"_bbp_reply_count_hidden":0,"_bbp_forum_subforum_count":0,"footnotes":""},"categories":[304,1,29],"tags":[344],"class_list":["post-9995","post","type-post","status-publish","format-standard","has-post-thumbnail","hentry","category-formacio","category-general","category-portada","tag-c2"],"post_mailing_queue_ids":[],"_links":{"self":[{"href":"https:\/\/projectes.xtec.cat\/usdelallengua\/wp-json\/wp\/v2\/posts\/9995","targetHints":{"allow":["GET"]}}],"collection":[{"href":"https:\/\/projectes.xtec.cat\/usdelallengua\/wp-json\/wp\/v2\/posts"}],"about":[{"href":"https:\/\/projectes.xtec.cat\/usdelallengua\/wp-json\/wp\/v2\/types\/post"}],"author":[{"embeddable":true,"href":"https:\/\/projectes.xtec.cat\/usdelallengua\/wp-json\/wp\/v2\/users\/1"}],"replies":[{"embeddable":true,"href":"https:\/\/projectes.xtec.cat\/usdelallengua\/wp-json\/wp\/v2\/comments?post=9995"}],"version-history":[{"count":2,"href":"https:\/\/projectes.xtec.cat\/usdelallengua\/wp-json\/wp\/v2\/posts\/9995\/revisions"}],"predecessor-version":[{"id":9998,"href":"https:\/\/projectes.xtec.cat\/usdelallengua\/wp-json\/wp\/v2\/posts\/9995\/revisions\/9998"}],"wp:featuredmedia":[{"embeddable":true,"href":"https:\/\/projectes.xtec.cat\/usdelallengua\/wp-json\/wp\/v2\/media\/9996"}],"wp:attachment":[{"href":"https:\/\/projectes.xtec.cat\/usdelallengua\/wp-json\/wp\/v2\/media?parent=9995"}],"wp:term":[{"taxonomy":"category","embeddable":true,"href":"https:\/\/projectes.xtec.cat\/usdelallengua\/wp-json\/wp\/v2\/categories?post=9995"},{"taxonomy":"post_tag","embeddable":true,"href":"https:\/\/projectes.xtec.cat\/usdelallengua\/wp-json\/wp\/v2\/tags?post=9995"}],"curies":[{"name":"wp","href":"https:\/\/api.w.org\/{rel}","templated":true}]}}