{"id":10131,"date":"2019-06-04T21:48:16","date_gmt":"2019-06-04T19:48:16","guid":{"rendered":"http:\/\/projectes.xtec.cat\/xarxadults\/?p=10131"},"modified":"2021-02-04T12:27:36","modified_gmt":"2021-02-04T11:27:36","slug":"per-la-millora-de-leducacio-per-a-tothom","status":"publish","type":"post","link":"https:\/\/projectes.xtec.cat\/xarxadults\/portada\/per-la-millora-de-leducacio-per-a-tothom\/","title":{"rendered":"Per la millora de l&#8217;educaci\u00f3 per a tothom"},"content":{"rendered":"<p><a href=\"https:\/\/projectes.xtec.cat\/xarxadults\/wp-content\/uploads\/usu1741\/2019\/06\/GITANOS.fw_.png\"><img loading=\"lazy\" decoding=\"async\" class=\"alignleft wp-image-10132 size-medium\" src=\"https:\/\/projectes.xtec.cat\/xarxadults\/wp-content\/uploads\/usu1741\/2019\/06\/GITANOS.fw_-137x300.png\" alt=\"Infografia del cartell de la 39a jornades d'ensenyaments amb gitanos\" width=\"137\" height=\"300\" srcset=\"https:\/\/projectes.xtec.cat\/xarxadults\/wp-content\/uploads\/usu1741\/2019\/06\/GITANOS.fw_-137x300.png 137w, https:\/\/projectes.xtec.cat\/xarxadults\/wp-content\/uploads\/usu1741\/2019\/06\/GITANOS.fw_.png 468w\" sizes=\"auto, (max-width: 137px) 100vw, 137px\" \/><\/a>L\u2019Associaci\u00f3 d\u2019Ensenyants amb Gitanos a Catalunya organitza la <strong>39\u00aa edici\u00f3 de les Jornades d\u2019Ensenyants amb Gitanos<\/strong>, un espai obert de formaci\u00f3 i debat especialitzat en la situaci\u00f3 del col\u00b7lectiu gitano dins dels sistemes d\u2019intervenci\u00f3 social, educatius formals i no formals, que se celebrar\u00e0 a Barcelona els dies 6, 7 i 8 de setembre. La programaci\u00f3 de les Jornades est\u00e0 oberta a qualsevol docent o professional\u00a0 interessat en la promoci\u00f3 del Poble Gitano. Si teniu entre el vostre alumnat persones gitanes, aquestes jornades segur que us interessen! Aqu\u00ed teniu el <a href=\"https:\/\/drive.google.com\/file\/d\/1mxKZpkHZ3EPmdSHBmH5Mn3ndbqN8lA7r\/view?usp=sharing\" target=\"_blank\" rel=\"noopener noreferrer\"><strong>PROGRAMA<\/strong><\/a> i el<a href=\"https:\/\/drive.google.com\/file\/d\/1P_Sz_Tu4ITFSdWDLx0XZCcAHcaEQXkpi\/view?usp=sharing\" target=\"_blank\" rel=\"noopener noreferrer\"> <strong> FULL D&#8217;INSCRIPCI\u00d3<\/strong><\/a>.<\/p>\n","protected":false},"excerpt":{"rendered":"<p><a href=\"https:\/\/projectes.xtec.cat\/xarxadults\/wp-content\/uploads\/usu1741\/2019\/06\/GITANOS.fw_.png\"><\/a>L\u2019Associaci\u00f3 d\u2019Ensenyants amb Gitanos a Catalunya organitza la 39\u00aa edici\u00f3 de les Jornades d\u2019Ensenyants amb Gitanos, un espai obert de formaci\u00f3 i debat especialitzat en la situaci\u00f3 del col\u00b7lectiu gitano dins dels sistemes d\u2019intervenci\u00f3 social, educatius formals i no formals, que se celebrar\u00e0 a&hellip;  <a href=\"https:\/\/projectes.xtec.cat\/xarxadults\/portada\/per-la-millora-de-leducacio-per-a-tothom\/\" title=\"Read Per la millora de l&#8217;educaci\u00f3 per a tothom\">Llegeix m\u00e9s\u00bb<\/a><\/p>\n","protected":false},"author":3,"featured_media":10132,"comment_status":"open","ping_status":"closed","sticky":false,"template":"","format":"standard","meta":{"_bbp_topic_count":0,"_bbp_reply_count":0,"_bbp_total_topic_count":0,"_bbp_total_reply_count":0,"_bbp_voice_count":0,"_bbp_anonymous_reply_count":0,"_bbp_topic_count_hidden":0,"_bbp_reply_count_hidden":0,"_bbp_forum_subforum_count":0,"footnotes":""},"categories":[317,29,64],"tags":[361,384],"class_list":["post-10131","post","type-post","status-publish","format-standard","has-post-thumbnail","hentry","category-dinamitzacio","category-portada","category-trobades","tag-educacio-al-llarg-de-la-vida","tag-inclusio"],"post_mailing_queue_ids":[],"_links":{"self":[{"href":"https:\/\/projectes.xtec.cat\/xarxadults\/wp-json\/wp\/v2\/posts\/10131","targetHints":{"allow":["GET"]}}],"collection":[{"href":"https:\/\/projectes.xtec.cat\/xarxadults\/wp-json\/wp\/v2\/posts"}],"about":[{"href":"https:\/\/projectes.xtec.cat\/xarxadults\/wp-json\/wp\/v2\/types\/post"}],"author":[{"embeddable":true,"href":"https:\/\/projectes.xtec.cat\/xarxadults\/wp-json\/wp\/v2\/users\/3"}],"replies":[{"embeddable":true,"href":"https:\/\/projectes.xtec.cat\/xarxadults\/wp-json\/wp\/v2\/comments?post=10131"}],"version-history":[{"count":4,"href":"https:\/\/projectes.xtec.cat\/xarxadults\/wp-json\/wp\/v2\/posts\/10131\/revisions"}],"predecessor-version":[{"id":12075,"href":"https:\/\/projectes.xtec.cat\/xarxadults\/wp-json\/wp\/v2\/posts\/10131\/revisions\/12075"}],"wp:featuredmedia":[{"embeddable":true,"href":"https:\/\/projectes.xtec.cat\/xarxadults\/wp-json\/wp\/v2\/media\/10132"}],"wp:attachment":[{"href":"https:\/\/projectes.xtec.cat\/xarxadults\/wp-json\/wp\/v2\/media?parent=10131"}],"wp:term":[{"taxonomy":"category","embeddable":true,"href":"https:\/\/projectes.xtec.cat\/xarxadults\/wp-json\/wp\/v2\/categories?post=10131"},{"taxonomy":"post_tag","embeddable":true,"href":"https:\/\/projectes.xtec.cat\/xarxadults\/wp-json\/wp\/v2\/tags?post=10131"}],"curies":[{"name":"wp","href":"https:\/\/api.w.org\/{rel}","templated":true}]}}