{"id":11107,"date":"2020-04-17T12:48:31","date_gmt":"2020-04-17T10:48:31","guid":{"rendered":"http:\/\/projectes.xtec.cat\/xarxadults\/?p=11107"},"modified":"2021-02-02T13:35:55","modified_gmt":"2021-02-02T12:35:55","slug":"actuacions-extraordinaries","status":"publish","type":"post","link":"https:\/\/projectes.xtec.cat\/xarxadults\/portada\/actuacions-extraordinaries\/","title":{"rendered":"Orientacions i Recursos durant el per\u00edode de confinament"},"content":{"rendered":"<p style=\"text-align: justify;\"><span style=\"text-align: justify;\">L\u2019actual context generat per l\u2019epid\u00e8mia de coronavirus SARS-CoV-2 al nostre pa\u00eds i l\u2019adopci\u00f3 de mesures extraordin\u00e0ries com el tancament de les escoles suposa una oportunitat i un gran repte, a l&#8217;hora de garantir l\u2019educaci\u00f3 per a tothom, entesa com un dret fonamental i b\u00e0sic.\u00a0<\/span><\/p>\n<p>Als seg\u00fcents enlla\u00e7os trobareu informaci\u00f3 actualitzada sobre quatre grans \u00e0mbits d&#8217;actuaci\u00f3:<\/p>\n<table style=\"height: 105px;\" width=\"699\">\n<tbody>\n<tr>\n<td style=\"width: 171px; text-align: center;\"><a href=\"https:\/\/projectes.xtec.cat\/xarxadults\/actuacions-extraordinaries\/orientacions-i-comunicacions-del-departament-deducacio-en-el-periode-de-confinament\/\" target=\"_blank\" rel=\"noopener noreferrer\"><span style=\"color: #993300;\"><strong>Orientacions i Comunicacions del Departament d&#8217;Educaci\u00f3 en el per\u00edode de confinament<\/strong><\/span><\/a><\/p>\n<p><a href=\"https:\/\/projectes.xtec.cat\/xarxadults\/wp-content\/uploads\/usu1741\/2020\/04\/Comunicats.jpg\"><img loading=\"lazy\" decoding=\"async\" class=\"alignright size-full wp-image-11206\" src=\"https:\/\/projectes.xtec.cat\/xarxadults\/wp-content\/uploads\/usu1741\/2020\/04\/Comunicats.jpg\" alt=\"\" width=\"365\" height=\"447\" srcset=\"https:\/\/projectes.xtec.cat\/xarxadults\/wp-content\/uploads\/usu1741\/2020\/04\/Comunicats.jpg 365w, https:\/\/projectes.xtec.cat\/xarxadults\/wp-content\/uploads\/usu1741\/2020\/04\/Comunicats-245x300.jpg 245w\" sizes=\"auto, (max-width: 365px) 100vw, 365px\" \/><\/a><\/td>\n<td style=\"width: 172px; text-align: center;\"><a href=\"https:\/\/projectes.xtec.cat\/xarxadults\/actuacions-extraordinaries\/propostes-de-bones-practiques-telematiques-i-creacio-de-xarxes\/\" target=\"_blank\" rel=\"noopener noreferrer\"><strong><span style=\"color: #993300;\">Propostes de bones pr\u00e0ctiques tel\u00e8matiques i creaci\u00f3 de xarxes<\/span><\/strong><\/a><\/p>\n<p><a href=\"https:\/\/projectes.xtec.cat\/xarxadults\/wp-content\/uploads\/usu1741\/2020\/04\/Bones-pract.-i-xarxes.jpg\"><img loading=\"lazy\" decoding=\"async\" class=\"alignright size-full wp-image-11208\" src=\"https:\/\/projectes.xtec.cat\/xarxadults\/wp-content\/uploads\/usu1741\/2020\/04\/Bones-pract.-i-xarxes.jpg\" alt=\"\" width=\"333\" height=\"403\" srcset=\"https:\/\/projectes.xtec.cat\/xarxadults\/wp-content\/uploads\/usu1741\/2020\/04\/Bones-pract.-i-xarxes.jpg 333w, https:\/\/projectes.xtec.cat\/xarxadults\/wp-content\/uploads\/usu1741\/2020\/04\/Bones-pract.-i-xarxes-248x300.jpg 248w\" sizes=\"auto, (max-width: 333px) 100vw, 333px\" \/><\/a><\/td>\n<td style=\"width: 172px;\">\n<p style=\"text-align: center;\"><a href=\"https:\/\/projectes.xtec.cat\/xarxadults\/actuacions-extraordinaries\/pla-daccio-centres-educatius-en-linia-entorns-daprenentatge-webinars-i-videotutorials\/\" target=\"_blank\" rel=\"noopener noreferrer\"><strong><span style=\"color: #993300;\">Pla d\u2019acci\u00f3 centres educatius en l\u00ednia. Entorns d\u2019aprenentatge, webinars i videotutories<\/span><\/strong><\/a><\/p>\n<p><a href=\"https:\/\/projectes.xtec.cat\/xarxadults\/wp-content\/uploads\/usu1741\/2020\/04\/Centres-en-linia-i-rec.jpg\"><img loading=\"lazy\" decoding=\"async\" class=\"alignright size-full wp-image-11209\" src=\"https:\/\/projectes.xtec.cat\/xarxadults\/wp-content\/uploads\/usu1741\/2020\/04\/Centres-en-linia-i-rec.jpg\" alt=\"\" width=\"371\" height=\"456\" srcset=\"https:\/\/projectes.xtec.cat\/xarxadults\/wp-content\/uploads\/usu1741\/2020\/04\/Centres-en-linia-i-rec.jpg 371w, https:\/\/projectes.xtec.cat\/xarxadults\/wp-content\/uploads\/usu1741\/2020\/04\/Centres-en-linia-i-rec-244x300.jpg 244w\" sizes=\"auto, (max-width: 371px) 100vw, 371px\" \/><\/a><\/p>\n<p>&nbsp;<\/td>\n<td style=\"width: 172px; text-align: center;\"><a href=\"http:\/\/projectes.xtec.cat\/xarxadults\/actuacions-extraordinaries\/formacio-del-professorat\/\" target=\"_blank\" rel=\"noopener noreferrer\"><strong><span style=\"color: #993300;\">Formaci\u00f3 del professorat<\/span><\/strong><\/a><\/p>\n<p><a href=\"https:\/\/projectes.xtec.cat\/xarxadults\/wp-content\/uploads\/usu1741\/2020\/04\/Form-del-professorat.jpg\"><img loading=\"lazy\" decoding=\"async\" class=\"alignright size-full wp-image-11210\" src=\"https:\/\/projectes.xtec.cat\/xarxadults\/wp-content\/uploads\/usu1741\/2020\/04\/Form-del-professorat.jpg\" alt=\"\" width=\"336\" height=\"416\" srcset=\"https:\/\/projectes.xtec.cat\/xarxadults\/wp-content\/uploads\/usu1741\/2020\/04\/Form-del-professorat.jpg 336w, https:\/\/projectes.xtec.cat\/xarxadults\/wp-content\/uploads\/usu1741\/2020\/04\/Form-del-professorat-242x300.jpg 242w\" sizes=\"auto, (max-width: 336px) 100vw, 336px\" \/><\/a><\/td>\n<\/tr>\n<\/tbody>\n<\/table>\n<p style=\"text-align: justify;\">Des del Departament d\u2019Educaci\u00f3 us animem a aprofitar aquests dies per aprofundir en aquells aspectes que tenen a veure amb la vostra pr\u00e0ctica docent i tamb\u00e9 per prendre part en diferents activitats de formaci\u00f3 a dist\u00e0ncia. Per fer-ho, us oferim un recull actualitzat de\u00a0<strong>recursos i activitats did\u00e0ctiques en l\u00ednia\u00a0<\/strong>que us poden ajudar tant a l\u2019hora d\u2019elaborar propostes did\u00e0ctiques per al vostre alumnat per tal que pugui avan\u00e7ar en el seu proc\u00e9s d\u2019aprenentatge, malgrat l\u2019aturada de l\u2019activitat presencial. Igualment, a l&#8217;apartat de formaci\u00f3 hi trobareu <strong>propostes formatives<\/strong>, creades en el marc d&#8217;aquest context extraordinari.<\/p>\n<p style=\"text-align: justify;\">Des del Servei d&#8217;Educaci\u00f3 al Llarg de la Vida us oferim un recull d&#8217;actuacions i recursos agrupades per fer m\u00e9s f\u00e0cil el seu acc\u00e9s. Esperem que sigui del vostre inter\u00e8s!<\/p>\n<p>&nbsp;<\/p>\n","protected":false},"excerpt":{"rendered":"<p>L\u2019actual context generat per l\u2019epid\u00e8mia de coronavirus SARS-CoV-2 al nostre pa\u00eds i l\u2019adopci\u00f3 de mesures extraordin\u00e0ries com el tancament de les escoles suposa una oportunitat i un gran repte, a l&#8217;hora de garantir l\u2019educaci\u00f3 per a tothom, entesa com un dret fonamental i b\u00e0sic.\u00a0<br \/>\nAls seg\u00fcents&hellip;  <a href=\"https:\/\/projectes.xtec.cat\/xarxadults\/portada\/actuacions-extraordinaries\/\" title=\"Read Orientacions i Recursos durant el per\u00edode de confinament\">Llegeix m\u00e9s\u00bb<\/a><\/p>\n","protected":false},"author":1,"featured_media":0,"comment_status":"open","ping_status":"closed","sticky":false,"template":"","format":"standard","meta":{"_bbp_topic_count":0,"_bbp_reply_count":0,"_bbp_total_topic_count":0,"_bbp_total_reply_count":0,"_bbp_voice_count":0,"_bbp_anonymous_reply_count":0,"_bbp_topic_count_hidden":0,"_bbp_reply_count_hidden":0,"_bbp_forum_subforum_count":0,"footnotes":""},"categories":[317,29],"tags":[],"class_list":["post-11107","post","type-post","status-publish","format-standard","hentry","category-dinamitzacio","category-portada"],"post_mailing_queue_ids":[],"_links":{"self":[{"href":"https:\/\/projectes.xtec.cat\/xarxadults\/wp-json\/wp\/v2\/posts\/11107","targetHints":{"allow":["GET"]}}],"collection":[{"href":"https:\/\/projectes.xtec.cat\/xarxadults\/wp-json\/wp\/v2\/posts"}],"about":[{"href":"https:\/\/projectes.xtec.cat\/xarxadults\/wp-json\/wp\/v2\/types\/post"}],"author":[{"embeddable":true,"href":"https:\/\/projectes.xtec.cat\/xarxadults\/wp-json\/wp\/v2\/users\/1"}],"replies":[{"embeddable":true,"href":"https:\/\/projectes.xtec.cat\/xarxadults\/wp-json\/wp\/v2\/comments?post=11107"}],"version-history":[{"count":3,"href":"https:\/\/projectes.xtec.cat\/xarxadults\/wp-json\/wp\/v2\/posts\/11107\/revisions"}],"predecessor-version":[{"id":11321,"href":"https:\/\/projectes.xtec.cat\/xarxadults\/wp-json\/wp\/v2\/posts\/11107\/revisions\/11321"}],"wp:attachment":[{"href":"https:\/\/projectes.xtec.cat\/xarxadults\/wp-json\/wp\/v2\/media?parent=11107"}],"wp:term":[{"taxonomy":"category","embeddable":true,"href":"https:\/\/projectes.xtec.cat\/xarxadults\/wp-json\/wp\/v2\/categories?post=11107"},{"taxonomy":"post_tag","embeddable":true,"href":"https:\/\/projectes.xtec.cat\/xarxadults\/wp-json\/wp\/v2\/tags?post=11107"}],"curies":[{"name":"wp","href":"https:\/\/api.w.org\/{rel}","templated":true}]}}