{"id":11506,"date":"2020-09-07T08:33:40","date_gmt":"2020-09-07T06:33:40","guid":{"rendered":"http:\/\/projectes.xtec.cat\/xarxadults\/?p=11506"},"modified":"2021-02-02T13:26:59","modified_gmt":"2021-02-02T12:26:59","slug":"trobada-formativa-professorat-novell-2020-2021","status":"publish","type":"post","link":"https:\/\/projectes.xtec.cat\/xarxadults\/xx\/trobada-formativa-professorat-novell-2020-2021\/","title":{"rendered":"Trobada formativa professorat novell 2020-2021"},"content":{"rendered":"<p><a href=\"https:\/\/projectes.xtec.cat\/xarxadults\/wp-content\/uploads\/usu1741\/2020\/09\/Captura.jpg\"><img loading=\"lazy\" decoding=\"async\" class=\"aligncenter wp-image-11508 size-full\" src=\"https:\/\/projectes.xtec.cat\/xarxadults\/wp-content\/uploads\/usu1741\/2020\/09\/Captura.jpg\" alt=\"logotip del Departament d'educaci\u00f3. Formaci\u00f3 per al professorat novell a l'educaci\u00f3 d'adults. Jornada d'acollida\" width=\"833\" height=\"157\" srcset=\"https:\/\/projectes.xtec.cat\/xarxadults\/wp-content\/uploads\/usu1741\/2020\/09\/Captura.jpg 833w, https:\/\/projectes.xtec.cat\/xarxadults\/wp-content\/uploads\/usu1741\/2020\/09\/Captura-300x57.jpg 300w, https:\/\/projectes.xtec.cat\/xarxadults\/wp-content\/uploads\/usu1741\/2020\/09\/Captura-768x145.jpg 768w\" sizes=\"auto, (max-width: 833px) 100vw, 833px\" \/><\/a><\/p>\n<p style=\"text-align: justify;\">El <strong><span style=\"color: #993300;\">Servei d\u2019Educaci\u00f3 al Llarg de la Vida<\/span><\/strong> comen\u00e7a el curs 2020 &#8211; 2021 amb for\u00e7a i il\u00b7lusi\u00f3, malgrat les circumst\u00e0ncies actuals, i amb una nova convocat\u00f2ria de la <strong>Trobada formativa telem\u00e0tica per al professorat novell en l\u2019educaci\u00f3 al llarg de la vida,<\/strong>\u00a0adre\u00e7ada al professorat de nova incorporaci\u00f3 als centres i aules de formaci\u00f3 de persones adultes. Tindr\u00e0 lloc el dimarts 15 de setembre de 2020 de 10.00 a 12.30 hores (fins a les 13.15 h per als docents destinats a CFA ubicats en seu penitenci\u00e0ria).<\/p>\n<p>Us podeu descarregar el programa accedint a: <span style=\"color: #993300;\"><strong><a style=\"color: #993300;\" href=\"https:\/\/projectes.xtec.cat\/xarxadults\/wp-content\/uploads\/usu1741\/2020\/09\/Programa-jorn.-form.-novells-set20.pdf\" target=\"_blank\" rel=\"noopener noreferrer\"><span style=\"color: #993300;\">Programa Jornada<\/span><\/a><\/strong><\/span>.<\/p>\n<p style=\"text-align: justify;\">La inscripci\u00f3 a la Trobada la podreu fer a <a href=\"http:\/\/xtec.gencat.cat\/ca\/formacio\/formaciocollectiusespecifics\/educacio-llarg-vida\/activitats-formatives-certificables\/\" target=\"_blank\" rel=\"noopener noreferrer\"><span style=\"color: #993300;\">l<strong>&#8216;<span style=\"color: #993300;\"><strong><span style=\"color: #993300;\">enlla\u00e7<\/span><\/strong><\/span><\/strong> <\/span><\/a>fent la recerca pel codi d&#8217;activitat <strong>9001130601<\/strong>.\u00a0La data l\u00edmit de la inscripci\u00f3 \u00e9s el 14 de setembre de 2020.<\/p>\n<p>La jornada es trametr\u00e0 en streaming a l&#8217;<a href=\"https:\/\/stream.meet.google.com\/stream\/b4c3d0dd-3ade-4e33-be30-a7cfeb08cee1\" target=\"_blank\" rel=\"noopener noreferrer\"><strong><span style=\"color: #993300;\">enlla\u00e7.<\/span><\/strong><\/a> Podeu formular els vostres dubtes en el <a href=\"https:\/\/docs.google.com\/forms\/d\/e\/1FAIpQLSc0ZK3HIMSX1hUxmONZjD-7e5imKJjzysQcsKkcUwmhVb-drg\/viewform\" target=\"_blank\" rel=\"noopener noreferrer\"><strong><span style=\"color: #993300;\">q\u00fcestionari<\/span> <\/strong><\/a>o b\u00e9 en Twiter: <span style=\"color: #3366ff;\">#DGIRCD, #jornadanovellsCFA, #educacioalllargdelavida<\/span><\/p>\n<p>En finalitzar la sessi\u00f3 us agra\u00efrem que contesteu el seg\u00fcent <a href=\"https:\/\/docs.google.com\/forms\/d\/e\/1FAIpQLSc0FafiXw9XIq3g1FDD63W_13lQqIMEksnkVxcEnIRDUwIxcw\/viewform\" target=\"_blank\" rel=\"noopener noreferrer\"><strong><span style=\"color: #993300;\">q\u00fcestionari<\/span> <\/strong><\/a>per poder anar millorant amb les vostres propostes.<\/p>\n<p>Les presentacions es troben al <a href=\"https:\/\/projectes.xtec.cat\/xarxadults\/professorat-novell-en-cfa\/\" target=\"_blank\" rel=\"noopener noreferrer\"><strong><span style=\"color: #993300;\">link<\/span><\/strong><\/a>.<\/p>\n<p><em>Us hi esperem!<\/em><\/p>\n","protected":false},"excerpt":{"rendered":"<p><a href=\"https:\/\/projectes.xtec.cat\/xarxadults\/wp-content\/uploads\/usu1741\/2020\/09\/Captura.jpg\"><\/a><br \/>\nEl Servei d\u2019Educaci\u00f3 al Llarg de la Vida comen\u00e7a el curs 2020 &#8211; 2021 amb for\u00e7a i il\u00b7lusi\u00f3, malgrat les circumst\u00e0ncies actuals, i amb una nova convocat\u00f2ria de la Trobada formativa telem\u00e0tica per al professorat novell en l\u2019educaci\u00f3 al llarg de la vida,\u00a0adre\u00e7ada al&hellip;  <a href=\"https:\/\/projectes.xtec.cat\/xarxadults\/xx\/trobada-formativa-professorat-novell-2020-2021\/\" title=\"Read Trobada formativa professorat novell 2020-2021\">Llegeix m\u00e9s\u00bb<\/a><\/p>\n","protected":false},"author":1,"featured_media":0,"comment_status":"open","ping_status":"closed","sticky":false,"template":"","format":"standard","meta":{"_bbp_topic_count":0,"_bbp_reply_count":0,"_bbp_total_topic_count":0,"_bbp_total_reply_count":0,"_bbp_voice_count":0,"_bbp_anonymous_reply_count":0,"_bbp_topic_count_hidden":0,"_bbp_reply_count_hidden":0,"_bbp_forum_subforum_count":0,"footnotes":""},"categories":[1,29],"tags":[],"class_list":["post-11506","post","type-post","status-publish","format-standard","hentry","category-xx","category-portada"],"post_mailing_queue_ids":[],"_links":{"self":[{"href":"https:\/\/projectes.xtec.cat\/xarxadults\/wp-json\/wp\/v2\/posts\/11506","targetHints":{"allow":["GET"]}}],"collection":[{"href":"https:\/\/projectes.xtec.cat\/xarxadults\/wp-json\/wp\/v2\/posts"}],"about":[{"href":"https:\/\/projectes.xtec.cat\/xarxadults\/wp-json\/wp\/v2\/types\/post"}],"author":[{"embeddable":true,"href":"https:\/\/projectes.xtec.cat\/xarxadults\/wp-json\/wp\/v2\/users\/1"}],"replies":[{"embeddable":true,"href":"https:\/\/projectes.xtec.cat\/xarxadults\/wp-json\/wp\/v2\/comments?post=11506"}],"version-history":[{"count":4,"href":"https:\/\/projectes.xtec.cat\/xarxadults\/wp-json\/wp\/v2\/posts\/11506\/revisions"}],"predecessor-version":[{"id":12026,"href":"https:\/\/projectes.xtec.cat\/xarxadults\/wp-json\/wp\/v2\/posts\/11506\/revisions\/12026"}],"wp:attachment":[{"href":"https:\/\/projectes.xtec.cat\/xarxadults\/wp-json\/wp\/v2\/media?parent=11506"}],"wp:term":[{"taxonomy":"category","embeddable":true,"href":"https:\/\/projectes.xtec.cat\/xarxadults\/wp-json\/wp\/v2\/categories?post=11506"},{"taxonomy":"post_tag","embeddable":true,"href":"https:\/\/projectes.xtec.cat\/xarxadults\/wp-json\/wp\/v2\/tags?post=11506"}],"curies":[{"name":"wp","href":"https:\/\/api.w.org\/{rel}","templated":true}]}}