{"id":11643,"date":"2020-09-21T09:22:39","date_gmt":"2020-09-21T07:22:39","guid":{"rendered":"http:\/\/projectes.xtec.cat\/xarxadults\/?p=11643"},"modified":"2021-02-02T13:25:38","modified_gmt":"2021-02-02T12:25:38","slug":"conferencia-comunitaria-epale-modelant-el-futur-de-laprenentatge-dadults-a-europa","status":"publish","type":"post","link":"https:\/\/projectes.xtec.cat\/xarxadults\/portada\/conferencia-comunitaria-epale-modelant-el-futur-de-laprenentatge-dadults-a-europa\/","title":{"rendered":"Confer\u00e8ncia comunit\u00e0ria EPALE: &#8220;Modelant el futur de l\u2019aprenentatge d\u2019adults a Europa&#8221;"},"content":{"rendered":"<p><a href=\"https:\/\/epale.ec.europa.eu\/en\/blog\/epale-community-conference\" target=\"_blank\" rel=\"noopener noreferrer\"><img loading=\"lazy\" decoding=\"async\" class=\"alignleft wp-image-11644\" src=\"https:\/\/projectes.xtec.cat\/xarxadults\/wp-content\/uploads\/usu1741\/2020\/09\/unnamed.png\" alt=\"Logotip d'EPALE. Confer\u00e8ncia comunit\u00e0ria EPALE: &quot;Modelant el futur de l\u2019aprenentatge d\u2019adults a Europa&quot;\" width=\"569\" height=\"299\" srcset=\"https:\/\/projectes.xtec.cat\/xarxadults\/wp-content\/uploads\/usu1741\/2020\/09\/unnamed.png 801w, https:\/\/projectes.xtec.cat\/xarxadults\/wp-content\/uploads\/usu1741\/2020\/09\/unnamed-300x157.png 300w, https:\/\/projectes.xtec.cat\/xarxadults\/wp-content\/uploads\/usu1741\/2020\/09\/unnamed-768x403.png 768w\" sizes=\"auto, (max-width: 569px) 100vw, 569px\" \/><\/a><\/p>\n<p style=\"text-align: justify;\">Els dies 6-7-8 d\u2019octubre de 2020, <a href=\"https:\/\/epale.ec.europa.eu\/\" target=\"_blank\" rel=\"noopener noreferrer\"><strong><span style=\"color: #993300;\">EPALE<\/span> <\/strong><\/a>organitza una <span style=\"color: #993300;\"><a style=\"color: #993300;\" href=\"https:\/\/epale.ec.europa.eu\/en\/blog\/epale-community-conference\" target=\"_blank\" rel=\"noopener noreferrer\"><strong>Confer\u00e8ncia comunit\u00e0ria <\/strong><strong>en l\u00ednia<\/strong><\/a>\u00a0<\/span>que est\u00e0\u00a0<strong>oberta a tota la comunitat d\u2019aprenentatge d\u2019adults<\/strong>\u00a0des de tota Europa.\u00a0L\u2019innovador format en l\u00ednia permetr\u00e0 una participaci\u00f3 molt m\u00e9s \u00e0mplia i contribucions actives de tots els sectors i pa\u00efsos d\u2019Europa.<\/p>\n<p style=\"text-align: justify;\">L&#8217;objectiu de l&#8217;esdeveniment \u00e9s\u00a0<strong>enfortir la cooperaci\u00f3 i l&#8217;intercanvi de coneixement<\/strong>\u00a0entre les parts interessades en l&#8217;aprenentatge d&#8217;adults;\u00a0connectar experts, formadors, prove\u00efdors de formaci\u00f3 i responsables pol\u00edtics per ajudar a\u00a0<strong>configurar el futur de l\u2019aprenentatge d\u2019adults a Europa<\/strong>\u00a0en els propers anys incerts.<\/p>\n<p>Els col\u00b7laboradors exploraran com la comunitat pot afrontar els reptes creats per COVID-19 i desenvolupar noves oportunitats de creixement sostenible dins del sector.<\/p>\n<p>La confer\u00e8ncia se centrar\u00e0 en les prioritats clau en l\u2019aprenentatge d\u2019adults, com ara l\u2019<strong>aprenentatge digital, l\u2019habilitaci\u00f3 permanent<\/strong>\u00a0i\u00a0<strong>la inclusi\u00f3 social;\u00a0<\/strong>amb una atractiva barreja de\u00a0<strong>confer\u00e8ncies magistrals, debats de grups i tallers interactius<\/strong> per informar els assistents i estimular idees. Tots els panells seran moderats per\u00a0<a href=\"https:\/\/epale.ec.europa.eu\/en\/blog\/epale-community-conference\/tamsin-rose\" target=\"_blank\" rel=\"noopener noreferrer\"><strong>Tamsin Rose<\/strong><\/a>\u00a0.<\/p>\n<p>L\u2019agenda de la confer\u00e8ncia s\u2019estendr\u00e0 durant tres dies consecutius amb els seg\u00fcents temes espec\u00edfics per a cada dia:<\/p>\n<ul>\n<li><a href=\"https:\/\/epale.ec.europa.eu\/en\/blog\/epale-community-conference\/day-1-live-streaming\" target=\"_blank\" rel=\"noopener noreferrer\"><span style=\"color: #993300;\"><strong>Dia 6:\u00a0<\/strong><strong>Aprenentatge i habilitats digitals: gestionar el canvi, adoptar la transformaci\u00f3<\/strong><\/span><\/a><\/li>\n<li><a href=\"https:\/\/epale.ec.europa.eu\/en\/blog\/epale-community-conference\/day-2-live-streaming\" target=\"_blank\" rel=\"noopener noreferrer\"><span style=\"color: #993300;\"><strong>Dia 7: U<\/strong><strong>nir forces per proporcionar capacitaci\u00f3 permanent: fomentar la col\u00b7laboraci\u00f3 dels grups d&#8217;inter\u00e8s<\/strong><\/span><\/a><\/li>\n<li><a href=\"https:\/\/epale.ec.europa.eu\/en\/blog\/epale-community-conference\/day-3-live-streaming\" target=\"_blank\" rel=\"noopener noreferrer\"><span style=\"color: #993300;\"><strong>Dia 8:\u00a0Inclusi\u00f3 social i democr\u00e0cia: oportunitats de canvi<\/strong><\/span><\/a><\/li>\n<\/ul>\n<p style=\"text-align: justify;\">Els\u00a0<strong>discursos magistrals<\/strong>\u00a0i els\u00a0<strong>debats<\/strong>\u00a0generals del\u00a0<strong>tauler<\/strong>\u00a0cada dia seran\u00a0<strong>esdeveniments p\u00fablics<\/strong> que es podran veure a trav\u00e9s de la <strong>plataforma EPALE<\/strong>\u00a0i tamb\u00e9 a\u00a0<strong>Facebook d\u2019\u00a0<\/strong><strong>EPALE<\/strong>. Tamb\u00e9 se celebraran tallers tem\u00e0tics i taules rodones nacionals a les quals nom\u00e9s s&#8217;hi podr\u00e0 accedir despr\u00e9s de la inscripci\u00f3, ja que els participants s\u00f3n limitats.<\/p>\n<p style=\"text-align: justify;\">En el seg\u00fcent <a href=\"https:\/\/epale.ec.europa.eu\/en\/blog\/epale-community-conference\" target=\"_blank\" rel=\"noopener noreferrer\"><strong><span style=\"color: #993300;\">enlla\u00e7 <\/span><\/strong><\/a>podreu podeu veure els detalls de participaci\u00f3.<\/p>\n<p>Es poden <strong>enviar les preguntes als ponents de les confer\u00e8ncies amb anticipaci\u00f3<\/strong> publicant comentaris a cadascuna de les p\u00e0gines de cada discurs i al panell de discusi\u00f3 que es troba a la <b><a href=\"https:\/\/epale.ec.europa.eu\/en\/track\/click\/18603\/51101\" target=\"_blank\" rel=\"noopener noreferrer\" data-saferedirecturl=\"https:\/\/www.google.com\/url?q=https:\/\/epale.ec.europa.eu\/en\/track\/click\/18603\/51101&amp;source=gmail&amp;ust=1601196820578000&amp;usg=AFQjCNGJ9tvgAgIdLi5Qzh1Yf92X72sbTQ\">p\u00e0gina de la conf\u00e8rencia.<\/a><\/b><\/p>\n","protected":false},"excerpt":{"rendered":"<p><a href=\"https:\/\/epale.ec.europa.eu\/en\/blog\/epale-community-conference\" target=\"_blank\" rel=\"noopener noreferrer\"><\/a><br \/>\nEls dies 6-7-8 d\u2019octubre de 2020, <a href=\"https:\/\/epale.ec.europa.eu\/\" target=\"_blank\" rel=\"noopener noreferrer\">EPALE <\/a>organitza una <a style=\"color: #993300;\" href=\"https:\/\/epale.ec.europa.eu\/en\/blog\/epale-community-conference\" target=\"_blank\" rel=\"noopener noreferrer\">Confer\u00e8ncia comunit\u00e0ria en l\u00ednia<\/a>\u00a0que est\u00e0\u00a0oberta a tota la comunitat d\u2019aprenentatge d\u2019adults\u00a0des de tota Europa.\u00a0L\u2019innovador format en l\u00ednia permetr\u00e0 una participaci\u00f3 molt m\u00e9s&hellip;  <a href=\"https:\/\/projectes.xtec.cat\/xarxadults\/portada\/conferencia-comunitaria-epale-modelant-el-futur-de-laprenentatge-dadults-a-europa\/\" title=\"Read Confer\u00e8ncia comunit\u00e0ria EPALE: &#8220;Modelant el futur de l\u2019aprenentatge d\u2019adults a Europa&#8221;\">Llegeix m\u00e9s\u00bb<\/a><\/p>\n","protected":false},"author":1,"featured_media":11645,"comment_status":"open","ping_status":"closed","sticky":false,"template":"","format":"standard","meta":{"_bbp_topic_count":0,"_bbp_reply_count":0,"_bbp_total_topic_count":0,"_bbp_total_reply_count":0,"_bbp_voice_count":0,"_bbp_anonymous_reply_count":0,"_bbp_topic_count_hidden":0,"_bbp_reply_count_hidden":0,"_bbp_forum_subforum_count":0,"footnotes":""},"categories":[317,29],"tags":[],"class_list":["post-11643","post","type-post","status-publish","format-standard","has-post-thumbnail","hentry","category-dinamitzacio","category-portada"],"post_mailing_queue_ids":[],"_links":{"self":[{"href":"https:\/\/projectes.xtec.cat\/xarxadults\/wp-json\/wp\/v2\/posts\/11643","targetHints":{"allow":["GET"]}}],"collection":[{"href":"https:\/\/projectes.xtec.cat\/xarxadults\/wp-json\/wp\/v2\/posts"}],"about":[{"href":"https:\/\/projectes.xtec.cat\/xarxadults\/wp-json\/wp\/v2\/types\/post"}],"author":[{"embeddable":true,"href":"https:\/\/projectes.xtec.cat\/xarxadults\/wp-json\/wp\/v2\/users\/1"}],"replies":[{"embeddable":true,"href":"https:\/\/projectes.xtec.cat\/xarxadults\/wp-json\/wp\/v2\/comments?post=11643"}],"version-history":[{"count":3,"href":"https:\/\/projectes.xtec.cat\/xarxadults\/wp-json\/wp\/v2\/posts\/11643\/revisions"}],"predecessor-version":[{"id":12025,"href":"https:\/\/projectes.xtec.cat\/xarxadults\/wp-json\/wp\/v2\/posts\/11643\/revisions\/12025"}],"wp:featuredmedia":[{"embeddable":true,"href":"https:\/\/projectes.xtec.cat\/xarxadults\/wp-json\/wp\/v2\/media\/11645"}],"wp:attachment":[{"href":"https:\/\/projectes.xtec.cat\/xarxadults\/wp-json\/wp\/v2\/media?parent=11643"}],"wp:term":[{"taxonomy":"category","embeddable":true,"href":"https:\/\/projectes.xtec.cat\/xarxadults\/wp-json\/wp\/v2\/categories?post=11643"},{"taxonomy":"post_tag","embeddable":true,"href":"https:\/\/projectes.xtec.cat\/xarxadults\/wp-json\/wp\/v2\/tags?post=11643"}],"curies":[{"name":"wp","href":"https:\/\/api.w.org\/{rel}","templated":true}]}}