{"id":11714,"date":"2020-10-12T00:01:31","date_gmt":"2020-10-11T22:01:31","guid":{"rendered":"http:\/\/projectes.xtec.cat\/xarxadults\/?p=11714"},"modified":"2021-02-01T22:56:52","modified_gmt":"2021-02-01T21:56:52","slug":"conferencia-internacional-de-la-unesco-sobre-leducacio-per-al-desenvolupament-sostenible","status":"publish","type":"post","link":"https:\/\/projectes.xtec.cat\/xarxadults\/xx\/conferencia-internacional-de-la-unesco-sobre-leducacio-per-al-desenvolupament-sostenible\/","title":{"rendered":"Confer\u00e8ncia internacional de la UNESCO sobre l&#8217;educaci\u00f3 per al desenvolupament sostenible"},"content":{"rendered":"<p>&nbsp;<\/p>\n<p><a href=\"https:\/\/projectes.xtec.cat\/xarxadults\/wp-content\/uploads\/usu1741\/2020\/10\/Captura.jpg\"><img loading=\"lazy\" decoding=\"async\" class=\"aligncenter wp-image-11715\" src=\"https:\/\/projectes.xtec.cat\/xarxadults\/wp-content\/uploads\/usu1741\/2020\/10\/Captura-1024x503.jpg\" alt=\"Infografia dels seminaris preparatoris en l\u00ednia. El poder transformador de l'educaci\u00f3 per al desenvolupament sostenible en el m\u00f3n m\u00e9s enll\u00e0 de la COVID-19\" width=\"733\" height=\"360\" srcset=\"https:\/\/projectes.xtec.cat\/xarxadults\/wp-content\/uploads\/usu1741\/2020\/10\/Captura-1024x503.jpg 1024w, https:\/\/projectes.xtec.cat\/xarxadults\/wp-content\/uploads\/usu1741\/2020\/10\/Captura-300x147.jpg 300w, https:\/\/projectes.xtec.cat\/xarxadults\/wp-content\/uploads\/usu1741\/2020\/10\/Captura-768x377.jpg 768w, https:\/\/projectes.xtec.cat\/xarxadults\/wp-content\/uploads\/usu1741\/2020\/10\/Captura.jpg 1195w\" sizes=\"auto, (max-width: 733px) 100vw, 733px\" \/><\/a><\/p>\n<p style=\"text-align: justify;\">La UNESCO ha creat un conjunt de seminaris en l\u00ednia a escala mundial que comen\u00e7aran al setembre de 2020 i abordaran la manera de transformar la societat mitjan\u00e7ant un aprenentatge basat en l&#8217;<a href=\"https:\/\/es.unesco.org\/themes\/educacion-desarrollo-sostenible\/comprender-EDS\" target=\"_blank\" rel=\"noopener noreferrer\"><strong><span style=\"color: #993300;\">Educaci\u00f3 per al Desenvolupament Sostenible (EDS)<\/span><\/strong><\/a>. La pand\u00e8mia de COVID-19 ha tingut conseq\u00fc\u00e8ncies tr\u00e0giques en la vida humana a tot el m\u00f3n.<\/p>\n<p style=\"text-align: justify;\">L&#8217;objetiu de l&#8217;estrat\u00e8gia de l&#8217;EDS d&#8217;aqu\u00ed al 2030 \u00e9s transformar l&#8217;aprenentatge per transformar les societats amb l&#8217;objectiu de la sostenibilitat. El full de ruta per a l&#8217;EDS 2020-2030 es presentar\u00e1 oficialment durant la <strong><span style=\"color: #993300;\"><a style=\"color: #993300;\" href=\"https:\/\/es.unesco.org\/events\/ESDfor2030\" target=\"_blank\" rel=\"noopener noreferrer\">Confer\u00e8ncia Internacional de la UNESCO sobre EDS<\/a><\/span><\/strong> que tindr\u00e0 lloc entre el 17 i el 19 de maig de 2021 a Berl\u00edn (Alemania).<\/p>\n<p style=\"text-align: justify;\">A l&#8217;espera de la realitzaci\u00f3 d&#8217;aquesta confer\u00e8ncia internacional, la UNESCO ens convida a participar com a socis consultors en un conjunt de seminaris en l\u00ednia sobre l&#8217;EDS en col\u00b7laboraci\u00f3 amb el Ministeri Federal d&#8217;Educaci\u00f3 i Recerca d&#8217;Alemanya i la Comissi\u00f3 d&#8217;Alemanya davant la UNESCO. El proper ser\u00e0:<\/p>\n<ul>\n<li style=\"text-align: justify;\"><strong>N \u00b0 2: L&#8217;EDS en els entorns remots i digitals: les experi\u00e8ncies adquirides durant la pand\u00e8mia de COVID-19 &#8211; 14 octubre 2020, 10h 00 GMT +2<\/strong><\/li>\n<li style=\"text-align: justify;\">La pand\u00e8mia mundial ha provocat el tancament dels centres escolars en m\u00e9s de 180 pa\u00efsos. Aquest seminari examinar\u00e0 exemples d&#8217;aprenentatge de l&#8217;EDS en contextos digitals i remots durant la pand\u00e8mia, i analitzar\u00e0 els mitjans per garantir que l&#8217;aprenentatge de l&#8217;EDS prossegueixi fins i tot en condicions en qu\u00e8 constitueix un desafiament.<\/li>\n<\/ul>\n","protected":false},"excerpt":{"rendered":"<p>&nbsp;<br \/>\n<a href=\"https:\/\/projectes.xtec.cat\/xarxadults\/wp-content\/uploads\/usu1741\/2020\/10\/Captura.jpg\"><\/a><br \/>\nLa UNESCO ha creat un conjunt de seminaris en l\u00ednia a escala mundial que comen\u00e7aran al setembre de 2020 i abordaran la manera de transformar la societat mitjan\u00e7ant un aprenentatge basat en l&#8217;<a href=\"https:\/\/es.unesco.org\/themes\/educacion-desarrollo-sostenible\/comprender-EDS\" target=\"_blank\" rel=\"noopener noreferrer\">Educaci\u00f3 per al Desenvolupament Sostenible (EDS)<\/a>. La pand\u00e8mia&hellip;  <a href=\"https:\/\/projectes.xtec.cat\/xarxadults\/xx\/conferencia-internacional-de-la-unesco-sobre-leducacio-per-al-desenvolupament-sostenible\/\" title=\"Read Confer\u00e8ncia internacional de la UNESCO sobre l&#8217;educaci\u00f3 per al desenvolupament sostenible\">Llegeix m\u00e9s\u00bb<\/a><\/p>\n","protected":false},"author":1,"featured_media":11715,"comment_status":"open","ping_status":"closed","sticky":false,"template":"","format":"standard","meta":{"_bbp_topic_count":0,"_bbp_reply_count":0,"_bbp_total_topic_count":0,"_bbp_total_reply_count":0,"_bbp_voice_count":0,"_bbp_anonymous_reply_count":0,"_bbp_topic_count_hidden":0,"_bbp_reply_count_hidden":0,"_bbp_forum_subforum_count":0,"footnotes":""},"categories":[317,1,29],"tags":[],"class_list":["post-11714","post","type-post","status-publish","format-standard","has-post-thumbnail","hentry","category-dinamitzacio","category-xx","category-portada"],"post_mailing_queue_ids":[],"_links":{"self":[{"href":"https:\/\/projectes.xtec.cat\/xarxadults\/wp-json\/wp\/v2\/posts\/11714","targetHints":{"allow":["GET"]}}],"collection":[{"href":"https:\/\/projectes.xtec.cat\/xarxadults\/wp-json\/wp\/v2\/posts"}],"about":[{"href":"https:\/\/projectes.xtec.cat\/xarxadults\/wp-json\/wp\/v2\/types\/post"}],"author":[{"embeddable":true,"href":"https:\/\/projectes.xtec.cat\/xarxadults\/wp-json\/wp\/v2\/users\/1"}],"replies":[{"embeddable":true,"href":"https:\/\/projectes.xtec.cat\/xarxadults\/wp-json\/wp\/v2\/comments?post=11714"}],"version-history":[{"count":3,"href":"https:\/\/projectes.xtec.cat\/xarxadults\/wp-json\/wp\/v2\/posts\/11714\/revisions"}],"predecessor-version":[{"id":12019,"href":"https:\/\/projectes.xtec.cat\/xarxadults\/wp-json\/wp\/v2\/posts\/11714\/revisions\/12019"}],"wp:featuredmedia":[{"embeddable":true,"href":"https:\/\/projectes.xtec.cat\/xarxadults\/wp-json\/wp\/v2\/media\/11715"}],"wp:attachment":[{"href":"https:\/\/projectes.xtec.cat\/xarxadults\/wp-json\/wp\/v2\/media?parent=11714"}],"wp:term":[{"taxonomy":"category","embeddable":true,"href":"https:\/\/projectes.xtec.cat\/xarxadults\/wp-json\/wp\/v2\/categories?post=11714"},{"taxonomy":"post_tag","embeddable":true,"href":"https:\/\/projectes.xtec.cat\/xarxadults\/wp-json\/wp\/v2\/tags?post=11714"}],"curies":[{"name":"wp","href":"https:\/\/api.w.org\/{rel}","templated":true}]}}