{"id":12296,"date":"2021-03-08T11:37:54","date_gmt":"2021-03-08T10:37:54","guid":{"rendered":"http:\/\/projectes.xtec.cat\/xarxadults\/?p=12296"},"modified":"2021-03-08T11:37:54","modified_gmt":"2021-03-08T10:37:54","slug":"cfa-carme-karr-personalitzacio-dels-aprenentatges-a-la-formacio-dadults-en-un-centre-penitenciari","status":"publish","type":"post","link":"https:\/\/projectes.xtec.cat\/xarxadults\/portada\/cfa-carme-karr-personalitzacio-dels-aprenentatges-a-la-formacio-dadults-en-un-centre-penitenciari\/","title":{"rendered":"CFA Carme Karr: Personalitzaci\u00f3 dels aprenentatges a la formaci\u00f3 d\u2019adults en un centre penitenciari"},"content":{"rendered":"<p style=\"text-align: justify;\">El <strong><a href=\"https:\/\/agora.xtec.cat\/cfa-carmekarr\/\" target=\"_blank\" rel=\"noopener noreferrer\"><span style=\"color: #993300;\">CFA Carme Karr<\/span><\/a>\u00a0<\/strong>es troba situat al M\u00f2dul educatiu i cultural del Centre Penitenciari de Lledoners, a Sant Joan de Vilatorrada. La Saray G\u00f3mez, la Gemma Casasayas i la Raquel Mayor, integrants de l\u2019equip directiu, expliquen el proc\u00e9s de transformaci\u00f3 que han iniciat aquest curs per personalitzar l\u2019aprenentatge. Detallen els canvis metodol\u00f2gics implementats i com la proposta ha estat rebuda pel seu alumnat. Finalment valoren si creuen que aquest model pot fer-se extensiu a d\u2019altres centres.<\/p>\n<p style=\"text-align: justify;\">La personalitzaci\u00f3 de l\u2019aprenentatge \u00e9s un conjunt divers de recursos i actuacions orientades a\u00a0<b>promoure i refor\u00e7ar el sentit i el valor personal que l\u2019alumnat dona als aprenentatges escolars<\/b>. En els darrers anys, la personalitzaci\u00f3 s\u2019est\u00e0 convertint en una tend\u00e8ncia internacional motivada per les evid\u00e8ncies de nombrosos estudis, que mostren percentatges molt elevats d\u2019alumnat desinteressat envers els aprenentatges escolars.<\/p>\n<p><iframe loading=\"lazy\" src=\"\/\/www.youtube.com\/embed\/C9yyPkUh8Nc?t=1s\" width=\"560\" height=\"314\"><\/iframe><\/p>\n<p style=\"text-align: justify;\">L\u2019aprenentatge personalitzat parteix de les eines que ofereixen tant l\u2019<b>aprenentatge actiu i contextualitzat<\/b>\u00a0com l\u2019<b>atenci\u00f3 a la diversitat<\/b>. La personalitzaci\u00f3, per\u00f2, va molt m\u00e9s enll\u00e0 de l\u2019atenci\u00f3 individualitzada. En aquesta \u00faltima el docent ofereix suports per ajustar el ritme d\u2019aprenentatge de l\u2019alumnat dins d\u2019un marc general pleestablert sobre all\u00f2 que aquest ha d\u2019aprendre. Contr\u00e0riament, la personalitzaci\u00f3 parteix dels<b>\u00a0interessos i experi\u00e8ncies de l\u2019alumnat per a desenvolupar l\u2019aprenentatge<\/b>. Com en els aprenentatges actius, l\u2019alumnat \u00e9s protagonista de l\u2019aprenentatge. Aquest comparteix, escull, proposa, actua i pren comprom\u00eds.<\/p>\n<p>Podreu trobar m\u00e9s informaci\u00f3 al <a href=\"https:\/\/projectes.xtec.cat\/claustreobert\/general\/personalitzacio-aprenentatges-cfa\/\" target=\"_blank\" rel=\"noopener noreferrer\"><strong><span style=\"color: #993300;\">webinar de Claustre Obert<\/span><\/strong><\/a>.<\/p>\n<p>&nbsp;<\/p>\n<p>&nbsp;<\/p>\n","protected":false},"excerpt":{"rendered":"<p>El <a href=\"https:\/\/agora.xtec.cat\/cfa-carmekarr\/\" target=\"_blank\" rel=\"noopener noreferrer\">CFA Carme Karr<\/a>\u00a0es troba situat al M\u00f2dul educatiu i cultural del Centre Penitenciari de Lledoners, a Sant Joan de Vilatorrada. La Saray G\u00f3mez, la Gemma Casasayas i la Raquel Mayor, integrants de l\u2019equip directiu, expliquen el proc\u00e9s de transformaci\u00f3 que&hellip;  <a href=\"https:\/\/projectes.xtec.cat\/xarxadults\/portada\/cfa-carme-karr-personalitzacio-dels-aprenentatges-a-la-formacio-dadults-en-un-centre-penitenciari\/\" title=\"Read CFA Carme Karr: Personalitzaci\u00f3 dels aprenentatges a la formaci\u00f3 d\u2019adults en un centre penitenciari\">Llegeix m\u00e9s\u00bb<\/a><\/p>\n","protected":false},"author":1,"featured_media":12302,"comment_status":"open","ping_status":"closed","sticky":false,"template":"","format":"standard","meta":{"_bbp_topic_count":0,"_bbp_reply_count":0,"_bbp_total_topic_count":0,"_bbp_total_reply_count":0,"_bbp_voice_count":0,"_bbp_anonymous_reply_count":0,"_bbp_topic_count_hidden":0,"_bbp_reply_count_hidden":0,"_bbp_forum_subforum_count":0,"footnotes":""},"categories":[317,29],"tags":[],"class_list":["post-12296","post","type-post","status-publish","format-standard","has-post-thumbnail","hentry","category-dinamitzacio","category-portada"],"post_mailing_queue_ids":[],"_links":{"self":[{"href":"https:\/\/projectes.xtec.cat\/xarxadults\/wp-json\/wp\/v2\/posts\/12296","targetHints":{"allow":["GET"]}}],"collection":[{"href":"https:\/\/projectes.xtec.cat\/xarxadults\/wp-json\/wp\/v2\/posts"}],"about":[{"href":"https:\/\/projectes.xtec.cat\/xarxadults\/wp-json\/wp\/v2\/types\/post"}],"author":[{"embeddable":true,"href":"https:\/\/projectes.xtec.cat\/xarxadults\/wp-json\/wp\/v2\/users\/1"}],"replies":[{"embeddable":true,"href":"https:\/\/projectes.xtec.cat\/xarxadults\/wp-json\/wp\/v2\/comments?post=12296"}],"version-history":[{"count":3,"href":"https:\/\/projectes.xtec.cat\/xarxadults\/wp-json\/wp\/v2\/posts\/12296\/revisions"}],"predecessor-version":[{"id":12301,"href":"https:\/\/projectes.xtec.cat\/xarxadults\/wp-json\/wp\/v2\/posts\/12296\/revisions\/12301"}],"wp:featuredmedia":[{"embeddable":true,"href":"https:\/\/projectes.xtec.cat\/xarxadults\/wp-json\/wp\/v2\/media\/12302"}],"wp:attachment":[{"href":"https:\/\/projectes.xtec.cat\/xarxadults\/wp-json\/wp\/v2\/media?parent=12296"}],"wp:term":[{"taxonomy":"category","embeddable":true,"href":"https:\/\/projectes.xtec.cat\/xarxadults\/wp-json\/wp\/v2\/categories?post=12296"},{"taxonomy":"post_tag","embeddable":true,"href":"https:\/\/projectes.xtec.cat\/xarxadults\/wp-json\/wp\/v2\/tags?post=12296"}],"curies":[{"name":"wp","href":"https:\/\/api.w.org\/{rel}","templated":true}]}}