{"id":12485,"date":"2021-03-22T12:08:30","date_gmt":"2021-03-22T11:08:30","guid":{"rendered":"http:\/\/projectes.xtec.cat\/xarxadults\/?p=12485"},"modified":"2021-03-22T12:09:36","modified_gmt":"2021-03-22T11:09:36","slug":"viii-jornades-conjuntes-dels-graus-deducacio-social-i-pedagogia","status":"publish","type":"post","link":"https:\/\/projectes.xtec.cat\/xarxadults\/portada\/viii-jornades-conjuntes-dels-graus-deducacio-social-i-pedagogia\/","title":{"rendered":"VIII Jornades conjuntes dels graus d\u2019Educaci\u00f3 Social i Pedagogia"},"content":{"rendered":"<p>&nbsp;<\/p>\n<p style=\"text-align: justify;\">El proper <strong>dimarts 23 de mar\u00e7<\/strong> tindran lloc les VIII Jornades conjuntes dels graus d\u2019Educaci\u00f3 Social i Pedagogia en mat\u00e8ria d\u2019acci\u00f3 socioeducativa per a la inclusi\u00f3 social organitzats per <span style=\"font-family: inherit; font-size: 1em;\">la Universitat de Barcelona i on participa el <a href=\"https:\/\/agora.xtec.cat\/cfajujol\/\" target=\"_blank\" rel=\"noopener noreferrer\">CFA Arquitecte Jujol<\/a>. El director del centre far\u00e0 una pon\u00e8ncia titolada &#8220;La formaci\u00f3 de les joves i els joves despr\u00e9s de l&#8217;escolaritzaci\u00f3 obligat\u00f2ria&#8221; i es troba lligada al <a href=\"http:\/\/www.fundacionorange.es\/fablabs\/garagelabs\/\" target=\"_blank\" rel=\"noopener noreferrer\"><span style=\"color: #993300;\">Projecte Garage Labs<\/span><\/a> que han implementat durant el curs 2020 &#8211; 2021.\u00a0<\/span><\/p>\n<p><a href=\"https:\/\/projectes.xtec.cat\/xarxadults\/wp-content\/uploads\/usu1741\/2021\/03\/Captura-2.jpg\"><img loading=\"lazy\" decoding=\"async\" class=\"aligncenter wp-image-12486\" src=\"https:\/\/projectes.xtec.cat\/xarxadults\/wp-content\/uploads\/usu1741\/2021\/03\/Captura-2-1024x627.jpg\" alt=\"descripci\u00f3 del programa de les VIII Jornades conjuntes dels graus d'educaci\u00f3 social i pedagogia\" width=\"797\" height=\"488\" srcset=\"https:\/\/projectes.xtec.cat\/xarxadults\/wp-content\/uploads\/usu1741\/2021\/03\/Captura-2-1024x627.jpg 1024w, https:\/\/projectes.xtec.cat\/xarxadults\/wp-content\/uploads\/usu1741\/2021\/03\/Captura-2-300x184.jpg 300w, https:\/\/projectes.xtec.cat\/xarxadults\/wp-content\/uploads\/usu1741\/2021\/03\/Captura-2-768x470.jpg 768w, https:\/\/projectes.xtec.cat\/xarxadults\/wp-content\/uploads\/usu1741\/2021\/03\/Captura-2.jpg 1125w\" sizes=\"auto, (max-width: 797px) 100vw, 797px\" \/><\/a><\/p>\n<p>&nbsp;<\/p>\n","protected":false},"excerpt":{"rendered":"<p>&nbsp;<br \/>\nEl proper dimarts 23 de mar\u00e7 tindran lloc les VIII Jornades conjuntes dels graus d\u2019Educaci\u00f3 Social i Pedagogia en mat\u00e8ria d\u2019acci\u00f3 socioeducativa per a la inclusi\u00f3 social organitzats per la Universitat de Barcelona i on participa el <a href=\"https:\/\/agora.xtec.cat\/cfajujol\/\" target=\"_blank\" rel=\"noopener noreferrer\">CFA Arquitecte Jujol<\/a>. El&hellip;  <a href=\"https:\/\/projectes.xtec.cat\/xarxadults\/portada\/viii-jornades-conjuntes-dels-graus-deducacio-social-i-pedagogia\/\" title=\"Read VIII Jornades conjuntes dels graus d\u2019Educaci\u00f3 Social i Pedagogia\">Llegeix m\u00e9s\u00bb<\/a><\/p>\n","protected":false},"author":1,"featured_media":0,"comment_status":"open","ping_status":"closed","sticky":false,"template":"","format":"standard","meta":{"_bbp_topic_count":0,"_bbp_reply_count":0,"_bbp_total_topic_count":0,"_bbp_total_reply_count":0,"_bbp_voice_count":0,"_bbp_anonymous_reply_count":0,"_bbp_topic_count_hidden":0,"_bbp_reply_count_hidden":0,"_bbp_forum_subforum_count":0,"footnotes":""},"categories":[317,29],"tags":[],"class_list":["post-12485","post","type-post","status-publish","format-standard","hentry","category-dinamitzacio","category-portada"],"post_mailing_queue_ids":[],"_links":{"self":[{"href":"https:\/\/projectes.xtec.cat\/xarxadults\/wp-json\/wp\/v2\/posts\/12485","targetHints":{"allow":["GET"]}}],"collection":[{"href":"https:\/\/projectes.xtec.cat\/xarxadults\/wp-json\/wp\/v2\/posts"}],"about":[{"href":"https:\/\/projectes.xtec.cat\/xarxadults\/wp-json\/wp\/v2\/types\/post"}],"author":[{"embeddable":true,"href":"https:\/\/projectes.xtec.cat\/xarxadults\/wp-json\/wp\/v2\/users\/1"}],"replies":[{"embeddable":true,"href":"https:\/\/projectes.xtec.cat\/xarxadults\/wp-json\/wp\/v2\/comments?post=12485"}],"version-history":[{"count":2,"href":"https:\/\/projectes.xtec.cat\/xarxadults\/wp-json\/wp\/v2\/posts\/12485\/revisions"}],"predecessor-version":[{"id":12488,"href":"https:\/\/projectes.xtec.cat\/xarxadults\/wp-json\/wp\/v2\/posts\/12485\/revisions\/12488"}],"wp:attachment":[{"href":"https:\/\/projectes.xtec.cat\/xarxadults\/wp-json\/wp\/v2\/media?parent=12485"}],"wp:term":[{"taxonomy":"category","embeddable":true,"href":"https:\/\/projectes.xtec.cat\/xarxadults\/wp-json\/wp\/v2\/categories?post=12485"},{"taxonomy":"post_tag","embeddable":true,"href":"https:\/\/projectes.xtec.cat\/xarxadults\/wp-json\/wp\/v2\/tags?post=12485"}],"curies":[{"name":"wp","href":"https:\/\/api.w.org\/{rel}","templated":true}]}}