{"id":12664,"date":"2021-05-26T12:28:17","date_gmt":"2021-05-26T10:28:17","guid":{"rendered":"http:\/\/projectes.xtec.cat\/xarxadults\/?p=12664"},"modified":"2021-05-30T23:38:25","modified_gmt":"2021-05-30T21:38:25","slug":"2a-xerrada-del-cicle-de-conferencies-matematiques-a-la-formacio-de-persones-adultes","status":"publish","type":"post","link":"https:\/\/projectes.xtec.cat\/xarxadults\/portada\/2a-xerrada-del-cicle-de-conferencies-matematiques-a-la-formacio-de-persones-adultes\/","title":{"rendered":"2a xerrada del cicle de confer\u00e8ncies: Matem\u00e0tiques a la formaci\u00f3 de persones adultes"},"content":{"rendered":"<p><a href=\"https:\/\/projectes.xtec.cat\/xarxadults\/wp-content\/uploads\/usu1741\/2021\/04\/Captura-de-Pantalla-2021-04-12-a-le.jpg\"><img loading=\"lazy\" decoding=\"async\" class=\"aligncenter wp-image-12558\" src=\"https:\/\/projectes.xtec.cat\/xarxadults\/wp-content\/uploads\/usu1741\/2021\/04\/Captura-de-Pantalla-2021-04-12-a-le.jpg\" alt=\"logo del cicle &quot;Matem\u00e0tiques a la formaci\u00f3 de persones adultes&quot; organitzat pel CESIRE\" width=\"312\" height=\"175\" srcset=\"https:\/\/projectes.xtec.cat\/xarxadults\/wp-content\/uploads\/usu1741\/2021\/04\/Captura-de-Pantalla-2021-04-12-a-le.jpg 978w, https:\/\/projectes.xtec.cat\/xarxadults\/wp-content\/uploads\/usu1741\/2021\/04\/Captura-de-Pantalla-2021-04-12-a-le-300x168.jpg 300w, https:\/\/projectes.xtec.cat\/xarxadults\/wp-content\/uploads\/usu1741\/2021\/04\/Captura-de-Pantalla-2021-04-12-a-le-768x430.jpg 768w\" sizes=\"auto, (max-width: 312px) 100vw, 312px\" \/><\/a><\/p>\n<p style=\"text-align: justify;\"><strong>El dimecres, 26 de maig de 2021 a les 18.00 <\/strong>tindr\u00e0 lloc la segona Confer\u00e8ncia del cicle de confer\u00e8ncies matem\u00e0tiques titolada\u00a0\u201c<strong>Alfabetitzaci\u00f3 num\u00e8rica de les persones adultes: un marc internacional\u201d,\u00a0<\/strong>a c\u00e0rrec de Javier Diez-Palomar.<\/p>\n<p style=\"text-align: justify;\">En aquesta presentaci\u00f3 es discuteix qu\u00e8 vol dir \u201calfabetitzaci\u00f3 num\u00e8rica\u201d, i com ha evolucionat el concepte a llarg dels anys. S\u2019exploren els principals marcs de refer\u00e8ncia sobre alfabetitzaci\u00f3 num\u00e8rica al m\u00f3n (PIAAC i CENF), quins enfocaments han quedat refutats per la recerca cient\u00edfica i quines s\u00f3n les l\u00ednies que ens aporten sobre com concretar el curr\u00edculum de matem\u00e0tiques a l\u2019educaci\u00f3 de persones adultes, a les nostres aules. Es presenten alguns dels reptes m\u00e9s importants de l\u2019educaci\u00f3 matem\u00e0tica de persones adultes dels propers anys.<\/p>\n<ul>\n<li style=\"text-align: justify;\">En\u00a0<strong>Javier Diez-Palomar\u00a0<\/strong><em>\u00e9s professor agregat de Did\u00e0ctica de les Matem\u00e0tiques, a la Universitat de Barcelona. Membre de CREA \u2013 Community of Research for Excellence for All. Membre del GRESUD (Grup de Recerca en Educaci\u00f3 per Superar les Desigualtats), centre de recerca consolidat reconegut per la Generalitat de Catalunya (AGAUR). President des del 2019 de l\u2019Associaci\u00f3 Multidisciplinar d\u2019Investigaci\u00f3 Educativa [Association of Multidisciplinar Educational Research] AMIE, membre de la WERA (World Educational Research Association). Membre permanent que representa l\u2019Estat Espanyol a la Commission Internationale pour l\u2019\u00c8tude et l\u2019Am\u00e9lioritation de l\u2019Enseignement des Math\u00e9matiques (CIEAEM) des del 2012. Responsable de la NW 24 (Research in Mathematics Education) a ECER (European Conference of Educational Research), des del 2014 fins al 2018. Tamb\u00e9 \u00e9s membre del Grup d\u2019Experts en Numeraci\u00f3 (OCDE) que treballa a l\u2019enquesta PIAAC (2018-2023). Editor en cap de REDIMAT-Journal of Research in Mathematics Education and Adults Learning Mathematics: An International Journal<\/em><\/li>\n<\/ul>\n<ul>\n<li><strong>Enlla\u00e7<\/strong>\u00a0a la\u00a0<a href=\"https:\/\/youtu.be\/5SGrBn-Lbog\"><strong>v\u00eddeoconfer\u00e8ncia<\/strong><\/a><\/li>\n<li>Enlla\u00e7 al\u00a0<a href=\"https:\/\/forms.gle\/eyZngQcvy1De36p2A\"><strong>formulari\u00a0<\/strong><\/a>d\u2019assist\u00e8ncia (per gtaf)<\/li>\n<li>Enlla\u00e7 a la\u00a0<a href=\"https:\/\/drive.google.com\/file\/d\/1NfpD29CutpwqTAJYGeYLgQERHrhuLf-4\/view?usp=sharing\"><strong>presentaci\u00f3\u00a0<\/strong><\/a>(disponible a partir del dia 27 de maig)<\/li>\n<\/ul>\n<p>&nbsp;<\/p>\n","protected":false},"excerpt":{"rendered":"<p><a href=\"https:\/\/projectes.xtec.cat\/xarxadults\/wp-content\/uploads\/usu1741\/2021\/04\/Captura-de-Pantalla-2021-04-12-a-le.jpg\"><\/a><br \/>\nEl dimecres, 26 de maig de 2021 a les 18.00 tindr\u00e0 lloc la segona Confer\u00e8ncia del cicle de confer\u00e8ncies matem\u00e0tiques titolada\u00a0\u201cAlfabetitzaci\u00f3 num\u00e8rica de les persones adultes: un marc internacional\u201d,\u00a0a c\u00e0rrec de Javier Diez-Palomar.<br \/>\nEn aquesta presentaci\u00f3 es discuteix qu\u00e8 vol dir \u201calfabetitzaci\u00f3 num\u00e8rica\u201d, i com&hellip;  <a href=\"https:\/\/projectes.xtec.cat\/xarxadults\/portada\/2a-xerrada-del-cicle-de-conferencies-matematiques-a-la-formacio-de-persones-adultes\/\" title=\"Read 2a xerrada del cicle de confer\u00e8ncies: Matem\u00e0tiques a la formaci\u00f3 de persones adultes\">Llegeix m\u00e9s\u00bb<\/a><\/p>\n","protected":false},"author":1,"featured_media":12558,"comment_status":"open","ping_status":"closed","sticky":false,"template":"","format":"standard","meta":{"_bbp_topic_count":0,"_bbp_reply_count":0,"_bbp_total_topic_count":0,"_bbp_total_reply_count":0,"_bbp_voice_count":0,"_bbp_anonymous_reply_count":0,"_bbp_topic_count_hidden":0,"_bbp_reply_count_hidden":0,"_bbp_forum_subforum_count":0,"footnotes":""},"categories":[317,29],"tags":[],"class_list":["post-12664","post","type-post","status-publish","format-standard","has-post-thumbnail","hentry","category-dinamitzacio","category-portada"],"post_mailing_queue_ids":[],"_links":{"self":[{"href":"https:\/\/projectes.xtec.cat\/xarxadults\/wp-json\/wp\/v2\/posts\/12664","targetHints":{"allow":["GET"]}}],"collection":[{"href":"https:\/\/projectes.xtec.cat\/xarxadults\/wp-json\/wp\/v2\/posts"}],"about":[{"href":"https:\/\/projectes.xtec.cat\/xarxadults\/wp-json\/wp\/v2\/types\/post"}],"author":[{"embeddable":true,"href":"https:\/\/projectes.xtec.cat\/xarxadults\/wp-json\/wp\/v2\/users\/1"}],"replies":[{"embeddable":true,"href":"https:\/\/projectes.xtec.cat\/xarxadults\/wp-json\/wp\/v2\/comments?post=12664"}],"version-history":[{"count":3,"href":"https:\/\/projectes.xtec.cat\/xarxadults\/wp-json\/wp\/v2\/posts\/12664\/revisions"}],"predecessor-version":[{"id":12667,"href":"https:\/\/projectes.xtec.cat\/xarxadults\/wp-json\/wp\/v2\/posts\/12664\/revisions\/12667"}],"wp:featuredmedia":[{"embeddable":true,"href":"https:\/\/projectes.xtec.cat\/xarxadults\/wp-json\/wp\/v2\/media\/12558"}],"wp:attachment":[{"href":"https:\/\/projectes.xtec.cat\/xarxadults\/wp-json\/wp\/v2\/media?parent=12664"}],"wp:term":[{"taxonomy":"category","embeddable":true,"href":"https:\/\/projectes.xtec.cat\/xarxadults\/wp-json\/wp\/v2\/categories?post=12664"},{"taxonomy":"post_tag","embeddable":true,"href":"https:\/\/projectes.xtec.cat\/xarxadults\/wp-json\/wp\/v2\/tags?post=12664"}],"curies":[{"name":"wp","href":"https:\/\/api.w.org\/{rel}","templated":true}]}}