{"id":12678,"date":"2021-05-27T15:34:03","date_gmt":"2021-05-27T13:34:03","guid":{"rendered":"http:\/\/projectes.xtec.cat\/xarxadults\/?p=12678"},"modified":"2021-05-30T23:37:15","modified_gmt":"2021-05-30T21:37:15","slug":"forum-dinnovacio-escolar-2021-european-schoolnet","status":"publish","type":"post","link":"https:\/\/projectes.xtec.cat\/xarxadults\/portada\/forum-dinnovacio-escolar-2021-european-schoolnet\/","title":{"rendered":"F\u00f2rum d&#8217;Innovaci\u00f3 Escolar 2021. European Schoolnet"},"content":{"rendered":"<p><a href=\"https:\/\/projectes.xtec.cat\/xarxadults\/wp-content\/uploads\/usu1741\/2021\/05\/Captura-1.jpg\"><img loading=\"lazy\" decoding=\"async\" class=\"aligncenter wp-image-12679 size-full\" src=\"https:\/\/projectes.xtec.cat\/xarxadults\/wp-content\/uploads\/usu1741\/2021\/05\/Captura-1.jpg\" alt=\"logo del School Innovation Forum con el lema Emerging Technologies in Education An Ecological View on Artificial Intelligence\" width=\"829\" height=\"283\" srcset=\"https:\/\/projectes.xtec.cat\/xarxadults\/wp-content\/uploads\/usu1741\/2021\/05\/Captura-1.jpg 829w, https:\/\/projectes.xtec.cat\/xarxadults\/wp-content\/uploads\/usu1741\/2021\/05\/Captura-1-300x102.jpg 300w, https:\/\/projectes.xtec.cat\/xarxadults\/wp-content\/uploads\/usu1741\/2021\/05\/Captura-1-768x262.jpg 768w\" sizes=\"auto, (max-width: 829px) 100vw, 829px\" \/><\/a><\/p>\n<p style=\"text-align: justify;\">Enguany el <a href=\"http:\/\/www.eun.org\/school-innovation-forum-2021\" target=\"_blank\" rel=\"noopener noreferrer\"><strong><span style=\"color: #993300;\">F\u00f2rum d&#8217;Innovaci\u00f3 Escolar 2021<\/span><\/strong><\/a> es dur\u00e0 a terme en l\u00ednia sota el tema &#8220;<strong><span style=\"color: #993300;\">Tecnologies emergents en l&#8217;educaci\u00f3: una visi\u00f3 ecol\u00f2gica de la intel\u00b7lig\u00e8ncia artificial&#8221;<\/span><\/strong> del 26 a el 28 de maig. El F\u00f2rum reunir\u00e0 els membres de la comunitat de European Schoolnet (EUN): representants dels ministeris d&#8217;Educaci\u00f3, ag\u00e8ncies nacionals i internacionals, el sector privat i experts en investigaci\u00f3, per discutir els desafiaments i oportunitats que la Intel\u00b7lig\u00e8ncia Artificial porta a la innovaci\u00f3 , l&#8217;ensenyament i l&#8217;aprenentatge escolar.<\/p>\n<p style=\"text-align: justify;\">Les tecnologies emergents i disruptives estan canviant radicalment el m\u00f3n tal com el coneixem i els governs s&#8217;estan preparant per als desafiaments i oportunitats que s&#8217;acosten. L&#8217;educaci\u00f3 \u00e9s un dels sectors que es podria veure dr\u00e0sticament impactat per la integraci\u00f3 de la Intel\u00b7lig\u00e8ncia Artificial en els processos d&#8217;aprenentatge, ensenyament i avaluaci\u00f3, aix\u00ed com en la gesti\u00f3 i governan\u00e7a d&#8217;instituts i escoles. La Comissi\u00f3 Europea, organitzacions internacionals com la UNESCO i l&#8217;OCDE, aix\u00ed com els estats membres estan invertint en recerca i innovaci\u00f3 en Intel\u00b7lig\u00e8ncia Artificial, al mateix temps que brinden orientaci\u00f3 sobre la implementaci\u00f3 de pol\u00edtiques al voltant del seu \u00fas en l&#8217;educaci\u00f3.<\/p>\n<p style=\"text-align: justify;\">Hashtag de f\u00f2rum: #SchoolInnovationForum<\/p>\n<p><iframe loading=\"lazy\" src=\"\/\/www.youtube.com\/embed\/Ze8piYqc0Ag\" width=\"560\" height=\"314\"><\/iframe><\/p>\n<p>&nbsp;<\/p>\n<p>&nbsp;<\/p>\n","protected":false},"excerpt":{"rendered":"<p><a href=\"https:\/\/projectes.xtec.cat\/xarxadults\/wp-content\/uploads\/usu1741\/2021\/05\/Captura-1.jpg\"><\/a><br \/>\nEnguany el <a href=\"http:\/\/www.eun.org\/school-innovation-forum-2021\" target=\"_blank\" rel=\"noopener noreferrer\">F\u00f2rum d&#8217;Innovaci\u00f3 Escolar 2021<\/a> es dur\u00e0 a terme en l\u00ednia sota el tema &#8220;Tecnologies emergents en l&#8217;educaci\u00f3: una visi\u00f3 ecol\u00f2gica de la intel\u00b7lig\u00e8ncia artificial&#8221; del 26 a el 28 de maig. El F\u00f2rum reunir\u00e0 els membres de la&hellip;  <a href=\"https:\/\/projectes.xtec.cat\/xarxadults\/portada\/forum-dinnovacio-escolar-2021-european-schoolnet\/\" title=\"Read F\u00f2rum d&#8217;Innovaci\u00f3 Escolar 2021. European Schoolnet\">Llegeix m\u00e9s\u00bb<\/a><\/p>\n","protected":false},"author":1,"featured_media":0,"comment_status":"open","ping_status":"closed","sticky":false,"template":"","format":"standard","meta":{"_bbp_topic_count":0,"_bbp_reply_count":0,"_bbp_total_topic_count":0,"_bbp_total_reply_count":0,"_bbp_voice_count":0,"_bbp_anonymous_reply_count":0,"_bbp_topic_count_hidden":0,"_bbp_reply_count_hidden":0,"_bbp_forum_subforum_count":0,"footnotes":""},"categories":[29,64],"tags":[],"class_list":["post-12678","post","type-post","status-publish","format-standard","hentry","category-portada","category-trobades"],"post_mailing_queue_ids":[],"_links":{"self":[{"href":"https:\/\/projectes.xtec.cat\/xarxadults\/wp-json\/wp\/v2\/posts\/12678","targetHints":{"allow":["GET"]}}],"collection":[{"href":"https:\/\/projectes.xtec.cat\/xarxadults\/wp-json\/wp\/v2\/posts"}],"about":[{"href":"https:\/\/projectes.xtec.cat\/xarxadults\/wp-json\/wp\/v2\/types\/post"}],"author":[{"embeddable":true,"href":"https:\/\/projectes.xtec.cat\/xarxadults\/wp-json\/wp\/v2\/users\/1"}],"replies":[{"embeddable":true,"href":"https:\/\/projectes.xtec.cat\/xarxadults\/wp-json\/wp\/v2\/comments?post=12678"}],"version-history":[{"count":3,"href":"https:\/\/projectes.xtec.cat\/xarxadults\/wp-json\/wp\/v2\/posts\/12678\/revisions"}],"predecessor-version":[{"id":12705,"href":"https:\/\/projectes.xtec.cat\/xarxadults\/wp-json\/wp\/v2\/posts\/12678\/revisions\/12705"}],"wp:attachment":[{"href":"https:\/\/projectes.xtec.cat\/xarxadults\/wp-json\/wp\/v2\/media?parent=12678"}],"wp:term":[{"taxonomy":"category","embeddable":true,"href":"https:\/\/projectes.xtec.cat\/xarxadults\/wp-json\/wp\/v2\/categories?post=12678"},{"taxonomy":"post_tag","embeddable":true,"href":"https:\/\/projectes.xtec.cat\/xarxadults\/wp-json\/wp\/v2\/tags?post=12678"}],"curies":[{"name":"wp","href":"https:\/\/api.w.org\/{rel}","templated":true}]}}