{"id":12716,"date":"2021-06-09T17:06:45","date_gmt":"2021-06-09T15:06:45","guid":{"rendered":"http:\/\/projectes.xtec.cat\/xarxadults\/?p=12716"},"modified":"2021-06-09T17:06:45","modified_gmt":"2021-06-09T15:06:45","slug":"3a-xerrada-del-cicle-de-conferencies-matematiques-a-la-formacio-de-persones-adultes","status":"publish","type":"post","link":"https:\/\/projectes.xtec.cat\/xarxadults\/portada\/3a-xerrada-del-cicle-de-conferencies-matematiques-a-la-formacio-de-persones-adultes\/","title":{"rendered":"3a xerrada del cicle de confer\u00e8ncies: Matem\u00e0tiques a la formaci\u00f3 de persones adultes"},"content":{"rendered":"<p><a href=\"https:\/\/projectes.xtec.cat\/xarxadults\/wp-content\/uploads\/usu1741\/2021\/04\/Captura-de-Pantalla-2021-04-12-a-le.jpg\"><img loading=\"lazy\" decoding=\"async\" class=\"aligncenter wp-image-12558\" src=\"https:\/\/projectes.xtec.cat\/xarxadults\/wp-content\/uploads\/usu1741\/2021\/04\/Captura-de-Pantalla-2021-04-12-a-le.jpg\" alt=\"logo del cicle &quot;Matem\u00e0tiques a la formaci\u00f3 de persones adultes&quot; organitzat pel CESIRE\" width=\"357\" height=\"200\" srcset=\"https:\/\/projectes.xtec.cat\/xarxadults\/wp-content\/uploads\/usu1741\/2021\/04\/Captura-de-Pantalla-2021-04-12-a-le.jpg 978w, https:\/\/projectes.xtec.cat\/xarxadults\/wp-content\/uploads\/usu1741\/2021\/04\/Captura-de-Pantalla-2021-04-12-a-le-300x168.jpg 300w, https:\/\/projectes.xtec.cat\/xarxadults\/wp-content\/uploads\/usu1741\/2021\/04\/Captura-de-Pantalla-2021-04-12-a-le-768x430.jpg 768w\" sizes=\"auto, (max-width: 357px) 100vw, 357px\" \/><\/a><\/p>\n<p style=\"text-align: justify;\"><strong>El dimecres, 09 de juny de 2021 a les 18.00 <\/strong>tindr\u00e0 lloc la tercera Confer\u00e8ncia del cicle de confer\u00e8ncies matem\u00e0tiques titolada \u201c<strong>Matem\u00e0tiques al CFA: Propostes, eines i recursos\u201d, <\/strong>a c\u00e0rrec de Joan Jare\u00f1o, Montserrat Tora, Enric Castell\u00e0 i S\u00edlvia Margel\u00ed del CESIRE (\u00e0mbit de matem\u00e0tiques).<\/p>\n<p style=\"text-align: justify;\">En aquesta darrera sessi\u00f3, intentant donar resposta a algunes de les demandes que s&#8217;han fet arribar a trav\u00e9s dels formularis de les sessions anteriors, es parlar\u00e0 de com desenvolupar la compet\u00e8ncia matem\u00e0tica i es compartir\u00e0 amb els assistents recursos que es generen des del CESIRE i que poden ser \u00fatils tamb\u00e9 a la formaci\u00f3 de persones adultes. Es parlar\u00e0 sobre la &#8220;compet\u00e8ncia matem\u00e0tica&#8221; per a tothom, i s&#8217;exemplificar\u00e0 amb &#8220;Propostes, eines i recursos&#8221; partint de les propostes que es poden trobar a les <a href=\"https:\/\/sites.google.com\/xtec.cat\/cesire-matematiques-campanyes\" target=\"_blank\" rel=\"noopener noreferrer\" data-saferedirecturl=\"https:\/\/www.google.com\/url?q=https:\/\/sites.google.com\/xtec.cat\/cesire-matematiques-campanyes&amp;source=gmail&amp;ust=1623333846318000&amp;usg=AFQjCNFo4XHdbDvOIROEXp1UNIzwtfysAA\">campanyes del CESIRE-\u00e0mbit de matem\u00e0tiques\u00a0<\/a>que poden ser m\u00e9s \u00fatils i interessants.<\/p>\n<div style=\"text-align: justify;\">\n<ul>\n<li>Enlla\u00e7 a la\u00a0<a href=\"https:\/\/youtu.be\/mRRCRvdhOto\" target=\"_blank\" rel=\"noopener noreferrer\" data-saferedirecturl=\"https:\/\/www.google.com\/url?q=https:\/\/youtu.be\/mRRCRvdhOto&amp;source=gmail&amp;ust=1623333846318000&amp;usg=AFQjCNGlRjR93jv6jPrqognaXrVVXs9o_g\">confer\u00e8ncia<\/a><\/li>\n<li>Enlla\u00e7 als\u00a0<a href=\"https:\/\/agora.xtec.cat\/cesire\/general\/cicle-de-conferencies-matematiques-a-la-formacio-de-persones-adultes\/\" target=\"_blank\" rel=\"noopener noreferrer\" data-saferedirecturl=\"https:\/\/www.google.com\/url?q=https:\/\/agora.xtec.cat\/cesire\/general\/cicle-de-conferencies-matematiques-a-la-formacio-de-persones-adultes\/&amp;source=gmail&amp;ust=1623333846318000&amp;usg=AFQjCNEHi1-gMLMlEJeKt2ZIXeB-PMRu3A\">materials complementaris<\/a>\u00a0(un cop acabada la confer\u00e8ncia)<\/li>\n<li>Enlla\u00e7 al f<a href=\"https:\/\/forms.gle\/7pXTwyXkUnPjETDi7\" target=\"_blank\" rel=\"noopener noreferrer\" data-saferedirecturl=\"https:\/\/www.google.com\/url?q=https:\/\/forms.gle\/7pXTwyXkUnPjETDi7&amp;source=gmail&amp;ust=1623333846318000&amp;usg=AFQjCNGRq_I-psUADZ3dVNsyng3ueL-t9Q\">ormulari d&#8217;assist\u00e8ncia<\/a><\/li>\n<\/ul>\n<\/div>\n<p style=\"text-align: justify;\"><em>Des del Servei d&#8217;Educaci\u00f3 al Llarg de la Vida us animem a participar-hi!<\/em><\/p>\n<p>&nbsp;<\/p>\n","protected":false},"excerpt":{"rendered":"<p><a href=\"https:\/\/projectes.xtec.cat\/xarxadults\/wp-content\/uploads\/usu1741\/2021\/04\/Captura-de-Pantalla-2021-04-12-a-le.jpg\"><\/a><br \/>\nEl dimecres, 09 de juny de 2021 a les 18.00 tindr\u00e0 lloc la tercera Confer\u00e8ncia del cicle de confer\u00e8ncies matem\u00e0tiques titolada \u201cMatem\u00e0tiques al CFA: Propostes, eines i recursos\u201d, a c\u00e0rrec de Joan Jare\u00f1o, Montserrat Tora, Enric Castell\u00e0 i S\u00edlvia Margel\u00ed del CESIRE (\u00e0mbit de&hellip;  <a href=\"https:\/\/projectes.xtec.cat\/xarxadults\/portada\/3a-xerrada-del-cicle-de-conferencies-matematiques-a-la-formacio-de-persones-adultes\/\" title=\"Read 3a xerrada del cicle de confer\u00e8ncies: Matem\u00e0tiques a la formaci\u00f3 de persones adultes\">Llegeix m\u00e9s\u00bb<\/a><\/p>\n","protected":false},"author":1,"featured_media":12718,"comment_status":"open","ping_status":"closed","sticky":false,"template":"","format":"standard","meta":{"_bbp_topic_count":0,"_bbp_reply_count":0,"_bbp_total_topic_count":0,"_bbp_total_reply_count":0,"_bbp_voice_count":0,"_bbp_anonymous_reply_count":0,"_bbp_topic_count_hidden":0,"_bbp_reply_count_hidden":0,"_bbp_forum_subforum_count":0,"footnotes":""},"categories":[317,29],"tags":[],"class_list":["post-12716","post","type-post","status-publish","format-standard","has-post-thumbnail","hentry","category-dinamitzacio","category-portada"],"post_mailing_queue_ids":[],"_links":{"self":[{"href":"https:\/\/projectes.xtec.cat\/xarxadults\/wp-json\/wp\/v2\/posts\/12716","targetHints":{"allow":["GET"]}}],"collection":[{"href":"https:\/\/projectes.xtec.cat\/xarxadults\/wp-json\/wp\/v2\/posts"}],"about":[{"href":"https:\/\/projectes.xtec.cat\/xarxadults\/wp-json\/wp\/v2\/types\/post"}],"author":[{"embeddable":true,"href":"https:\/\/projectes.xtec.cat\/xarxadults\/wp-json\/wp\/v2\/users\/1"}],"replies":[{"embeddable":true,"href":"https:\/\/projectes.xtec.cat\/xarxadults\/wp-json\/wp\/v2\/comments?post=12716"}],"version-history":[{"count":2,"href":"https:\/\/projectes.xtec.cat\/xarxadults\/wp-json\/wp\/v2\/posts\/12716\/revisions"}],"predecessor-version":[{"id":12719,"href":"https:\/\/projectes.xtec.cat\/xarxadults\/wp-json\/wp\/v2\/posts\/12716\/revisions\/12719"}],"wp:featuredmedia":[{"embeddable":true,"href":"https:\/\/projectes.xtec.cat\/xarxadults\/wp-json\/wp\/v2\/media\/12718"}],"wp:attachment":[{"href":"https:\/\/projectes.xtec.cat\/xarxadults\/wp-json\/wp\/v2\/media?parent=12716"}],"wp:term":[{"taxonomy":"category","embeddable":true,"href":"https:\/\/projectes.xtec.cat\/xarxadults\/wp-json\/wp\/v2\/categories?post=12716"},{"taxonomy":"post_tag","embeddable":true,"href":"https:\/\/projectes.xtec.cat\/xarxadults\/wp-json\/wp\/v2\/tags?post=12716"}],"curies":[{"name":"wp","href":"https:\/\/api.w.org\/{rel}","templated":true}]}}