{"id":12721,"date":"2021-06-10T09:13:15","date_gmt":"2021-06-10T07:13:15","guid":{"rendered":"http:\/\/projectes.xtec.cat\/xarxadults\/?p=12721"},"modified":"2021-06-10T09:14:52","modified_gmt":"2021-06-10T07:14:52","slug":"2a-edicio-projecte-lorientacio-educativa-factor-clau-dexit-en-leducacio-al-llarg-de-la-vida","status":"publish","type":"post","link":"https:\/\/projectes.xtec.cat\/xarxadults\/portada\/2a-edicio-projecte-lorientacio-educativa-factor-clau-dexit-en-leducacio-al-llarg-de-la-vida\/","title":{"rendered":"2a edici\u00f3 Projecte &#8220;L&#8217;orientaci\u00f3 educativa: factor clau d&#8217;\u00e8xit en l&#8217;educaci\u00f3 al llarg de la vida&#8221;"},"content":{"rendered":"<p><a href=\"https:\/\/projectes.xtec.cat\/xarxadults\/wp-content\/uploads\/usu1741\/2021\/06\/Captura.jpg\"><img loading=\"lazy\" decoding=\"async\" class=\"aligncenter wp-image-12723\" src=\"https:\/\/projectes.xtec.cat\/xarxadults\/wp-content\/uploads\/usu1741\/2021\/06\/Captura-1024x428.jpg\" alt=\"Logo &quot;L'orientaci\u00f3 educativa: Factor clau d'\u00e8xit en l'educaci\u00f3 al llarg de la vida. Formaci\u00f3 interna de centre. Curs 2021-2022. Servei d'Educaci\u00f3 al Llarg de la Vida&quot;\" width=\"567\" height=\"237\" \/><\/a><\/p>\n<p style=\"text-align: justify;\">El Servei d&#8217;Educaci\u00f3 al Llarg de la Vida organitza la <strong><span style=\"color: #993300;\"><a style=\"color: #993300;\" href=\"https:\/\/projectes.xtec.cat\/xarxadults\/wp-content\/uploads\/usu1741\/2021\/06\/FIC-ORIENTACI\u00d3-2021-2022_Infografia-i-inscripci\u00f3-1.pdf\" target=\"_blank\" rel=\"noopener noreferrer\">2a edici\u00f3 de la Formaci\u00f3 Interna de Centre<\/a><\/span><\/strong>\u00a0del <a href=\"https:\/\/projectes.xtec.cat\/xarxadults\/orientacio\/projecte-lorientacio-educativa-factor-clau-dexit-en-leducacio-al-llarg-de-la-vida\/\" target=\"_blank\" rel=\"noopener noreferrer\"><strong><span style=\"color: #993300;\">Projecte &#8220;L&#8217;Orientaci\u00f3 Educativa: factor clau d&#8217;\u00e8xit en l&#8217;educaci\u00f3 al llarg de la vida&#8221;<\/span><\/strong><\/a><\/p>\n<p style=\"text-align: justify;\">La formaci\u00f3 t\u00e9 una doble <strong>finalitat<\/strong>: per una banda, la de contribuir a establir un espai de reflexi\u00f3 en relaci\u00f3 a l\u2019orientaci\u00f3 educativa, donant valor a l\u2019experi\u00e8ncia docent i a les caracter\u00edstiques pr\u00f2pies de cada centre; i, per altra banda, el disseny d\u2019un projecte d&#8217;orientaci\u00f3 de centre amb el consens necessari per a que es pugui implementar d\u2019una manera efectiva i eficient per afavorir l\u2019\u00e8xit educatiu de l\u2019alumnat.<\/p>\n<p style=\"text-align: justify;\">Els <strong>objectius<\/strong> d&#8217;aquesta formaci\u00f3 s\u00f3n dos:<\/p>\n<p style=\"padding-left: 40px; text-align: justify;\">1. Donar valor a l\u2019orientaci\u00f3 educativa i comprometre\u2019s amb la necessitat de la reflexi\u00f3 conjunta sobre l\u2019acompanyament i tutoritzaci\u00f3 de l&#8217;alumnat.<br \/>\n2. Actualitzar coneixements i construir un Projecte d\u2019orientaci\u00f3 de centre amb el comprom\u00eds d&#8217;inclusi\u00f3 de tot l&#8217;alumnat i incorporant els elements del disseny universal d&#8217;aprenentatge.<\/p>\n<p style=\"text-align: justify;\">Quins s\u00f3n els <strong>requisits<\/strong> per poder participar-hi?<\/p>\n<ul>\n<li style=\"list-style-type: none;\">\n<ul>\n<li style=\"list-style-type: none;\">\n<ul>\n<li>Implicaci\u00f3 de la majoria del claustre.<\/li>\n<li>Designar dos referents de centre.<\/li>\n<li>Vistiplau del Claustre i del Consell escolar del centre.<\/li>\n<li>Establir franges hor\u00e0ries per dur a terme les sessions de treball intern amb el claustre, tot impulsant el treball en equip i les sessions de treball amb el\/la facilitador\/a.<\/li>\n<\/ul>\n<\/li>\n<\/ul>\n<\/li>\n<\/ul>\n<p style=\"text-align: justify;\">Els <strong>centres interessats<\/strong> en participar en aquesta formaci\u00f3 interna de centre han de completar el <a href=\"https:\/\/docs.google.com\/forms\/d\/e\/1FAIpQLSeEEq5F9RoWg6BG3cwRdOiXEqRYuQG42sXprn5Ax7GI-ScF0Q\/viewform\" target=\"_blank\" rel=\"noopener noreferrer\"><strong><span style=\"color: #993300;\">formulari d\u2019inscripci\u00f3<\/span><\/strong><\/a> fins al <strong>10 de juliol de 2021.<\/strong><\/p>\n<p style=\"text-align: justify;\">La <strong>durada de la formaci\u00f3<\/strong> ser\u00e0 de <strong>30 hores certicables<\/strong> (de novembre a juny):<\/p>\n<ul>\n<li style=\"list-style-type: none;\">\n<ul>\n<li style=\"list-style-type: none;\">\n<ul>\n<li style=\"text-align: justify;\">12 hores de treball amb la persona facilitadora en 4 sessions: Sessi\u00f3 diagn\u00f2stica, Sessi\u00f3 de fonamentaci\u00f3, Sessi\u00f3 de construcci\u00f3 i Sessi\u00f3 de difusi\u00f3<\/li>\n<li style=\"text-align: justify;\">18 hores de treball intern de centre<\/li>\n<\/ul>\n<\/li>\n<\/ul>\n<\/li>\n<\/ul>\n<p><em>Des del Servei d&#8217;Educaci\u00f3 al Llarg de la Vida animem als CFA a participar en aquesta segona edici\u00f3!<\/em><\/p>\n","protected":false},"excerpt":{"rendered":"<p><a href=\"https:\/\/projectes.xtec.cat\/xarxadults\/wp-content\/uploads\/usu1741\/2021\/06\/Captura.jpg\"><\/a><br \/>\nEl Servei d&#8217;Educaci\u00f3 al Llarg de la Vida organitza la <a style=\"color: #993300;\" href=\"https:\/\/projectes.xtec.cat\/xarxadults\/wp-content\/uploads\/usu1741\/2021\/06\/FIC-ORIENTACI\u00d3-2021-2022_Infografia-i-inscripci\u00f3-1.pdf\" target=\"_blank\" rel=\"noopener noreferrer\">2a edici\u00f3 de la Formaci\u00f3 Interna de Centre<\/a>\u00a0del <a href=\"https:\/\/projectes.xtec.cat\/xarxadults\/orientacio\/projecte-lorientacio-educativa-factor-clau-dexit-en-leducacio-al-llarg-de-la-vida\/\" target=\"_blank\" rel=\"noopener noreferrer\">Projecte &#8220;L&#8217;Orientaci\u00f3 Educativa: factor clau d&#8217;\u00e8xit en l&#8217;educaci\u00f3 al llarg de la vida&#8221;<\/a><br \/>\nLa formaci\u00f3 t\u00e9 una&hellip;  <a href=\"https:\/\/projectes.xtec.cat\/xarxadults\/portada\/2a-edicio-projecte-lorientacio-educativa-factor-clau-dexit-en-leducacio-al-llarg-de-la-vida\/\" title=\"Read 2a edici\u00f3 Projecte &#8220;L&#8217;orientaci\u00f3 educativa: factor clau d&#8217;\u00e8xit en l&#8217;educaci\u00f3 al llarg de la vida&#8221;\">Llegeix m\u00e9s\u00bb<\/a><\/p>\n","protected":false},"author":1,"featured_media":12723,"comment_status":"open","ping_status":"closed","sticky":false,"template":"","format":"standard","meta":{"_bbp_topic_count":0,"_bbp_reply_count":0,"_bbp_total_topic_count":0,"_bbp_total_reply_count":0,"_bbp_voice_count":0,"_bbp_anonymous_reply_count":0,"_bbp_topic_count_hidden":0,"_bbp_reply_count_hidden":0,"_bbp_forum_subforum_count":0,"footnotes":""},"categories":[388,29],"tags":[],"class_list":["post-12721","post","type-post","status-publish","format-standard","has-post-thumbnail","hentry","category-orientacio","category-portada"],"post_mailing_queue_ids":[],"_links":{"self":[{"href":"https:\/\/projectes.xtec.cat\/xarxadults\/wp-json\/wp\/v2\/posts\/12721","targetHints":{"allow":["GET"]}}],"collection":[{"href":"https:\/\/projectes.xtec.cat\/xarxadults\/wp-json\/wp\/v2\/posts"}],"about":[{"href":"https:\/\/projectes.xtec.cat\/xarxadults\/wp-json\/wp\/v2\/types\/post"}],"author":[{"embeddable":true,"href":"https:\/\/projectes.xtec.cat\/xarxadults\/wp-json\/wp\/v2\/users\/1"}],"replies":[{"embeddable":true,"href":"https:\/\/projectes.xtec.cat\/xarxadults\/wp-json\/wp\/v2\/comments?post=12721"}],"version-history":[{"count":3,"href":"https:\/\/projectes.xtec.cat\/xarxadults\/wp-json\/wp\/v2\/posts\/12721\/revisions"}],"predecessor-version":[{"id":12732,"href":"https:\/\/projectes.xtec.cat\/xarxadults\/wp-json\/wp\/v2\/posts\/12721\/revisions\/12732"}],"wp:featuredmedia":[{"embeddable":true,"href":"https:\/\/projectes.xtec.cat\/xarxadults\/wp-json\/wp\/v2\/media\/12723"}],"wp:attachment":[{"href":"https:\/\/projectes.xtec.cat\/xarxadults\/wp-json\/wp\/v2\/media?parent=12721"}],"wp:term":[{"taxonomy":"category","embeddable":true,"href":"https:\/\/projectes.xtec.cat\/xarxadults\/wp-json\/wp\/v2\/categories?post=12721"},{"taxonomy":"post_tag","embeddable":true,"href":"https:\/\/projectes.xtec.cat\/xarxadults\/wp-json\/wp\/v2\/tags?post=12721"}],"curies":[{"name":"wp","href":"https:\/\/api.w.org\/{rel}","templated":true}]}}