{"id":12765,"date":"2021-06-18T16:27:28","date_gmt":"2021-06-18T14:27:28","guid":{"rendered":"http:\/\/projectes.xtec.cat\/xarxadults\/?p=12765"},"modified":"2021-06-21T11:56:43","modified_gmt":"2021-06-21T09:56:43","slug":"preinscripcio-curs-2021-2022-als-cfa","status":"publish","type":"post","link":"https:\/\/projectes.xtec.cat\/xarxadults\/xx\/preinscripcio-curs-2021-2022-als-cfa\/","title":{"rendered":"Preinscripci\u00f3 curs 2021-2022 als CFA"},"content":{"rendered":"<p>&nbsp;<\/p>\n<div dir=\"ltr\"><span style=\"font-family: arial, sans-serif;\">La presentaci\u00f3 de sol\u00b7licituds per als ensenyaments impartits en centres de formaci\u00f3 d&#8217;adults \u00e9s del <strong>21 al 29 de juny<\/strong>. Podeu consultar tota la informaci\u00f3\u00a0<a title=\"https:\/\/preinscripcio.gencat.cat\/ca\/estudis\/educacio-adults\/informat\/calendari\/\" href=\"https:\/\/preinscripcio.gencat.cat\/ca\/estudis\/educacio-adults\/informat\/calendari\/\" target=\"_blank\" rel=\"noopener noreferrer\" data-saferedirecturl=\"https:\/\/www.google.com\/url?q=https:\/\/preinscripcio.gencat.cat\/ca\/estudis\/educacio-adults\/informat\/calendari\/&amp;source=gmail&amp;ust=1623937752266000&amp;usg=AFQjCNEUVEB_iyAY0WGwE9-3bf4Fx_b8bQ\">aqu\u00ed<\/a>.\u00a0<\/span><\/div>\n<div dir=\"ltr\"><\/div>\n<div dir=\"ltr\"><a href=\"https:\/\/projectes.xtec.cat\/xarxadults\/wp-content\/uploads\/usu1741\/2021\/06\/Captura-1.jpg\"><img loading=\"lazy\" decoding=\"async\" class=\"aligncenter wp-image-12767\" src=\"https:\/\/projectes.xtec.cat\/xarxadults\/wp-content\/uploads\/usu1741\/2021\/06\/Captura-1-1024x584.jpg\" alt=\"logo del proc\u00e9s de preinscripci\u00f3 als centres de formaci\u00f3 de persones adultes\" width=\"824\" height=\"470\" srcset=\"https:\/\/projectes.xtec.cat\/xarxadults\/wp-content\/uploads\/usu1741\/2021\/06\/Captura-1-1024x584.jpg 1024w, https:\/\/projectes.xtec.cat\/xarxadults\/wp-content\/uploads\/usu1741\/2021\/06\/Captura-1-300x171.jpg 300w, https:\/\/projectes.xtec.cat\/xarxadults\/wp-content\/uploads\/usu1741\/2021\/06\/Captura-1-768x438.jpg 768w, https:\/\/projectes.xtec.cat\/xarxadults\/wp-content\/uploads\/usu1741\/2021\/06\/Captura-1.jpg 1060w\" sizes=\"auto, (max-width: 824px) 100vw, 824px\" \/><\/a><\/div>\n<div dir=\"ltr\"><span style=\"color: #000000; font-family: arial, sans-serif;\">\u00a0<\/span><\/div>\n<div dir=\"ltr\">\n<p><span style=\"font-family: arial, sans-serif;\">Des del Servei d\u2019Educaci\u00f3 al Llarg de la Vida tornem a compartir amb vosaltres aquest\u00a0<a href=\"https:\/\/drive.google.com\/file\/d\/1m-jR5xFhw0NLmuPxVUISM_WRsQDiH7Mf\/view?usp=sharing\" target=\"_blank\" rel=\"noopener noreferrer\" data-saferedirecturl=\"https:\/\/www.google.com\/url?q=https:\/\/drive.google.com\/file\/d\/1m-jR5xFhw0NLmuPxVUISM_WRsQDiH7Mf\/view?usp%3Dsharing&amp;source=gmail&amp;ust=1623937752266000&amp;usg=AFQjCNELERbAOgYs8Tg6AnDoJTiMKxnQyA\">v\u00eddeo<\/a>\u00a0de promoci\u00f3 dels Centres de Formaci\u00f3 d\u2019Adults que forma part d\u2019una campanya de difusi\u00f3 impulsada pel Departament d\u2019Educaci\u00f3.\u00a0<\/span><\/p>\n<\/div>\n<div dir=\"ltr\">\n<p style=\"text-align: center;\"><em><span style=\"font-family: arial, sans-serif;\">\u201cMai \u00e9s tard per aprendre\u201d<\/span><\/em><\/p>\n<\/div>\n<section class=\"padding-xs padding-sm padding-md colorSectionOdd\">\n<article class=\"container fullcontainer-xs\">\n<div class=\"row\">\n<div id=\"center_2R\">\n<div id=\"llista_11d42c88-5c87-11eb-9783-005056924a59_11d42c89-5c87-11eb-9783-005056924a59\" class=\"fpca_llista_enllacIcones formatter_body\">\n<div class=\"wrapper_llista_enllacIcones\">\n<h2 class=\"header2 pd-15 pd-30\"><span style=\"color: #3366ff;\">Abans de la preinscripci\u00f3<\/span><\/h2>\n<ul class=\"list-row border-filet \">\n<li class=\"list-item col-12\">\n<div class=\"col icon-col\">\n<h4 class=\"icon\"><span style=\"color: #3366ff;\"><img decoding=\"async\" src=\"https:\/\/preinscripcio.gencat.cat\/web\/.content\/icones\/info.png_2044584825.png\" alt=\"\" \/>\u00a0 Juny de 2021: per\u00edode d&#8217;informaci\u00f3 i orientaci\u00f3<\/span><\/h4>\n<\/div>\n<div class=\"col content-col\">\n<div class=\"bloc-mobil\">\n<div class=\"descripcio\">\n<p>El mes de juny ser\u00e0 el per\u00edode preferent d&#8217;informaci\u00f3 i orientaci\u00f3 als alumnes nous.<\/p>\n<\/div>\n<\/div>\n<\/div>\n<\/li>\n<li class=\"list-item col-12\">\n<div class=\"list-item-wrapper\">\n<div class=\"col icon-col\">\n<h4 class=\"icon\"><span style=\"color: #3366ff;\"><img decoding=\"async\" src=\"https:\/\/preinscripcio.gencat.cat\/web\/.content\/icones\/cerca-off.png_2044584825.png\" alt=\"\" \/>\u00a0 16 de juny de 2021: oferta inicial de places escolars<\/span><\/h4>\n<\/div>\n<div class=\"col content-col\">\n<div class=\"bloc-mobil\">\n<div class=\"descripcio\">\n<p>Publicaci\u00f3 del nombre de places escolars per centre i curs.<\/p>\n<\/div>\n<\/div>\n<\/div>\n<\/div>\n<\/li>\n<\/ul>\n<\/div>\n<\/div>\n<\/div>\n<\/div>\n<\/article>\n<\/section>\n<section class=\"padding-xs padding-sm padding-md colorSectionOdd\">\n<article class=\"container fullcontainer-xs\">\n<div class=\"row\">\n<div id=\"center_3R\">\n<div id=\"llista_147eb34b-5c87-11eb-9783-005056924a59_147eb34c-5c87-11eb-9783-005056924a59\" class=\"fpca_llista_enllacIcones formatter_body\">\n<div class=\"wrapper_llista_enllacIcones\">\n<h2 class=\"header2 pd-15 pd-30\"><span style=\"color: #339966;\">Presenta la sol\u00b7licitud de preinscripci\u00f3 i fes el seguiment<\/span><\/h2>\n<ul class=\"list-row border-filet \">\n<li class=\"list-item col-12\">\n<div class=\"list-item-wrapper\">\n<div class=\"col icon-col\">\n<div class=\"icon\"><span style=\"color: #339966;\"><img decoding=\"async\" src=\"https:\/\/preinscripcio.gencat.cat\/web\/.content\/icones\/sollicitud-off.png_2044584825.png\" alt=\"\" \/> <span style=\"font-size: 1.6875em; font-weight: bold;\">Del 21 al 29 de juny de 2021: presentaci\u00f3 de sol\u00b7licituds<\/span><\/span><\/div>\n<\/div>\n<div class=\"col content-col\">\n<div class=\"bloc-mobil\">\n<div class=\"descripcio\">\n<p>\u00c9s molt important respectar les dates, perqu\u00e8 les sol\u00b7licituds que es presentin fora d&#8217;aquest termini perdran totes les prioritats que haurien pogut tenir a l&#8217;hora d&#8217;obtenir la pla\u00e7a. Els criteris de prioritat serveixen per donar una puntuaci\u00f3 a cada sol\u00b7licitud. D&#8217;aquesta manera s&#8217;estableix l&#8217;ordre d&#8217;acc\u00e9s a les places de cada centre.<\/p>\n<\/div>\n<\/div>\n<\/div>\n<\/div>\n<\/li>\n<li class=\"list-item col-12\">\n<div class=\"list-item-wrapper\">\n<div class=\"col icon-col\">\n<div class=\"icon\"><img decoding=\"async\" src=\"https:\/\/preinscripcio.gencat.cat\/web\/.content\/icones\/consulta-revisa1-off.png_2044584825.png\" alt=\"\" \/> <span style=\"font-size: 1.6875em; font-weight: bold; color: #339966;\">6 de juliol de 2021: llista de sol\u00b7licituds amb la puntuaci\u00f3 provisional<\/span><\/div>\n<\/div>\n<div class=\"col content-col\">\n<div class=\"bloc-mobil\">\n<div class=\"descripcio\">\n<p>Un cop acabat el per\u00edode de presentaci\u00f3 de sol\u00b7licituds, els centres educatius estudien cadascuna de les peticions que han rebut: n&#8217;analitzen les dades, els criteris de prioritat que les fam\u00edlies demanen que es tinguin en compte, i tamb\u00e9 els documents justificatius. Tot seguit, publiquen la llista de sol\u00b7licituds amb els barems provisionals. En aquesta llista hi ha les sol\u00b7licituds ordenades alfab\u00e8ticament amb la puntuaci\u00f3 que ha rebut cada sol\u00b7licitud en aplicar-hi el barem. La publicaci\u00f3 de la llista tindr\u00e0 lloc a partir de les 14.00 hores<\/p>\n<\/div>\n<\/div>\n<\/div>\n<\/div>\n<\/li>\n<li class=\"list-item col-12\">\n<div class=\"list-item-wrapper\">\n<div class=\"col icon-col\">\n<div class=\"icon\"><span style=\"color: #339966;\"><img decoding=\"async\" src=\"https:\/\/preinscripcio.gencat.cat\/web\/.content\/icones\/campaneta-off.png_2044584825.png\" alt=\"\" \/> <span style=\"font-size: 1.6875em; font-weight: bold;\">7 de juliol del 2021: sorteig del n\u00famero de desempat<\/span><\/span><\/div>\n<\/div>\n<div class=\"col content-col\">\n<div class=\"bloc-mobil\">\n<div class=\"descripcio\">\n<p>El nombre de places a cada centre educatiu \u00e9s limitat. Si el nombre de peticions supera el d&#8217;alumnes que l&#8217;escola pot acollir, cal aplicar un sistema de desempat entre les sol\u00b7licituds que tenen la mateixa puntuaci\u00f3. Per fer-ho, s&#8217;obt\u00e9 un n\u00famero per sorteig a partir del qual s&#8217;ordenen totes les peticions empatades en punts, tenint en compte el n\u00famero de desempat que s&#8217;ha assignat a cada sol\u00b7licitud. El sorteig tindr\u00e0 lloc a les 11 hores, als serveis centrals del Departament d&#8217;Educaci\u00f3 (Via Augusta, 202, Barcelona).<\/p>\n<\/div>\n<\/div>\n<\/div>\n<\/div>\n<\/li>\n<li class=\"list-item col-12\">\n<div class=\"list-item-wrapper\">\n<div class=\"col icon-col\">\n<div class=\"icon\"><span style=\"color: #339966;\"><img decoding=\"async\" src=\"https:\/\/preinscripcio.gencat.cat\/web\/.content\/icones\/llapis-off.png_2044584825.png\" alt=\"\" \/> <span style=\"font-size: 1.6875em; font-weight: bold;\">Del 6 al 12 de juliol de 2021: presentaci\u00f3 de reclamacions<\/span><\/span><\/div>\n<\/div>\n<div class=\"col content-col\">\n<div class=\"bloc-mobil\">\n<div class=\"descripcio\">\n<p>Durant aquest per\u00edode, si detectes alguna errada o anomalia en el barem assignat, pots presentar una reclamaci\u00f3 utilitzant l&#8217;eina electr\u00f2nica per adjuntar reclamacions.<\/p>\n<\/div>\n<\/div>\n<\/div>\n<\/div>\n<\/li>\n<li class=\"list-item col-12\">\n<div class=\"list-item-wrapper\">\n<div class=\"col icon-col\">\n<div class=\"icon\"><span style=\"color: #339966;\"><img decoding=\"async\" src=\"https:\/\/preinscripcio.gencat.cat\/web\/.content\/icones\/consulta-revisa1-off.png_2044584825.png\" alt=\"\" \/> <span style=\"font-size: 1.6875em; font-weight: bold;\">13 de juliol de 2021: llista de sol\u00b7licituds amb la puntuaci\u00f3 un cop resoltes les reclamacions<\/span><\/span><\/div>\n<\/div>\n<div class=\"col content-col\">\n<div class=\"bloc-mobil\">\n<div class=\"descripcio\">\n<p>Un cop resoltes totes les reclamacions presentades, el centre publica la llista definitiva de sol\u00b7licituds amb la puntuaci\u00f3 i el n\u00famero de desempat corresponent.\u00a0La publicaci\u00f3 de la llista tindr\u00e0 lloc a partir de les 15 hores.<\/p>\n<\/div>\n<\/div>\n<\/div>\n<\/div>\n<\/li>\n<li class=\"list-item col-12\">\n<div class=\"list-item-wrapper\">\n<div class=\"col icon-col\">\n<div class=\"icon\"><span style=\"color: #339966;\"><img decoding=\"async\" src=\"https:\/\/preinscripcio.gencat.cat\/web\/.content\/icones\/consulta-revisa1-off.png_2044584825.png\" alt=\"\" \/> <span style=\"font-size: 1.6875em; font-weight: bold;\">15 de juliol de 2021: llista d&#8217;alumnes admesos i llista d&#8217;espera<\/span><\/span><\/div>\n<\/div>\n<div class=\"col content-col\">\n<div class=\"bloc-mobil\">\n<div class=\"descripcio\">\n<p>Finalment, es publica la llista d&#8217;alumnes admesos al centre i tamb\u00e9 la llista d&#8217;espera.<\/p>\n<\/div>\n<\/div>\n<\/div>\n<\/div>\n<\/li>\n<\/ul>\n<\/div>\n<\/div>\n<\/div>\n<\/div>\n<\/article>\n<\/section>\n<section class=\"padding-xs padding-sm padding-md colorSectionOdd\">\n<article class=\"container fullcontainer-xs\">\n<div class=\"row\">\n<div id=\"center_4R\">\n<div id=\"llista_12d80807-5c87-11eb-9783-005056924a59_12d80808-5c87-11eb-9783-005056924a59\" class=\"fpca_llista_enllacIcones formatter_body\">\n<div class=\"wrapper_llista_enllacIcones\">\n<h2 class=\"header2 pd-15 pd-30\"><span style=\"color: #ff9900;\">Formalitza la matriculaci\u00f3<\/span><\/h2>\n<ul class=\"list-row border-filet \">\n<li class=\"list-item col-12\">\n<div class=\"list-item-wrapper\">\n<div class=\"col icon-col\">\n<div class=\"icon\"><span style=\"color: #ff9900;\"><img decoding=\"async\" src=\"https:\/\/preinscripcio.gencat.cat\/web\/.content\/icones\/matricula-off.png_2044584825.png\" alt=\"\" \/> <span style=\"font-size: 1.6875em; font-weight: bold;\">Del 2 al 9 de setembre de 2021: matriculaci\u00f3<\/span><\/span><\/div>\n<\/div>\n<div class=\"col content-col\">\n<div class=\"bloc-mobil\">\n<div class=\"descripcio\">\n<p>Un cop s&#8217;ha publicat la llista final d&#8217;alumnes admesos en cada centre, comen\u00e7a el per\u00edode de matriculaci\u00f3 dels alumnes preinscrits amb pla\u00e7a assignada.<\/p>\n<\/div>\n<\/div>\n<\/div>\n<\/div>\n<\/li>\n<li class=\"list-item col-12\">\n<div class=\"list-item-wrapper\">\n<div class=\"col icon-col\">\n<div class=\"icon\"><span style=\"color: #ff9900;\"><img decoding=\"async\" src=\"https:\/\/preinscripcio.gencat.cat\/web\/.content\/icones\/matricula-off.png_2044584825.png\" alt=\"\" \/> <span style=\"font-size: 1.6875em; font-weight: bold;\">A partir del 10 de setembre de 2021: matr\u00edcula dels alumnes de la llista d&#8217;espera<\/span><\/span><\/div>\n<\/div>\n<div class=\"col content-col\">\n<div class=\"bloc-mobil\">\n<div class=\"descripcio\">\n<p>Per\u00edode de matriculaci\u00f3 dels alumnes en llista d&#8217;espera.<\/p>\n<\/div>\n<\/div>\n<\/div>\n<\/div>\n<\/li>\n<\/ul>\n<\/div>\n<\/div>\n<\/div>\n<\/div>\n<\/article>\n<\/section>\n<p>&nbsp;<\/p>\n","protected":false},"excerpt":{"rendered":"<p>&nbsp;<br \/>\nLa presentaci\u00f3 de sol\u00b7licituds per als ensenyaments impartits en centres de formaci\u00f3 d&#8217;adults \u00e9s del 21 al 29 de juny. Podeu consultar tota la informaci\u00f3\u00a0<a title=\"https:\/\/preinscripcio.gencat.cat\/ca\/estudis\/educacio-adults\/informat\/calendari\/\" href=\"https:\/\/preinscripcio.gencat.cat\/ca\/estudis\/educacio-adults\/informat\/calendari\/\" target=\"_blank\" rel=\"noopener noreferrer\" data-saferedirecturl=\"https:\/\/www.google.com\/url?q=https:\/\/preinscripcio.gencat.cat\/ca\/estudis\/educacio-adults\/informat\/calendari\/&amp;source=gmail&amp;ust=1623937752266000&amp;usg=AFQjCNEUVEB_iyAY0WGwE9-3bf4Fx_b8bQ\">aqu\u00ed<\/a>.\u00a0<\/p>\n<p><a href=\"https:\/\/projectes.xtec.cat\/xarxadults\/wp-content\/uploads\/usu1741\/2021\/06\/Captura-1.jpg\"><\/a><br \/>\n\u00a0<\/p>\n<p>Des del Servei d\u2019Educaci\u00f3 al Llarg de la Vida tornem a compartir amb vosaltres&hellip;  <a href=\"https:\/\/projectes.xtec.cat\/xarxadults\/xx\/preinscripcio-curs-2021-2022-als-cfa\/\" title=\"Read Preinscripci\u00f3 curs 2021-2022 als CFA\">Llegeix m\u00e9s\u00bb<\/a><\/p>\n","protected":false},"author":1,"featured_media":0,"comment_status":"open","ping_status":"closed","sticky":false,"template":"","format":"standard","meta":{"_bbp_topic_count":0,"_bbp_reply_count":0,"_bbp_total_topic_count":0,"_bbp_total_reply_count":0,"_bbp_voice_count":0,"_bbp_anonymous_reply_count":0,"_bbp_topic_count_hidden":0,"_bbp_reply_count_hidden":0,"_bbp_forum_subforum_count":0,"footnotes":""},"categories":[1,29],"tags":[],"class_list":["post-12765","post","type-post","status-publish","format-standard","hentry","category-xx","category-portada"],"post_mailing_queue_ids":[],"_links":{"self":[{"href":"https:\/\/projectes.xtec.cat\/xarxadults\/wp-json\/wp\/v2\/posts\/12765","targetHints":{"allow":["GET"]}}],"collection":[{"href":"https:\/\/projectes.xtec.cat\/xarxadults\/wp-json\/wp\/v2\/posts"}],"about":[{"href":"https:\/\/projectes.xtec.cat\/xarxadults\/wp-json\/wp\/v2\/types\/post"}],"author":[{"embeddable":true,"href":"https:\/\/projectes.xtec.cat\/xarxadults\/wp-json\/wp\/v2\/users\/1"}],"replies":[{"embeddable":true,"href":"https:\/\/projectes.xtec.cat\/xarxadults\/wp-json\/wp\/v2\/comments?post=12765"}],"version-history":[{"count":3,"href":"https:\/\/projectes.xtec.cat\/xarxadults\/wp-json\/wp\/v2\/posts\/12765\/revisions"}],"predecessor-version":[{"id":12809,"href":"https:\/\/projectes.xtec.cat\/xarxadults\/wp-json\/wp\/v2\/posts\/12765\/revisions\/12809"}],"wp:attachment":[{"href":"https:\/\/projectes.xtec.cat\/xarxadults\/wp-json\/wp\/v2\/media?parent=12765"}],"wp:term":[{"taxonomy":"category","embeddable":true,"href":"https:\/\/projectes.xtec.cat\/xarxadults\/wp-json\/wp\/v2\/categories?post=12765"},{"taxonomy":"post_tag","embeddable":true,"href":"https:\/\/projectes.xtec.cat\/xarxadults\/wp-json\/wp\/v2\/tags?post=12765"}],"curies":[{"name":"wp","href":"https:\/\/api.w.org\/{rel}","templated":true}]}}