{"id":12838,"date":"2021-06-28T19:15:23","date_gmt":"2021-06-28T17:15:23","guid":{"rendered":"http:\/\/projectes.xtec.cat\/xarxadults\/?p=12838"},"modified":"2021-06-28T19:15:23","modified_gmt":"2021-06-28T17:15:23","slug":"resolucio-de-centres%e2%80%8b-admesos-en-el-programa-dinnovacio-pedagogica-dacceleracio-de-la-transformacio-educativa-pacte-eines-per-al-canvi","status":"publish","type":"post","link":"https:\/\/projectes.xtec.cat\/xarxadults\/portada\/resolucio-de-centres%e2%80%8b-admesos-en-el-programa-dinnovacio-pedagogica-dacceleracio-de-la-transformacio-educativa-pacte-eines-per-al-canvi\/","title":{"rendered":"Resoluci\u00f3 de centres\u200b admesos en el Programa d&#8217;innovaci\u00f3 pedag\u00f2gica d&#8217;acceleraci\u00f3 de la transformaci\u00f3 educativa PAcTE \/ Eines per al canvi"},"content":{"rendered":"<p style=\"text-align: justify;\"><a href=\"https:\/\/projectes.xtec.cat\/xarxadults\/wp-content\/uploads\/usu1741\/2021\/03\/Captura-4.jpg\"><img loading=\"lazy\" decoding=\"async\" class=\"alignright wp-image-12503 \" src=\"https:\/\/projectes.xtec.cat\/xarxadults\/wp-content\/uploads\/usu1741\/2021\/03\/Captura-4.jpg\" alt=\"logo del programa d\u2019innovaci\u00f3 pedag\u00f2gica d'acceleraci\u00f3 de la transformaci\u00f3 educativa PAcTE \/ Eines per al canvi\" width=\"265\" height=\"232\" srcset=\"https:\/\/projectes.xtec.cat\/xarxadults\/wp-content\/uploads\/usu1741\/2021\/03\/Captura-4.jpg 406w, https:\/\/projectes.xtec.cat\/xarxadults\/wp-content\/uploads\/usu1741\/2021\/03\/Captura-4-300x263.jpg 300w\" sizes=\"auto, (max-width: 265px) 100vw, 265px\" \/><\/a><\/p>\n<p style=\"text-align: justify;\">En data de 23 de juny ha sortit publicada publicada al Portal de Centres la <strong>Resoluci\u00f3 per la qual s&#8217;aprova la llista definitiva de centres que seleccionats per participar al programa d\u2019innovaci\u00f3 pedag\u00f2gica d&#8217;acceleraci\u00f3 de la transformaci\u00f3 educativa PAcTE \/ Eines per al canvi<\/strong>. Podeu consultar-ho al <a href=\"https:\/\/projectes.xtec.cat\/xarxadults\/wp-content\/uploads\/usu1741\/2021\/06\/20210623_Llista_definitiva_PACTE.pdf\" target=\"_blank\" rel=\"noopener noreferrer\">document<\/a>.<\/p>\n<p style=\"text-align: justify;\">Els <strong>objectius<\/strong>\u00a0del <a href=\"https:\/\/projectes.xtec.cat\/xarxadults\/programes\/programa-dinnovacio-dacceleracio-de-la-transformacio-educativa-eines-per-al-canvi\/\" target=\"_blank\" rel=\"noopener noreferrer\"><strong><span style=\"color: #993300;\">Programa d\u2019acceleraci\u00f3 de la transformaci\u00f3 educativa<\/span><\/strong><\/a> s\u00f3n els seg\u00fcents:<\/p>\n<ul style=\"text-align: justify;\">\n<li>Incorporar com cultura de centre, procediments i estrat\u00e8gies reflexius que possibilitin la transici\u00f3 sistem\u00e0tica des dels models tradicionals d\u2019ensenyament-aprenentatge al model definit pel marc de refer\u00e8ncia de la transformaci\u00f3 educativa, i que condueix a reformular el perfil competencial dels docents i la seva capacitaci\u00f3 i formaci\u00f3.<\/li>\n<li>Actualitzar els projectes educatius dels centres per incloure m\u00faltiples metodologies de treball globalitzat, l\u2019avaluaci\u00f3 formativa i competencial, la redefinici\u00f3 del prop\u00f2sit institucional i de l\u2019organitzaci\u00f3 del centre, i la incorporaci\u00f3 de mesures universals d\u2019inclusi\u00f3 i equitat.<\/li>\n<li>Apoderar els centres educatius com a motor de canvi per aconseguir una ciutadania cr\u00edtica i solid\u00e0ria que vetlli per una conviv\u00e8ncia pac\u00edfica, responsable i conscient, capa\u00e7 d\u2019adaptar-se als reptes i a les aspiracions del segle XXI i de fomentar els valors i les compet\u00e8ncies adequades per aconseguir un creixement sostenible i inclusiu.<\/li>\n<\/ul>\n<div>\n<h2 id=\"m_-2285330658379532519gmail-h22\" style=\"text-align: justify;\"><\/h2>\n<\/div>\n","protected":false},"excerpt":{"rendered":"<p><a href=\"https:\/\/projectes.xtec.cat\/xarxadults\/wp-content\/uploads\/usu1741\/2021\/03\/Captura-4.jpg\"><\/a><br \/>\nEn data de 23 de juny ha sortit publicada publicada al Portal de Centres la Resoluci\u00f3 per la qual s&#8217;aprova la llista definitiva de centres que seleccionats per participar al programa d\u2019innovaci\u00f3 pedag\u00f2gica d&#8217;acceleraci\u00f3 de la transformaci\u00f3 educativa PAcTE \/ Eines per al canvi.&hellip;  <a href=\"https:\/\/projectes.xtec.cat\/xarxadults\/portada\/resolucio-de-centres%e2%80%8b-admesos-en-el-programa-dinnovacio-pedagogica-dacceleracio-de-la-transformacio-educativa-pacte-eines-per-al-canvi\/\" title=\"Read Resoluci\u00f3 de centres\u200b admesos en el Programa d&#8217;innovaci\u00f3 pedag\u00f2gica d&#8217;acceleraci\u00f3 de la transformaci\u00f3 educativa PAcTE \/ Eines per al canvi\">Llegeix m\u00e9s\u00bb<\/a><\/p>\n","protected":false},"author":1,"featured_media":0,"comment_status":"open","ping_status":"closed","sticky":false,"template":"","format":"standard","meta":{"_bbp_topic_count":0,"_bbp_reply_count":0,"_bbp_total_topic_count":0,"_bbp_total_reply_count":0,"_bbp_voice_count":0,"_bbp_anonymous_reply_count":0,"_bbp_topic_count_hidden":0,"_bbp_reply_count_hidden":0,"_bbp_forum_subforum_count":0,"footnotes":""},"categories":[317,29],"tags":[],"class_list":["post-12838","post","type-post","status-publish","format-standard","hentry","category-dinamitzacio","category-portada"],"post_mailing_queue_ids":[],"_links":{"self":[{"href":"https:\/\/projectes.xtec.cat\/xarxadults\/wp-json\/wp\/v2\/posts\/12838","targetHints":{"allow":["GET"]}}],"collection":[{"href":"https:\/\/projectes.xtec.cat\/xarxadults\/wp-json\/wp\/v2\/posts"}],"about":[{"href":"https:\/\/projectes.xtec.cat\/xarxadults\/wp-json\/wp\/v2\/types\/post"}],"author":[{"embeddable":true,"href":"https:\/\/projectes.xtec.cat\/xarxadults\/wp-json\/wp\/v2\/users\/1"}],"replies":[{"embeddable":true,"href":"https:\/\/projectes.xtec.cat\/xarxadults\/wp-json\/wp\/v2\/comments?post=12838"}],"version-history":[{"count":3,"href":"https:\/\/projectes.xtec.cat\/xarxadults\/wp-json\/wp\/v2\/posts\/12838\/revisions"}],"predecessor-version":[{"id":12842,"href":"https:\/\/projectes.xtec.cat\/xarxadults\/wp-json\/wp\/v2\/posts\/12838\/revisions\/12842"}],"wp:attachment":[{"href":"https:\/\/projectes.xtec.cat\/xarxadults\/wp-json\/wp\/v2\/media?parent=12838"}],"wp:term":[{"taxonomy":"category","embeddable":true,"href":"https:\/\/projectes.xtec.cat\/xarxadults\/wp-json\/wp\/v2\/categories?post=12838"},{"taxonomy":"post_tag","embeddable":true,"href":"https:\/\/projectes.xtec.cat\/xarxadults\/wp-json\/wp\/v2\/tags?post=12838"}],"curies":[{"name":"wp","href":"https:\/\/api.w.org\/{rel}","templated":true}]}}