{"id":12973,"date":"2021-09-17T12:42:45","date_gmt":"2021-09-17T10:42:45","guid":{"rendered":"https:\/\/projectes.xtec.cat\/xarxadults\/?p=12973"},"modified":"2022-06-02T18:18:11","modified_gmt":"2022-06-02T16:18:11","slug":"jornada-de-presentacio-del-projecte-discover-digital","status":"publish","type":"post","link":"https:\/\/projectes.xtec.cat\/xarxadults\/portada\/jornada-de-presentacio-del-projecte-discover-digital\/","title":{"rendered":"Jornada de presentaci\u00f3 del projecte DISCOVER DIGITAL"},"content":{"rendered":"<p style=\"text-align: left;\"><span style=\"color: #000000;\">Jornada de presentaci\u00f3 i difusi\u00f3 del\u00a0 projecte <a style=\"color: #000000;\" href=\"https:\/\/www.discoverdigital.eu\/\" target=\"_blank\" rel=\"noopener\" data-saferedirecturl=\"https:\/\/www.google.com\/url?q=https:\/\/www.discoverdigital.eu\/&amp;source=gmail&amp;ust=1631961240812000&amp;usg=AFQjCNE4aBtSL847d0Qc1k985UjchNRn_w\">DISCOVER DIGITAL<\/a>, que tindr\u00e0 lloc en format virtual el proper dijous <b>23 de setembre<\/b>. Aquest projecte\u00a0\u00a0t\u00e9 com a objectiu general &#8220;<i>proporcionar als formadors d&#8217;adults una formaci\u00f3 d\u2019alta qualitat sobre t\u00e8cniques d&#8217;ensenyament digital efectives, augmentar l\u2019\u00fas d\u2019eines d&#8217;aprenentatge digital en el seu treball diari i impulsar millores en la qualitat i els resultats dels seus programes d\u2019educaci\u00f3.<\/i>&#8220;<\/span><\/p>\n<p style=\"text-align: left;\"><span style=\"color: #000000;\"><a style=\"color: #000000;\" href=\"http:\/\/cfapalaudemar.cat\/wp-content\/uploads\/2021\/09\/programa.jpg\"><img loading=\"lazy\" decoding=\"async\" class=\"CToWUd a6T aligncenter\" tabindex=\"0\" src=\"https:\/\/mail.google.com\/mail\/u\/0?ui=2&amp;ik=49a7902015&amp;attid=0.1&amp;permmsgid=msg-a:r-2695537012284327008&amp;th=17bf351ca9b391ad&amp;view=fimg&amp;sz=s0-l75-ft&amp;attbid=ANGjdJ-yyqC5mNLQBlnbmMGYYAk8OAXwuA4Fm3l0YXUiXy3BgX0JIy0GgklCVVzIhiNK1UV3RCtLBq7L7o-PD9w2yslLo7R5aHtC3D7hAEnsvPxTGnp7-LKioTy9h0E&amp;disp=emb&amp;realattid=ii_kto7i4za0\" alt=\"\" width=\"470\" height=\"236\" data-image-whitelisted=\"\" \/><\/a><\/span><\/p>\n<p style=\"text-align: left;\"><span style=\"font-family: inherit; font-size: 1em; color: #000000;\">Al llarg de la jornada, adre\u00e7ada a formadors d&#8217;educaci\u00f3 d&#8217;adults de qualsevol modalitat (formal, no formal i informal) presentarem aquests materials i analitzarem les seves possibles aplicacions.<\/span><\/p>\n<div>\n<p style=\"text-align: left;\"><span style=\"color: #000000;\">La jornada, que es podr\u00e0 seguir en catal\u00e0 i\u00a0 en angl\u00e8s, es desenvolupar\u00e0 seguint el programa seg\u00fcent:<\/span><\/p>\n<p style=\"text-align: left;\"><span style=\"color: #000000;\">9:30 h. Presentaci\u00f3 de l&#8217;acte. Sra. Rosa Maria Falg\u00e0s. Presidenta d&#8217;ACEFIR<\/span><\/p>\n<p style=\"text-align: left;\"><span style=\"color: #000000;\">9:35 h. Pon\u00e8ncia. La Compet\u00e8ncia Digital Docent a la formaci\u00f3 de persones adultes. Dr. Marc Romero. Professor de l&#8217;\u00c0rea de Compet\u00e8ncies Digitals dels estudis de Psicologia i Ci\u00e8ncies de l&#8217;Educaci\u00f3 de la UOC de la Universitat Oberta de Catalunya (UOC)<\/span><\/p>\n<p style=\"text-align: left;\"><span style=\"color: #000000;\">10:15 h. Presentaci\u00f3 del projecte DISCOVER DIGITAL. Sr. Joan Padr\u00f3s. Col\u00b7laborador d&#8217;ACEFIR<\/span><\/p>\n<p style=\"text-align: left;\"><span style=\"color: #000000;\">10:45 h. Sessions de treball per grups.<\/span><\/p>\n<p style=\"text-align: left;\"><span style=\"color: #000000;\">11:15 h. Posada en com\u00fa de les aportacions dels grups de treball.<\/span><\/p>\n<p style=\"text-align: left;\"><span style=\"color: #000000;\">12:15 h. Tancament de la sessi\u00f3<\/span><\/p>\n<p style=\"text-align: left;\"><span style=\"color: #000000;\">Les places son limitades i us podeu inscriure mitjan\u00e7ant el formulari seg\u00fcent: <a style=\"color: #000000;\" href=\"https:\/\/docs.google.com\/forms\/d\/e\/1FAIpQLScPFcPdk5FlT4UXd3NfaWQx7xEcGECd0v3NE3xIdxp4zQyN4w\/viewform?usp=sf_link\" target=\"_blank\" rel=\"noopener\" data-saferedirecturl=\"https:\/\/www.google.com\/url?q=https:\/\/docs.google.com\/forms\/d\/e\/1FAIpQLScPFcPdk5FlT4UXd3NfaWQx7xEcGECd0v3NE3xIdxp4zQyN4w\/viewform?usp%3Dsf_link&amp;source=gmail&amp;ust=1631961240812000&amp;usg=AFQjCNEDxN4AEu4HRl5JilHusxWPkEk6GA\">Formulari d&#8217;inscripci\u00f3<\/a><\/span><\/p>\n<\/div>\n","protected":false},"excerpt":{"rendered":"<p>Jornada de presentaci\u00f3 i difusi\u00f3 del\u00a0 projecte <a style=\"color: #000000;\" href=\"https:\/\/www.discoverdigital.eu\/\" target=\"_blank\" rel=\"noopener\" data-saferedirecturl=\"https:\/\/www.google.com\/url?q=https:\/\/www.discoverdigital.eu\/&amp;source=gmail&amp;ust=1631961240812000&amp;usg=AFQjCNE4aBtSL847d0Qc1k985UjchNRn_w\">DISCOVER DIGITAL<\/a>, que tindr\u00e0 lloc en format virtual el proper dijous 23 de setembre. Aquest projecte\u00a0\u00a0t\u00e9 com a objectiu general &#8220;proporcionar als formadors d&#8217;adults una formaci\u00f3 d\u2019alta qualitat sobre t\u00e8cniques d&#8217;ensenyament digital&hellip;  <a href=\"https:\/\/projectes.xtec.cat\/xarxadults\/portada\/jornada-de-presentacio-del-projecte-discover-digital\/\" title=\"Read Jornada de presentaci\u00f3 del projecte DISCOVER DIGITAL\">Llegeix m\u00e9s\u00bb<\/a><\/p>\n","protected":false},"author":362,"featured_media":0,"comment_status":"open","ping_status":"closed","sticky":false,"template":"","format":"standard","meta":{"_bbp_topic_count":0,"_bbp_reply_count":0,"_bbp_total_topic_count":0,"_bbp_total_reply_count":0,"_bbp_voice_count":0,"_bbp_anonymous_reply_count":0,"_bbp_topic_count_hidden":0,"_bbp_reply_count_hidden":0,"_bbp_forum_subforum_count":0,"footnotes":""},"categories":[29,64],"tags":[],"class_list":["post-12973","post","type-post","status-publish","format-standard","hentry","category-portada","category-trobades"],"post_mailing_queue_ids":[],"_links":{"self":[{"href":"https:\/\/projectes.xtec.cat\/xarxadults\/wp-json\/wp\/v2\/posts\/12973","targetHints":{"allow":["GET"]}}],"collection":[{"href":"https:\/\/projectes.xtec.cat\/xarxadults\/wp-json\/wp\/v2\/posts"}],"about":[{"href":"https:\/\/projectes.xtec.cat\/xarxadults\/wp-json\/wp\/v2\/types\/post"}],"author":[{"embeddable":true,"href":"https:\/\/projectes.xtec.cat\/xarxadults\/wp-json\/wp\/v2\/users\/362"}],"replies":[{"embeddable":true,"href":"https:\/\/projectes.xtec.cat\/xarxadults\/wp-json\/wp\/v2\/comments?post=12973"}],"version-history":[{"count":3,"href":"https:\/\/projectes.xtec.cat\/xarxadults\/wp-json\/wp\/v2\/posts\/12973\/revisions"}],"predecessor-version":[{"id":13665,"href":"https:\/\/projectes.xtec.cat\/xarxadults\/wp-json\/wp\/v2\/posts\/12973\/revisions\/13665"}],"wp:attachment":[{"href":"https:\/\/projectes.xtec.cat\/xarxadults\/wp-json\/wp\/v2\/media?parent=12973"}],"wp:term":[{"taxonomy":"category","embeddable":true,"href":"https:\/\/projectes.xtec.cat\/xarxadults\/wp-json\/wp\/v2\/categories?post=12973"},{"taxonomy":"post_tag","embeddable":true,"href":"https:\/\/projectes.xtec.cat\/xarxadults\/wp-json\/wp\/v2\/tags?post=12973"}],"curies":[{"name":"wp","href":"https:\/\/api.w.org\/{rel}","templated":true}]}}