{"id":13761,"date":"2022-09-20T10:05:27","date_gmt":"2022-09-20T08:05:27","guid":{"rendered":"https:\/\/projectes.xtec.cat\/xarxadults\/?p=13761"},"modified":"2022-09-20T10:07:14","modified_gmt":"2022-09-20T08:07:14","slug":"estudi-sobre-la-distribucio-de-recursos-dels-centres-de-formacio-per-a-persones-adultes-cfa-de-titularitat-del-departament-deducacio","status":"publish","type":"post","link":"https:\/\/projectes.xtec.cat\/xarxadults\/portada\/estudi-sobre-la-distribucio-de-recursos-dels-centres-de-formacio-per-a-persones-adultes-cfa-de-titularitat-del-departament-deducacio\/","title":{"rendered":"Estudi sobre la distribuci\u00f3 de recursos dels Centres de Formaci\u00f3 per a Persones Adultes (CFA) de titularitat del Departament d&#8217;Educaci\u00f3"},"content":{"rendered":"<p>Des del Servei d&#8217;Educaci\u00f3 al Llarg de la Vida volem compartir amb vosaltres l&#8217;estudi elaborat per la\u00a0plataforma independent d\u2019experts en educaci\u00f3\u00a0Edbuilding, que porta per t\u00edtol <a href=\"https:\/\/drive.google.com\/file\/d\/1Men4inyspr-g6BHvN1gAa8hT1sEG_mJm\/view?usp=sharing\" target=\"_blank\" rel=\"noopener\"><strong>&#8220;Estudi sobre la distribuci\u00f3 de recursos dels Centres de Formaci\u00f3 per a Persones Adultes (CFA) de titularitat del Departament d&#8217;Educaci\u00f3&#8221;<\/strong><\/a>.<\/p>\n<p><span style=\"color: #000000;\"><span style=\"font-family: arial, sans-serif;\">Aquest estudi, encarregat per la Direcci\u00f3 General d&#8217;Innovaci\u00f3, Digitalitzaci\u00f3, Curr\u00edculum i Lleng\u00fces a l&#8217;octubre del 2021, pret\u00e9n\u00a0ser una diagnosi sobre la distribuci\u00f3 actual de CFAs\u00a0<\/span>arreu del territori catal\u00e0 per tal d&#8217;analitzar si aquest\u00a0repartiment \u00e9s equitatiu des d&#8217;un punt de vista territorial i tamb\u00e9 social .<\/span><\/p>\n<p>Infografia<\/p>\n<p><a href=\"https:\/\/drive.google.com\/file\/d\/1Mo2x4hLJcgK1gfAUHdgFKxnsjEiYRts2\/view?usp=sharing\" target=\"_blank\" rel=\"noopener\"><img loading=\"lazy\" decoding=\"async\" class=\" wp-image-13762 aligncenter\" src=\"https:\/\/projectes.xtec.cat\/xarxadults\/wp-content\/uploads\/usu1741\/2022\/09\/Infografia-CFAs_edbuilding_2022.jpg\" alt=\"\" width=\"499\" height=\"281\" srcset=\"https:\/\/projectes.xtec.cat\/xarxadults\/wp-content\/uploads\/usu1741\/2022\/09\/Infografia-CFAs_edbuilding_2022.jpg 675w, https:\/\/projectes.xtec.cat\/xarxadults\/wp-content\/uploads\/usu1741\/2022\/09\/Infografia-CFAs_edbuilding_2022-300x169.jpg 300w\" sizes=\"auto, (max-width: 499px) 100vw, 499px\" \/><\/a><\/p>\n","protected":false},"excerpt":{"rendered":"<p>Des del Servei d&#8217;Educaci\u00f3 al Llarg de la Vida volem compartir amb vosaltres l&#8217;estudi elaborat per la\u00a0plataforma independent d\u2019experts en educaci\u00f3\u00a0Edbuilding, que porta per t\u00edtol <a href=\"https:\/\/drive.google.com\/file\/d\/1Men4inyspr-g6BHvN1gAa8hT1sEG_mJm\/view?usp=sharing\" target=\"_blank\" rel=\"noopener\">&#8220;Estudi sobre la distribuci\u00f3 de recursos dels Centres de Formaci\u00f3 per a Persones Adultes (CFA) de titularitat&hellip;  <a href=\"https:\/\/projectes.xtec.cat\/xarxadults\/portada\/estudi-sobre-la-distribucio-de-recursos-dels-centres-de-formacio-per-a-persones-adultes-cfa-de-titularitat-del-departament-deducacio\/\" title=\"Read Estudi sobre la distribuci\u00f3 de recursos dels Centres de Formaci\u00f3 per a Persones Adultes (CFA) de titularitat del Departament d&#8217;Educaci\u00f3\">Llegeix m\u00e9s\u00bb<\/a><\/p>\n","protected":false},"author":361,"featured_media":13762,"comment_status":"closed","ping_status":"closed","sticky":false,"template":"","format":"standard","meta":{"_bbp_topic_count":0,"_bbp_reply_count":0,"_bbp_total_topic_count":0,"_bbp_total_reply_count":0,"_bbp_voice_count":0,"_bbp_anonymous_reply_count":0,"_bbp_topic_count_hidden":0,"_bbp_reply_count_hidden":0,"_bbp_forum_subforum_count":0,"footnotes":""},"categories":[29],"tags":[431,432,433],"class_list":["post-13761","post","type-post","status-publish","format-standard","has-post-thumbnail","hentry","category-portada","tag-estudi","tag-formacio-adults","tag-futur"],"post_mailing_queue_ids":[],"_links":{"self":[{"href":"https:\/\/projectes.xtec.cat\/xarxadults\/wp-json\/wp\/v2\/posts\/13761","targetHints":{"allow":["GET"]}}],"collection":[{"href":"https:\/\/projectes.xtec.cat\/xarxadults\/wp-json\/wp\/v2\/posts"}],"about":[{"href":"https:\/\/projectes.xtec.cat\/xarxadults\/wp-json\/wp\/v2\/types\/post"}],"author":[{"embeddable":true,"href":"https:\/\/projectes.xtec.cat\/xarxadults\/wp-json\/wp\/v2\/users\/361"}],"replies":[{"embeddable":true,"href":"https:\/\/projectes.xtec.cat\/xarxadults\/wp-json\/wp\/v2\/comments?post=13761"}],"version-history":[{"count":3,"href":"https:\/\/projectes.xtec.cat\/xarxadults\/wp-json\/wp\/v2\/posts\/13761\/revisions"}],"predecessor-version":[{"id":13766,"href":"https:\/\/projectes.xtec.cat\/xarxadults\/wp-json\/wp\/v2\/posts\/13761\/revisions\/13766"}],"wp:featuredmedia":[{"embeddable":true,"href":"https:\/\/projectes.xtec.cat\/xarxadults\/wp-json\/wp\/v2\/media\/13762"}],"wp:attachment":[{"href":"https:\/\/projectes.xtec.cat\/xarxadults\/wp-json\/wp\/v2\/media?parent=13761"}],"wp:term":[{"taxonomy":"category","embeddable":true,"href":"https:\/\/projectes.xtec.cat\/xarxadults\/wp-json\/wp\/v2\/categories?post=13761"},{"taxonomy":"post_tag","embeddable":true,"href":"https:\/\/projectes.xtec.cat\/xarxadults\/wp-json\/wp\/v2\/tags?post=13761"}],"curies":[{"name":"wp","href":"https:\/\/api.w.org\/{rel}","templated":true}]}}