{"id":13895,"date":"2022-12-01T10:33:13","date_gmt":"2022-12-01T09:33:13","guid":{"rendered":"https:\/\/projectes.xtec.cat\/xarxadults\/?p=13895"},"modified":"2022-12-01T11:21:37","modified_gmt":"2022-12-01T10:21:37","slug":"acces-i-admissio-a-la-universitat-per-mes-grans-de-25-45-i-40-anys-proves-dacces-a-la-universitat-preinscripcio-universitaria-2023","status":"publish","type":"post","link":"https:\/\/projectes.xtec.cat\/xarxadults\/xx\/acces-i-admissio-a-la-universitat-per-mes-grans-de-25-45-i-40-anys-proves-dacces-a-la-universitat-preinscripcio-universitaria-2023\/","title":{"rendered":"Acc\u00e9s i admissi\u00f3 a la universitat per m\u00e9s grans de 25, 45 i 40 anys\u00a0Proves d\u2019acc\u00e9s a la universitat Preinscripci\u00f3 universit\u00e0ria\u00a02023."},"content":{"rendered":"<p>El dia 30 de novembre es va fer la presentaci\u00f3\u00a0<em><a href=\"https:\/\/drive.google.com\/file\/d\/1sXUvTLIQ98xMNfILz5NPba88Cnsi8Gxn\/view?usp=share_link\" target=\"_blank\" rel=\"noopener\">Acc\u00e9s i admissi\u00f3 a la universitat per m\u00e9s grans de 25, 45 i 40 anys\u00a0Proves d\u2019acc\u00e9s a la universitat Preinscripci\u00f3 universit\u00e0ria\u00a02023<\/a><\/em>. La presentaci\u00f3 va estar a c\u00e0rrec de Dra. Pilar G\u00f3mez (coordinadora de proves d&#8217;acc\u00e9s a la universitat a Catalunya) i Sra. M\u00f2nica Garizuain (t\u00e8cnica d&#8217;acc\u00e9s de l&#8217;oficina d&#8217;acc\u00e9s a la universitat).<\/p>\n<p><a href=\"https:\/\/drive.google.com\/file\/d\/1sXUvTLIQ98xMNfILz5NPba88Cnsi8Gxn\/view?usp=share_link\" target=\"_blank\" rel=\"noopener\"><img loading=\"lazy\" decoding=\"async\" class=\"wp-image-13899 aligncenter\" src=\"https:\/\/projectes.xtec.cat\/xarxadults\/wp-content\/uploads\/usu1741\/2022\/12\/Presentacio-25-anys-1.jpg\" alt=\"\" width=\"329\" height=\"224\" \/><\/a><\/p>\n<p>Per tenir m\u00e9s informaci\u00f3 sobre la preparaci\u00f3 de les proves d&#8217;acc\u00e9s a universitat visita <a href=\"https:\/\/projectes.xtec.cat\/xarxadults\/ensenyaments\/preparacio-per-a-les-proves-dacces-i-cam\/preparacio-proves-acces-universitat\/\" target=\"_blank\" rel=\"noopener\">aquesta p\u00e0gina<\/a>.<\/p>\n","protected":false},"excerpt":{"rendered":"<p>El dia 30 de novembre es va fer la presentaci\u00f3\u00a0<a href=\"https:\/\/drive.google.com\/file\/d\/1sXUvTLIQ98xMNfILz5NPba88Cnsi8Gxn\/view?usp=share_link\" target=\"_blank\" rel=\"noopener\">Acc\u00e9s i admissi\u00f3 a la universitat per m\u00e9s grans de 25, 45 i 40 anys\u00a0Proves d\u2019acc\u00e9s a la universitat Preinscripci\u00f3 universit\u00e0ria\u00a02023<\/a>. La presentaci\u00f3 va estar a c\u00e0rrec de Dra. Pilar G\u00f3mez (coordinadora de&hellip;  <a href=\"https:\/\/projectes.xtec.cat\/xarxadults\/xx\/acces-i-admissio-a-la-universitat-per-mes-grans-de-25-45-i-40-anys-proves-dacces-a-la-universitat-preinscripcio-universitaria-2023\/\" title=\"Read Acc\u00e9s i admissi\u00f3 a la universitat per m\u00e9s grans de 25, 45 i 40 anys\u00a0Proves d\u2019acc\u00e9s a la universitat Preinscripci\u00f3 universit\u00e0ria\u00a02023.\">Llegeix m\u00e9s\u00bb<\/a><\/p>\n","protected":false},"author":361,"featured_media":13899,"comment_status":"closed","ping_status":"closed","sticky":false,"template":"","format":"standard","meta":{"_bbp_topic_count":0,"_bbp_reply_count":0,"_bbp_total_topic_count":0,"_bbp_total_reply_count":0,"_bbp_voice_count":0,"_bbp_anonymous_reply_count":0,"_bbp_topic_count_hidden":0,"_bbp_reply_count_hidden":0,"_bbp_forum_subforum_count":0,"footnotes":""},"categories":[1,29],"tags":[439,438,397],"class_list":["post-13895","post","type-post","status-publish","format-standard","has-post-thumbnail","hentry","category-xx","category-portada","tag-acces-a-universitat","tag-majors-25-anys","tag-proves-dacces"],"post_mailing_queue_ids":[],"_links":{"self":[{"href":"https:\/\/projectes.xtec.cat\/xarxadults\/wp-json\/wp\/v2\/posts\/13895","targetHints":{"allow":["GET"]}}],"collection":[{"href":"https:\/\/projectes.xtec.cat\/xarxadults\/wp-json\/wp\/v2\/posts"}],"about":[{"href":"https:\/\/projectes.xtec.cat\/xarxadults\/wp-json\/wp\/v2\/types\/post"}],"author":[{"embeddable":true,"href":"https:\/\/projectes.xtec.cat\/xarxadults\/wp-json\/wp\/v2\/users\/361"}],"replies":[{"embeddable":true,"href":"https:\/\/projectes.xtec.cat\/xarxadults\/wp-json\/wp\/v2\/comments?post=13895"}],"version-history":[{"count":3,"href":"https:\/\/projectes.xtec.cat\/xarxadults\/wp-json\/wp\/v2\/posts\/13895\/revisions"}],"predecessor-version":[{"id":13900,"href":"https:\/\/projectes.xtec.cat\/xarxadults\/wp-json\/wp\/v2\/posts\/13895\/revisions\/13900"}],"wp:featuredmedia":[{"embeddable":true,"href":"https:\/\/projectes.xtec.cat\/xarxadults\/wp-json\/wp\/v2\/media\/13899"}],"wp:attachment":[{"href":"https:\/\/projectes.xtec.cat\/xarxadults\/wp-json\/wp\/v2\/media?parent=13895"}],"wp:term":[{"taxonomy":"category","embeddable":true,"href":"https:\/\/projectes.xtec.cat\/xarxadults\/wp-json\/wp\/v2\/categories?post=13895"},{"taxonomy":"post_tag","embeddable":true,"href":"https:\/\/projectes.xtec.cat\/xarxadults\/wp-json\/wp\/v2\/tags?post=13895"}],"curies":[{"name":"wp","href":"https:\/\/api.w.org\/{rel}","templated":true}]}}