{"id":13910,"date":"2022-12-19T13:38:12","date_gmt":"2022-12-19T12:38:12","guid":{"rendered":"https:\/\/projectes.xtec.cat\/xarxadults\/?p=13910"},"modified":"2023-01-25T09:17:52","modified_gmt":"2023-01-25T08:17:52","slug":"formacio-docent-segon-torn-2022-2023","status":"publish","type":"post","link":"https:\/\/projectes.xtec.cat\/xarxadults\/portada\/formacio-docent-segon-torn-2022-2023\/","title":{"rendered":"FORMACI\u00d3 DOCENT: SEGON TORN 2022-2023"},"content":{"rendered":"<p>Ja us podem avan\u00e7ar el calendari i l&#8217;oferta de la formaci\u00f3 docent del segon torn del curs 2022-2023 que oferir\u00e0 el Servei d&#8217;Educaci\u00f3 al llarg de la Vida.<\/p>\n<p style=\"padding-left: 40px;\">Per\u00edode d&#8217;inscripci\u00f3: <span style=\"font-weight: 400;\">del 7 al 18 de gener 2023<\/span><\/p>\n<p style=\"padding-left: 40px;\">Consulta d&#8217;adjudicacions: <span style=\"font-weight: 400;\">30 de gener 2023<\/span><\/p>\n<p style=\"padding-left: 40px;\">Inici de les activitats: <span style=\"font-weight: 400;\">a partir del 6 de febrer 2023.<\/span><\/p>\n<p>Per fer la inscripci\u00f3 cal anar a la <a href=\"https:\/\/aplicacions.gestioeducativa.gencat.cat\/pls\/soloas\/pk_for_mod_ins.p_for_cons_activitats?p_tipus_act=ACOE,ALDA,AOEE,CDCL,COE,DIV,EGPC,FOE,OEE,PRRS,VTS2,VTS4&amp;p_totes=S&amp;p_inici=1&amp;p_excloure_crp_rec=F\" target=\"_blank\" rel=\"noopener\">p\u00e0gina de de les activitats formatives del SELV<\/a>.<\/p>\n<p><a href=\"https:\/\/aplicacions.gestioeducativa.gencat.cat\/pls\/soloas\/pk_for_mod_ins.p_for_cons_activitats?p_tipus_act=ACOE,ALDA,AOEE,CDCL,COE,DIV,EGPC,FOE,OEE,PRRS,VTS2,VTS4&amp;p_totes=S&amp;p_inici=1&amp;p_excloure_crp_rec=F\" target=\"_blank\" rel=\"noopener\"><img loading=\"lazy\" decoding=\"async\" class=\"wp-image-13912 aligncenter\" src=\"https:\/\/projectes.xtec.cat\/xarxadults\/wp-content\/uploads\/usu1741\/2022\/12\/Formacio2nTorn2223.jpg\" alt=\"\" width=\"443\" height=\"176\" srcset=\"https:\/\/projectes.xtec.cat\/xarxadults\/wp-content\/uploads\/usu1741\/2022\/12\/Formacio2nTorn2223.jpg 680w, https:\/\/projectes.xtec.cat\/xarxadults\/wp-content\/uploads\/usu1741\/2022\/12\/Formacio2nTorn2223-300x119.jpg 300w\" sizes=\"auto, (max-width: 443px) 100vw, 443px\" \/><\/a><\/p>\n<p>En el segon torn s&#8217;ofereixen aquestes activitats formatives:<\/p>\n<table style=\"width: 56.8149%; height: 48px;\" border=\"0\" width=\"675\" cellspacing=\"2\" cellpadding=\"0\">\n<tbody>\n<tr style=\"height: 48px;\">\n<td style=\"height: 48px; width: 12.7164%;\" valign=\"TOP\"><span style=\"font-family: arial, helvetica, geneva; font-size: small;\">9002170601<\/span><\/td>\n<td style=\"height: 48px; width: 102.077%;\" valign=\"TOP\"><span style=\"font-family: arial, helvetica, geneva; font-size: small;\"><b><a href=\"https:\/\/aplicacions.gestioeducativa.gencat.cat\/pls\/soloas\/pk_for_mod_ins.p_for_detall_activitat?p_header=Llista%20d%27activitats^pk_for_mod_ins.p_for_cons_activitats?p_tipus_act=ACOE,ALDA,AOEE,CDCL,COE,DIV,EGPC,FOE,OEE,PRRS,VTS2,VTS4%26p_totes=S%26p_inici=1%26p_excloure_crp_rec=F&amp;p_codi=9002170601&amp;p_curs=2022-2023&amp;p_excloure_crp_rec=F\" target=\"_blank\" rel=\"noopener\">Alfabetitzaci\u00f3 ling\u00fc\u00edstica i digital de l\u2019alumnat de Formaci\u00f3 Instrumental<\/a><\/b><\/span><\/td>\n<\/tr>\n<\/tbody>\n<\/table>\n<table style=\"width: 57.3232%;\" border=\"0\" width=\"675\" cellspacing=\"2\" cellpadding=\"0\">\n<tbody>\n<tr>\n<td style=\"width: 12.5969%;\" valign=\"TOP\"><span style=\"font-family: arial, helvetica, geneva; font-size: small;\">9002220601<\/span><\/td>\n<td style=\"width: 103.084%;\" valign=\"TOP\"><span style=\"font-family: arial, helvetica, geneva; font-size: small;\"><b><a href=\"https:\/\/aplicacions.gestioeducativa.gencat.cat\/pls\/soloas\/pk_for_mod_ins.p_for_detall_activitat?p_header=Llista%20d%27activitats^pk_for_mod_ins.p_for_cons_activitats?p_tipus_act=ACOE,ALDA,AOEE,CDCL,COE,DIV,EGPC,FOE,OEE,PRRS,VTS2,VTS4%26p_totes=S%26p_inici=1%26p_excloure_crp_rec=F&amp;p_codi=9002220601&amp;p_curs=2022-2023&amp;p_excloure_crp_rec=F\" target=\"_blank\" rel=\"noopener\">Enfocament globalitzat i programaci\u00f3 per compet\u00e8ncies al nou curr\u00edculum de formaci\u00f3 instrumental<\/a><\/b><\/span><\/td>\n<\/tr>\n<\/tbody>\n<\/table>\n","protected":false},"excerpt":{"rendered":"<p>Ja us podem avan\u00e7ar el calendari i l&#8217;oferta de la formaci\u00f3 docent del segon torn del curs 2022-2023 que oferir\u00e0 el Servei d&#8217;Educaci\u00f3 al llarg de la Vida.<br \/>\nPer\u00edode d&#8217;inscripci\u00f3: del 7 al 18 de gener 2023<br \/>\nConsulta d&#8217;adjudicacions: 30 de gener 2023<br \/>\nInici de les activitats: a&hellip;  <a href=\"https:\/\/projectes.xtec.cat\/xarxadults\/portada\/formacio-docent-segon-torn-2022-2023\/\" title=\"Read FORMACI\u00d3 DOCENT: SEGON TORN 2022-2023\">Llegeix m\u00e9s\u00bb<\/a><\/p>\n","protected":false},"author":361,"featured_media":13912,"comment_status":"closed","ping_status":"closed","sticky":false,"template":"","format":"standard","meta":{"_bbp_topic_count":0,"_bbp_reply_count":0,"_bbp_total_topic_count":0,"_bbp_total_reply_count":0,"_bbp_voice_count":0,"_bbp_anonymous_reply_count":0,"_bbp_topic_count_hidden":0,"_bbp_reply_count_hidden":0,"_bbp_forum_subforum_count":0,"footnotes":""},"categories":[29],"tags":[430],"class_list":["post-13910","post","type-post","status-publish","format-standard","has-post-thumbnail","hentry","category-portada","tag-formacio-docent"],"post_mailing_queue_ids":[],"_links":{"self":[{"href":"https:\/\/projectes.xtec.cat\/xarxadults\/wp-json\/wp\/v2\/posts\/13910","targetHints":{"allow":["GET"]}}],"collection":[{"href":"https:\/\/projectes.xtec.cat\/xarxadults\/wp-json\/wp\/v2\/posts"}],"about":[{"href":"https:\/\/projectes.xtec.cat\/xarxadults\/wp-json\/wp\/v2\/types\/post"}],"author":[{"embeddable":true,"href":"https:\/\/projectes.xtec.cat\/xarxadults\/wp-json\/wp\/v2\/users\/361"}],"replies":[{"embeddable":true,"href":"https:\/\/projectes.xtec.cat\/xarxadults\/wp-json\/wp\/v2\/comments?post=13910"}],"version-history":[{"count":3,"href":"https:\/\/projectes.xtec.cat\/xarxadults\/wp-json\/wp\/v2\/posts\/13910\/revisions"}],"predecessor-version":[{"id":13945,"href":"https:\/\/projectes.xtec.cat\/xarxadults\/wp-json\/wp\/v2\/posts\/13910\/revisions\/13945"}],"wp:featuredmedia":[{"embeddable":true,"href":"https:\/\/projectes.xtec.cat\/xarxadults\/wp-json\/wp\/v2\/media\/13912"}],"wp:attachment":[{"href":"https:\/\/projectes.xtec.cat\/xarxadults\/wp-json\/wp\/v2\/media?parent=13910"}],"wp:term":[{"taxonomy":"category","embeddable":true,"href":"https:\/\/projectes.xtec.cat\/xarxadults\/wp-json\/wp\/v2\/categories?post=13910"},{"taxonomy":"post_tag","embeddable":true,"href":"https:\/\/projectes.xtec.cat\/xarxadults\/wp-json\/wp\/v2\/tags?post=13910"}],"curies":[{"name":"wp","href":"https:\/\/api.w.org\/{rel}","templated":true}]}}