{"id":13926,"date":"2023-01-20T15:32:02","date_gmt":"2023-01-20T14:32:02","guid":{"rendered":"https:\/\/projectes.xtec.cat\/xarxadults\/?p=13926"},"modified":"2023-01-23T08:55:52","modified_gmt":"2023-01-23T07:55:52","slug":"cfa-morera-pomar-es-escola-verda","status":"publish","type":"post","link":"https:\/\/projectes.xtec.cat\/xarxadults\/portada\/cfa-morera-pomar-es-escola-verda\/","title":{"rendered":"CFA Morera Pomar \u00e9s Escola Verda"},"content":{"rendered":"<p>Ens complau informar-vos que el CFA Morera Pomar de Badalona, amb data de setembre de 2022, ha obtingut l&#8217;acreditaci\u00f3 d&#8217;Escola Verda,\u00a0 passant a formar part de la XESC (Xarxa d&#8217;Escoles per a la Sostenibilitat de Catalunya).<\/p>\n<p style=\"text-align: center;\"><a href=\"https:\/\/agora.xtec.cat\/cfamorerapomar\/general\/acreditacio-escola-verda\/\" target=\"_blank\" rel=\"noopener\"><img loading=\"lazy\" decoding=\"async\" class=\"alignnone size-full wp-image-13928\" src=\"https:\/\/projectes.xtec.cat\/xarxadults\/wp-content\/uploads\/usu1741\/2023\/01\/escola-verda.jpg\" alt=\"\" width=\"430\" height=\"364\" \/><\/a><\/p>\n<p>En <a href=\"https:\/\/agora.xtec.cat\/cfamorerapomar\/general\/acreditacio-escola-verda\/\" target=\"_blank\" rel=\"noopener\"><strong>aquest enlla\u00e7<\/strong><\/a> teniu tota la informaci\u00f3 sobre l&#8217;acte d&#8217;entrega del diploma al CFA Morera Pomar, que va ser lliurat per la\u00a0Consellera d\u2019Acci\u00f3 Clim\u00e0tica, Alimentaci\u00f3 i Agenda Rural,\u00a0la\u00a0Sra. Teresa Jord\u00e0 i Roura\u00a0i el Conseller d\u2019Educaci\u00f3,\u00a0el\u00a0Sr. Josep Gonz\u00e1lez Cambray.<\/p>\n","protected":false},"excerpt":{"rendered":"<p>Ens complau informar-vos que el CFA Morera Pomar de Badalona, amb data de setembre de 2022, ha obtingut l&#8217;acreditaci\u00f3 d&#8217;Escola Verda,\u00a0 passant a formar part de la XESC (Xarxa d&#8217;Escoles per a la Sostenibilitat de Catalunya).<br \/>\n<a href=\"https:\/\/agora.xtec.cat\/cfamorerapomar\/general\/acreditacio-escola-verda\/\" target=\"_blank\" rel=\"noopener\"><\/a><br \/>\nEn <a href=\"https:\/\/agora.xtec.cat\/cfamorerapomar\/general\/acreditacio-escola-verda\/\" target=\"_blank\" rel=\"noopener\">aquest enlla\u00e7<\/a> teniu&hellip;  <a href=\"https:\/\/projectes.xtec.cat\/xarxadults\/portada\/cfa-morera-pomar-es-escola-verda\/\" title=\"Read CFA Morera Pomar \u00e9s Escola Verda\">Llegeix m\u00e9s\u00bb<\/a><\/p>\n","protected":false},"author":361,"featured_media":13928,"comment_status":"closed","ping_status":"closed","sticky":false,"template":"","format":"standard","meta":{"_bbp_topic_count":0,"_bbp_reply_count":0,"_bbp_total_topic_count":0,"_bbp_total_reply_count":0,"_bbp_voice_count":0,"_bbp_anonymous_reply_count":0,"_bbp_topic_count_hidden":0,"_bbp_reply_count_hidden":0,"_bbp_forum_subforum_count":0,"footnotes":""},"categories":[29],"tags":[404,440],"class_list":["post-13926","post","type-post","status-publish","format-standard","has-post-thumbnail","hentry","category-portada","tag-activitats-cfa","tag-escola-verda"],"post_mailing_queue_ids":[],"_links":{"self":[{"href":"https:\/\/projectes.xtec.cat\/xarxadults\/wp-json\/wp\/v2\/posts\/13926","targetHints":{"allow":["GET"]}}],"collection":[{"href":"https:\/\/projectes.xtec.cat\/xarxadults\/wp-json\/wp\/v2\/posts"}],"about":[{"href":"https:\/\/projectes.xtec.cat\/xarxadults\/wp-json\/wp\/v2\/types\/post"}],"author":[{"embeddable":true,"href":"https:\/\/projectes.xtec.cat\/xarxadults\/wp-json\/wp\/v2\/users\/361"}],"replies":[{"embeddable":true,"href":"https:\/\/projectes.xtec.cat\/xarxadults\/wp-json\/wp\/v2\/comments?post=13926"}],"version-history":[{"count":3,"href":"https:\/\/projectes.xtec.cat\/xarxadults\/wp-json\/wp\/v2\/posts\/13926\/revisions"}],"predecessor-version":[{"id":13930,"href":"https:\/\/projectes.xtec.cat\/xarxadults\/wp-json\/wp\/v2\/posts\/13926\/revisions\/13930"}],"wp:featuredmedia":[{"embeddable":true,"href":"https:\/\/projectes.xtec.cat\/xarxadults\/wp-json\/wp\/v2\/media\/13928"}],"wp:attachment":[{"href":"https:\/\/projectes.xtec.cat\/xarxadults\/wp-json\/wp\/v2\/media?parent=13926"}],"wp:term":[{"taxonomy":"category","embeddable":true,"href":"https:\/\/projectes.xtec.cat\/xarxadults\/wp-json\/wp\/v2\/categories?post=13926"},{"taxonomy":"post_tag","embeddable":true,"href":"https:\/\/projectes.xtec.cat\/xarxadults\/wp-json\/wp\/v2\/tags?post=13926"}],"curies":[{"name":"wp","href":"https:\/\/api.w.org\/{rel}","templated":true}]}}