{"id":13931,"date":"2023-01-20T15:31:43","date_gmt":"2023-01-20T14:31:43","guid":{"rendered":"https:\/\/projectes.xtec.cat\/xarxadults\/?p=13931"},"modified":"2023-01-24T12:50:26","modified_gmt":"2023-01-24T11:50:26","slug":"presentacio-del-llibre-leducacio-de-persones-adultes-cinquanta-anys-de-lescola-de-can-serra","status":"publish","type":"post","link":"https:\/\/projectes.xtec.cat\/xarxadults\/portada\/presentacio-del-llibre-leducacio-de-persones-adultes-cinquanta-anys-de-lescola-de-can-serra\/","title":{"rendered":"Presentaci\u00f3 del llibre &#8220;L&#8217;Educaci\u00f3 de persones adultes. Cinquanta anys de l&#8217;escola de Can Serra&#8221;"},"content":{"rendered":"<p>L\u2019Escola d\u2019Adults de Can Serra ha celebrat els seus 50 anys. Fou, si no la primera, una de les primeres a Catalunya i un exemple de bona pr\u00e0ctica educativa a la ciutat, una iniciativa novedosa no sols pel que va suposar l\u2019ensenyament a persones adultes sin\u00f3 tamb\u00e9 pel m\u00e8tode que s\u2019hi va implantar tot seguint el mestratge de Paulo Freire.<br \/>\nAquesta commemoraci\u00f3 ha animat un projecte conjunt entre l\u2019Associaci\u00f3 Llegat Jaume Botey i Vall\u00e8s i el Centre d\u2019Estudis de l\u2019Hospitalet, per tal d\u2019aportar elements a la reflexi\u00f3 sobre els nous reptes que, cinquanta anys despr\u00e9s, la formaci\u00f3 de persones adultes ha d\u2019afrontar avui en la nostra societat, una realitat determinada pel nou fet migratori.<\/p>\n<p><a href=\"https:\/\/projectes.xtec.cat\/xarxadults\/wp-content\/uploads\/usu1741\/2023\/01\/Can-Serra-llibre.jpg\"><img loading=\"lazy\" decoding=\"async\" class=\"alignnone size-large wp-image-13934\" src=\"https:\/\/projectes.xtec.cat\/xarxadults\/wp-content\/uploads\/usu1741\/2023\/01\/Can-Serra-llibre-1024x349.jpg\" alt=\"\" width=\"1024\" height=\"349\" \/><\/a><\/p>\n<p>El llibre aporta alguns materials sobre aquesta tem\u00e0tica continguts en el fons Jaume Botey i M.Pilar Massana de l\u2019Arxiu Municipal de l\u2019Hospitalet i s\u2019inicia amb les consideracions que ell mateix va fer en una confer\u00e8ncia l\u2019any 2016. Enric Vilaplana hi reflexiona sobre els elements que defineixen la concepci\u00f3 pedag\u00f2gica d\u2019en Jaume Botey i en els diferents cap\u00edtols es dona veu a alguns dels protagonistes de la creaci\u00f3 de l\u2019escola de Can Serra, com Maria Pau Trayner i Enric Rold\u00e1n i tamb\u00e9 a Carme Mestres, que n\u2019ha estat la directora fins al darrer curs. Karla Montenegro i l\u2019equip de l\u2019Escola de Vida del barri de la Florida i Les Planes, hi expliquen la singularitat del seu projecte pedag\u00f2gic en un context de forta immigraci\u00f3 i condicions sociol\u00f2giques molt complexes. Finalment, Merc\u00e8 Chac\u00f3n introdueix el debat sobre el que hauria de ser l\u2019educaci\u00f3 d\u2019adults en les condicions i circumst\u00e0ncies de les persones preses.<br \/>\nEl text d\u2019Alfons Formariz, company i amic d\u2019en Jaume, repassa la hist\u00f2ria de les escoles de persones adultes a Catalunya des del final de la dictadura, l\u2019acci\u00f3 pol\u00edtica que aix\u00f2 implicava, les dificultats per la implantaci\u00f3 i com van anar perdent la capacitat creativa. \u00c9s des d\u2019aquesta perspectiva hist\u00f2rica que planteja l\u2019educaci\u00f3 com a fet col\u00b7lectiu, que s\u2019adapta permanentment a les realitats concretes i evidencia les contradiccions culturals i la consideraci\u00f3 que han de mer\u00e8ixer les cultures migrades, tot tenint molt present la naturalesa pol\u00edtica del fet educatiu, com ensenyava Paulo Freire.<\/p>\n","protected":false},"excerpt":{"rendered":"<p>L\u2019Escola d\u2019Adults de Can Serra ha celebrat els seus 50 anys. Fou, si no la primera, una de les primeres a Catalunya i un exemple de bona pr\u00e0ctica educativa a la ciutat, una iniciativa novedosa no sols pel que va suposar l\u2019ensenyament a persones adultes&hellip;  <a href=\"https:\/\/projectes.xtec.cat\/xarxadults\/portada\/presentacio-del-llibre-leducacio-de-persones-adultes-cinquanta-anys-de-lescola-de-can-serra\/\" title=\"Read Presentaci\u00f3 del llibre &#8220;L&#8217;Educaci\u00f3 de persones adultes. Cinquanta anys de l&#8217;escola de Can Serra&#8221;\">Llegeix m\u00e9s\u00bb<\/a><\/p>\n","protected":false},"author":361,"featured_media":13934,"comment_status":"closed","ping_status":"closed","sticky":false,"template":"","format":"standard","meta":{"_bbp_topic_count":0,"_bbp_reply_count":0,"_bbp_total_topic_count":0,"_bbp_total_reply_count":0,"_bbp_voice_count":0,"_bbp_anonymous_reply_count":0,"_bbp_topic_count_hidden":0,"_bbp_reply_count_hidden":0,"_bbp_forum_subforum_count":0,"footnotes":""},"categories":[29],"tags":[404],"class_list":["post-13931","post","type-post","status-publish","format-standard","has-post-thumbnail","hentry","category-portada","tag-activitats-cfa"],"post_mailing_queue_ids":[],"_links":{"self":[{"href":"https:\/\/projectes.xtec.cat\/xarxadults\/wp-json\/wp\/v2\/posts\/13931","targetHints":{"allow":["GET"]}}],"collection":[{"href":"https:\/\/projectes.xtec.cat\/xarxadults\/wp-json\/wp\/v2\/posts"}],"about":[{"href":"https:\/\/projectes.xtec.cat\/xarxadults\/wp-json\/wp\/v2\/types\/post"}],"author":[{"embeddable":true,"href":"https:\/\/projectes.xtec.cat\/xarxadults\/wp-json\/wp\/v2\/users\/361"}],"replies":[{"embeddable":true,"href":"https:\/\/projectes.xtec.cat\/xarxadults\/wp-json\/wp\/v2\/comments?post=13931"}],"version-history":[{"count":3,"href":"https:\/\/projectes.xtec.cat\/xarxadults\/wp-json\/wp\/v2\/posts\/13931\/revisions"}],"predecessor-version":[{"id":13944,"href":"https:\/\/projectes.xtec.cat\/xarxadults\/wp-json\/wp\/v2\/posts\/13931\/revisions\/13944"}],"wp:featuredmedia":[{"embeddable":true,"href":"https:\/\/projectes.xtec.cat\/xarxadults\/wp-json\/wp\/v2\/media\/13934"}],"wp:attachment":[{"href":"https:\/\/projectes.xtec.cat\/xarxadults\/wp-json\/wp\/v2\/media?parent=13931"}],"wp:term":[{"taxonomy":"category","embeddable":true,"href":"https:\/\/projectes.xtec.cat\/xarxadults\/wp-json\/wp\/v2\/categories?post=13931"},{"taxonomy":"post_tag","embeddable":true,"href":"https:\/\/projectes.xtec.cat\/xarxadults\/wp-json\/wp\/v2\/tags?post=13931"}],"curies":[{"name":"wp","href":"https:\/\/api.w.org\/{rel}","templated":true}]}}