{"id":13974,"date":"2023-03-08T09:40:28","date_gmt":"2023-03-08T08:40:28","guid":{"rendered":"https:\/\/projectes.xtec.cat\/xarxadults\/?p=13974"},"modified":"2023-03-08T09:41:00","modified_gmt":"2023-03-08T08:41:00","slug":"preinscripcio-i-matricula-per-al-curs-2023-2024-educacio-de-persones-adultes","status":"publish","type":"post","link":"https:\/\/projectes.xtec.cat\/xarxadults\/portada\/preinscripcio-i-matricula-per-al-curs-2023-2024-educacio-de-persones-adultes\/","title":{"rendered":"Preinscripci\u00f3 i matr\u00edcula per al curs 2023-2024: Educaci\u00f3 de persones adultes"},"content":{"rendered":"<p>Ja han sortit les dates de la preinscripci\u00f3 i matr\u00edcula per al curs 2023-2024. Les dates clau de la preinscripci\u00f3 i matr\u00edcula en l&#8217;<strong>educaci\u00f3 de persones adultes<\/strong> les podeu veure en aquesta imatge:<\/p>\n<p><a href=\"https:\/\/preinscripcio.gencat.cat\/ca\/estudis\/educacio-adults\/inici\/\" target=\"_blank\" rel=\"noopener\"><img loading=\"lazy\" decoding=\"async\" class=\" wp-image-13975 aligncenter\" src=\"https:\/\/projectes.xtec.cat\/xarxadults\/wp-content\/uploads\/usu1741\/2023\/03\/preinscripcio-adults-23-24.png\" alt=\"\" width=\"777\" height=\"437\" \/><\/a><\/p>\n<p>Per tenir m\u00e9s informaci\u00f3 sobre la preinscripci\u00f3 i matr\u00edcula del curs 2023-2024 podeu anar a aquest enlla\u00e7: <a href=\"https:\/\/preinscripcio.gencat.cat\/ca\/estudis\/educacio-adults\/inici\/\" target=\"_blank\" rel=\"noopener\">https:\/\/preinscripcio.gencat.cat\/ca\/estudis\/educacio-adults\/inici\/<\/a><\/p>\n","protected":false},"excerpt":{"rendered":"<p>Ja han sortit les dates de la preinscripci\u00f3 i matr\u00edcula per al curs 2023-2024. Les dates clau de la preinscripci\u00f3 i matr\u00edcula en l&#8217;educaci\u00f3 de persones adultes les podeu veure en aquesta imatge:<br \/>\n<a href=\"https:\/\/preinscripcio.gencat.cat\/ca\/estudis\/educacio-adults\/inici\/\" target=\"_blank\" rel=\"noopener\"><\/a><br \/>\nPer tenir m\u00e9s informaci\u00f3 sobre la preinscripci\u00f3 i matr\u00edcula del&hellip;  <a href=\"https:\/\/projectes.xtec.cat\/xarxadults\/portada\/preinscripcio-i-matricula-per-al-curs-2023-2024-educacio-de-persones-adultes\/\" title=\"Read Preinscripci\u00f3 i matr\u00edcula per al curs 2023-2024: Educaci\u00f3 de persones adultes\">Llegeix m\u00e9s\u00bb<\/a><\/p>\n","protected":false},"author":361,"featured_media":13975,"comment_status":"closed","ping_status":"closed","sticky":false,"template":"","format":"standard","meta":{"_bbp_topic_count":0,"_bbp_reply_count":0,"_bbp_total_topic_count":0,"_bbp_total_reply_count":0,"_bbp_voice_count":0,"_bbp_anonymous_reply_count":0,"_bbp_topic_count_hidden":0,"_bbp_reply_count_hidden":0,"_bbp_forum_subforum_count":0,"footnotes":""},"categories":[388,29],"tags":[361,445,444],"class_list":["post-13974","post","type-post","status-publish","format-standard","has-post-thumbnail","hentry","category-orientacio","category-portada","tag-educacio-al-llarg-de-la-vida","tag-matricula","tag-preinscripcio"],"post_mailing_queue_ids":[],"_links":{"self":[{"href":"https:\/\/projectes.xtec.cat\/xarxadults\/wp-json\/wp\/v2\/posts\/13974","targetHints":{"allow":["GET"]}}],"collection":[{"href":"https:\/\/projectes.xtec.cat\/xarxadults\/wp-json\/wp\/v2\/posts"}],"about":[{"href":"https:\/\/projectes.xtec.cat\/xarxadults\/wp-json\/wp\/v2\/types\/post"}],"author":[{"embeddable":true,"href":"https:\/\/projectes.xtec.cat\/xarxadults\/wp-json\/wp\/v2\/users\/361"}],"replies":[{"embeddable":true,"href":"https:\/\/projectes.xtec.cat\/xarxadults\/wp-json\/wp\/v2\/comments?post=13974"}],"version-history":[{"count":3,"href":"https:\/\/projectes.xtec.cat\/xarxadults\/wp-json\/wp\/v2\/posts\/13974\/revisions"}],"predecessor-version":[{"id":13980,"href":"https:\/\/projectes.xtec.cat\/xarxadults\/wp-json\/wp\/v2\/posts\/13974\/revisions\/13980"}],"wp:featuredmedia":[{"embeddable":true,"href":"https:\/\/projectes.xtec.cat\/xarxadults\/wp-json\/wp\/v2\/media\/13975"}],"wp:attachment":[{"href":"https:\/\/projectes.xtec.cat\/xarxadults\/wp-json\/wp\/v2\/media?parent=13974"}],"wp:term":[{"taxonomy":"category","embeddable":true,"href":"https:\/\/projectes.xtec.cat\/xarxadults\/wp-json\/wp\/v2\/categories?post=13974"},{"taxonomy":"post_tag","embeddable":true,"href":"https:\/\/projectes.xtec.cat\/xarxadults\/wp-json\/wp\/v2\/tags?post=13974"}],"curies":[{"name":"wp","href":"https:\/\/api.w.org\/{rel}","templated":true}]}}